{"id":28607,"date":"2021-12-13T08:29:01","date_gmt":"2021-12-13T08:29:01","guid":{"rendered":"http:\/\/archivum.eloszekelyfold.ro\/2021\/12\/13\/idoutazas-fenykepek-altal\/"},"modified":"2021-12-13T08:29:01","modified_gmt":"2021-12-13T08:29:01","slug":"idoutazas-fenykepek-altal","status":"publish","type":"post","link":"https:\/\/archivum.eloszekelyfold.ro\/index.php\/2021\/12\/13\/idoutazas-fenykepek-altal\/","title":{"rendered":"Id\u0151utaz\u00e1s f\u00e9nyk\u00e9pek \u00e1ltal"},"content":{"rendered":"<p><\/p>\n<div style=\"color:#666666; font-family:inherit; font-size:14px;font-style: normal;text-align:left;line-height:24px;\">\n<div style=\"float:left\"><img decoding=\"async\" src=\"http:\/\/archivum.eloszekelyfold.ro\/wp-content\/uploads\/2021\/12\/436_kovats_unoka.jpg\" alt=\" Id\u0151utaz\u00e1s f\u00e9nyk\u00e9pek \u00e1ltal\" style=\"padding-right:14px; padding-bottom:6px; padding-top:6px;\" width=\"320px\"><\/div>\n<div>A Kov\u00e1ts Istv\u00e1n Fot\u00f3arch\u00edvum Egyes\u00fclet Id\u0151utaz\u00e1s a fotogr\u00e1fi\u00e1kban c\u00edmmel szervez ki\u00e1ll\u00edt\u00e1st a f\u00e9nyk\u00e9peszet udvar\u00e1n,\u00a0Sz\u00e9kelyudvarhelyen,a Kossuth Lajos utca 24. sz\u00e1m alatt. Ugyanakkor sor ker\u00fcl a Virtu\u00e1lis ki\u00e1ll\u00edt\u00e1s megnyit\u00f3j\u00e1ra,\u00a0bemutat\u00f3j\u00e1ra \u00e9s a Sz\u00e9kelyf\u00f6ld n\u00e9pviseletben c\u00edm\u0171 program ismertet\u00e9s\u00e9re is.\u00a0<\/div>\n<div>\u00a0<\/div>\n<div>A Kov\u00e1ts F\u00e9nyk\u00e9p\u00e9szet udvar\u00e1n elkezdett t\u00e1rlat \u00fajabb felv\u00e9telekkel gyarapodik. Bemutat\u00e1sra ker\u00fclnek a f\u00e9nyk\u00e9sz-t\u00e1borban k\u00e9sz\u00fclt fekete-feh\u00e9r felv\u00e9telek, amelyeket gyermekek k\u00e9sz\u00edtettek azzal az utaz\u00f3-kamer\u00e1val, amelyet n\u00e9hai\u00a0Kov\u00e1ts Istv\u00e1n is haszn\u00e1lt.\u00a0<\/div>\n<div>\u00a0<\/div>\n<div style=\"text-align: left;\">A virtu\u00e1lis t\u00e1rlat egy reprezentat\u00edv v\u00e1logat\u00e1s abb\u00f3l a mintegy 80 000 felv\u00e9tel legjav\u00e1t\u00f3l, amelyet n\u00e9gy nemzed\u00e9ken\u00a0\u00e1t k\u00e9sz\u00edtettek a Kov\u00e1ts-csal\u00e1d f\u00e9nyk\u00e9p\u00e9szettel foglalkoz\u00f3 tagjai.\u00a0<\/div>\n<div style=\"text-align: center;\">\n<img loading=\"lazy\" decoding=\"async\" src=\"http:\/\/archivum.eloszekelyfold.ro\/wp-content\/uploads\/2021\/12\/Kovats_Lovete_1943.jpg\" width=\"650\" height=\"417\" alt=\"\"><\/div>\n<div style=\"text-align: center;\">L\u00f6v\u00e9te k\u00f6zpontj\u00e1ban &#8211; Kov\u00e1ts Istv\u00e1n felv\u00e9tele (1943)<br \/>\n\u00a0<\/div>\n<div>Az egyes\u00fclet &#8211; a dokument\u00e1l\u00e1son \u00e9s konzerv\u00e1l\u00e1son t\u00fal &#8211; a legmodernebb \u00e9s a hagyom\u00e1nyos eszk\u00f6z\u00f6kkel lehet\u0151s\u00e9get\u00a0teremt a sz\u00e9kelyf\u00f6ldi n\u00e9pviselet \u00e9s a n\u00e9phagyom\u00e1nyok \u0151rz\u00e9s\u00e9s\u00e9re \u00e9s n\u00e9pszer\u0171s\u00edt\u00e9s\u00e9re is. <\/p>\n<p>E k\u00e9t ut\u00f3bbi programot ifj. Kov\u00e1ts\u00a0\u00c1rp\u00e1d fotogr\u00e1fus ismerteti h\u00e9tf\u0151n, a 2016. augusztus 29-\u00e9n, 18.00 \u00f3rakor kezd\u0151d\u0151 ki\u00e1ll\u00edt\u00e1smegnyit\u00f3n.<\/p><\/div>\n<div style=\"text-align: center;\"><img loading=\"lazy\" decoding=\"async\" src=\"http:\/\/archivum.eloszekelyfold.ro\/wp-content\/uploads\/2021\/12\/kovats1magyar(1).jpg\" width=\"350\" height=\"140\" alt=\"\"><\/div>\n<div>\u00a0<\/div>\n<div><em>A bel\u00e9p\u00e9s ingyenes.\u00a0<\/em><\/div>\n<div><em>Minden \u00e9rdekl\u0151d\u0151t sok szeretettel v\u00e1rnak!<\/p>\n<p>C\u00ednk\u00e9p\u00fcnk\u00f6n: id. Kov\u00e1ts \u00c1rp\u00e1d unok\u00e1j\u00e1t f\u00e9nyk\u00e9pezi a m\u00e1sf\u00e9lsz\u00e1z \u00e9ves f\u00e9nym\u0171teremben.<\/em><\/div>\n<div>\u00a0<\/div>\n<div><em>Sim\u00f3 M\u00e1rton\/ \u00c9l\u0151 Sz\u00e9kelyf\u00f6ld Munkacsoport\u00a0<\/em><\/div>\n<\/p><\/div>\n","protected":false},"excerpt":{"rendered":"<p>A Kov\u00e1ts Istv\u00e1n Fot\u00f3arch\u00edvum Egyes\u00fclet Id\u0151utaz\u00e1s a fotogr\u00e1fi\u00e1kban c\u00edmmel szervez ki\u00e1ll\u00edt\u00e1st a f\u00e9nyk\u00e9peszet udvar\u00e1n,\u00a0Sz\u00e9kelyudvarhelyen,a Kossuth Lajos utca 24. sz\u00e1m alatt. Ugyanakkor sor ker\u00fcl a Virtu\u00e1lis ki\u00e1ll\u00edt\u00e1s megnyit\u00f3j\u00e1ra,\u00a0bemutat\u00f3j\u00e1ra \u00e9s a Sz\u00e9kelyf\u00f6ld n\u00e9pviseletben c\u00edm\u0171 program ismertet\u00e9s\u00e9re is.\u00a0 \u00a0 A Kov\u00e1ts F\u00e9nyk\u00e9p\u00e9szet udvar\u00e1n elkezdett t\u00e1rlat \u00fajabb felv\u00e9telekkel gyarapodik. Bemutat\u00e1sra ker\u00fclnek a f\u00e9nyk\u00e9sz-t\u00e1borban k\u00e9sz\u00fclt fekete-feh\u00e9r felv\u00e9telek, amelyeket gyermekek k\u00e9sz\u00edtettek [&hellip;]<\/p>\n","protected":false},"author":1,"featured_media":28608,"comment_status":"open","ping_status":"open","sticky":false,"template":"","format":"standard","meta":{"footnotes":""},"categories":[],"tags":[],"class_list":["post-28607","post","type-post","status-publish","format-standard","has-post-thumbnail","hentry"],"_links":{"self":[{"href":"https:\/\/archivum.eloszekelyfold.ro\/index.php\/wp-json\/wp\/v2\/posts\/28607","targetHints":{"allow":["GET"]}}],"collection":[{"href":"https:\/\/archivum.eloszekelyfold.ro\/index.php\/wp-json\/wp\/v2\/posts"}],"about":[{"href":"https:\/\/archivum.eloszekelyfold.ro\/index.php\/wp-json\/wp\/v2\/types\/post"}],"author":[{"embeddable":true,"href":"https:\/\/archivum.eloszekelyfold.ro\/index.php\/wp-json\/wp\/v2\/users\/1"}],"replies":[{"embeddable":true,"href":"https:\/\/archivum.eloszekelyfold.ro\/index.php\/wp-json\/wp\/v2\/comments?post=28607"}],"version-history":[{"count":0,"href":"https:\/\/archivum.eloszekelyfold.ro\/index.php\/wp-json\/wp\/v2\/posts\/28607\/revisions"}],"wp:featuredmedia":[{"embeddable":true,"href":"https:\/\/archivum.eloszekelyfold.ro\/index.php\/wp-json\/wp\/v2\/media\/28608"}],"wp:attachment":[{"href":"https:\/\/archivum.eloszekelyfold.ro\/index.php\/wp-json\/wp\/v2\/media?parent=28607"}],"wp:term":[{"taxonomy":"category","embeddable":true,"href":"https:\/\/archivum.eloszekelyfold.ro\/index.php\/wp-json\/wp\/v2\/categories?post=28607"},{"taxonomy":"post_tag","embeddable":true,"href":"https:\/\/archivum.eloszekelyfold.ro\/index.php\/wp-json\/wp\/v2\/tags?post=28607"}],"curies":[{"name":"wp","href":"https:\/\/api.w.org\/{rel}","templated":true}]}}