{"id":28453,"date":"2021-12-13T05:48:40","date_gmt":"2021-12-13T05:48:40","guid":{"rendered":"http:\/\/archivum.eloszekelyfold.ro\/2021\/12\/13\/sebestyen-jozsef-eloadasa-sepsiszentgyorgyon\/"},"modified":"2021-12-13T05:48:40","modified_gmt":"2021-12-13T05:48:40","slug":"sebestyen-jozsef-eloadasa-sepsiszentgyorgyon","status":"publish","type":"post","link":"https:\/\/archivum.eloszekelyfold.ro\/index.php\/2021\/12\/13\/sebestyen-jozsef-eloadasa-sepsiszentgyorgyon\/","title":{"rendered":"Sebesty\u00e9n J\u00f3zsef el\u0151ad\u00e1sa Sepsiszentgy\u00f6rgy\u00f6n"},"content":{"rendered":"<p><\/p>\n<div style=\"color:#666666; font-family:inherit; font-size:14px;font-style: normal;text-align:left;line-height:24px;\">\n<div style=\"float:left\"><img decoding=\"async\" src=\"http:\/\/archivum.eloszekelyfold.ro\/wp-content\/uploads\/2021\/12\/518_sebe_joska.jpg\" alt=\"Sebesty\u00e9n J\u00f3zsef el\u0151ad\u00e1sa Sepsiszentgy\u00f6rgy\u00f6n\" style=\"padding-right:14px; padding-bottom:6px; padding-top:6px;\" width=\"320px\"><\/div>\n<p>                              \u00c9p\u00edtett \u00f6r\u00f6ks\u00e9g\u00fcnk, \u00e9s fennmarad\u00e1sunk t\u00e9rben \u00e9s id\u0151ben c\u00edmmel tart el\u0151ad\u00e1st Sebesty\u00e9n J\u00f3zsef \u00e9p\u00edt\u00e9sz a sepsiszentgy\u00f6rgyi Sz\u00e9kely Nemzeti M\u00fazeum Bart\u00f3k Term\u00e9ben 2016. okt\u00f3ber 18-\u00e1n, 18.00 \u00f3r\u00e1t\u00f3l. H\u00e1zigazda: J\u00e1n\u00f3 Mih\u00e1ly m\u0171v\u00e9szett\u00f6rt\u00e9n\u00e9sz.<\/p>\n<p>Sebesty\u00e9n J\u00f3zsef Budapesten \u00e9l\u0151 \u00e9p\u00edt\u00e9sz, nyugalmazott m\u0171eml\u00e9kv\u00e9delmi szakember, fotogr\u00e1fus, aki t\u00e1gabban \u00e9rtelmezett haz\u00e1j\u00e1t &#8211; a K\u00e1rp\u00e1t-medenc\u00e9t &#8211; \u00e9s Eur\u00f3p\u00e1t a maga egys\u00e9g\u00e9ben \u00e9s t\u00f6rt\u00e9netis\u00e9g\u00e9ben \u00e9rti, \u00e9rzi, l\u00e1tja \u00e9s l\u00e1ttatja. <\/p>\n<p>Az \u00e9p\u00edt\u00e9szt Sepsiszentgy\u00f6rgyh\u00f6z er\u0151s \u00e9rzelmi \u00e9s csal\u00e1di sz\u00e1lak f\u0171zik. Hossz\u00fa \u00e9vtizedek \u00f3ta vesz r\u00e9szt a v\u00e1ros k\u00f6zm\u0171vel\u0151d\u00e9si \u00e9let\u00e9ben, s igyekszik bemutatni \u00e9s \u0151rizni annak \u00e9p\u00edt\u00e9szeti eml\u00e9keit, illetve cselekszik az\u00e9rt, hogy Sepsiszentgy\u00f6rgy meg\u0151rizze hagyom\u00e1nyos v\u00e1rosk\u00e9p\u00e9nek karakteres elemeit.<\/p>\n<p>Mindig nagy \u00e9lm\u00e9nyt jelent a neves \u00e9p\u00edt\u00e9sszel val\u00f3 tal\u00e1lkoz\u00e1s.<\/p>\n<p>A bel\u00e9p\u00e9s ingyenes.\u00a0<\/p>\n<p>Minden \u00e9rdekl\u0151d\u0151t sok szeretettel v\u00e1rnak!<\/p>\n<p><\/p>\n<div style=\"text-align: center;\"><span style=\"font-family: Arial, Helvetica, sans-serif; font-size: 13.3333px; line-height: 18.6667px;\"><img loading=\"lazy\" decoding=\"async\" src=\"http:\/\/archivum.eloszekelyfold.ro\/wp-content\/uploads\/2021\/12\/szmn(1).jpg\" width=\"100\" height=\"56\" alt=\"\"><br \/>\nSepsiszentgy\u00f6rgy<\/span><br style=\"font-family: Arial, Helvetica, sans-serif; font-size: 13.3333px; line-height: 18.6667px; padding: 0px; margin: 0px;\"><br \/>\n<span style=\"font-family: Arial, Helvetica, sans-serif; font-size: 13.3333px; line-height: 18.6667px;\">K\u00f3s K\u00e1roly utca 10.<br \/>\n<\/span>Telefon: (+4)-0267-312442<br \/>\n<a href=\"http:\/\/www.sznm.ro\/\"><span style=\"color: rgb(255, 0, 0);\"><strong>www.sznm.ro<\/strong><\/span><\/a><\/div>\n<\/p><\/div>\n","protected":false},"excerpt":{"rendered":"<p>\u00c9p\u00edtett \u00f6r\u00f6ks\u00e9g\u00fcnk, \u00e9s fennmarad\u00e1sunk t\u00e9rben \u00e9s id\u0151ben c\u00edmmel tart el\u0151ad\u00e1st Sebesty\u00e9n J\u00f3zsef \u00e9p\u00edt\u00e9sz a sepsiszentgy\u00f6rgyi Sz\u00e9kely Nemzeti M\u00fazeum Bart\u00f3k Term\u00e9ben 2016. okt\u00f3ber 18-\u00e1n, 18.00 \u00f3r\u00e1t\u00f3l. H\u00e1zigazda: J\u00e1n\u00f3 Mih\u00e1ly m\u0171v\u00e9szett\u00f6rt\u00e9n\u00e9sz. Sebesty\u00e9n J\u00f3zsef Budapesten \u00e9l\u0151 \u00e9p\u00edt\u00e9sz, nyugalmazott m\u0171eml\u00e9kv\u00e9delmi szakember, fotogr\u00e1fus, aki t\u00e1gabban \u00e9rtelmezett haz\u00e1j\u00e1t &#8211; a K\u00e1rp\u00e1t-medenc\u00e9t &#8211; \u00e9s Eur\u00f3p\u00e1t a maga egys\u00e9g\u00e9ben \u00e9s t\u00f6rt\u00e9netis\u00e9g\u00e9ben \u00e9rti, \u00e9rzi, [&hellip;]<\/p>\n","protected":false},"author":1,"featured_media":28454,"comment_status":"open","ping_status":"open","sticky":false,"template":"","format":"standard","meta":{"footnotes":""},"categories":[],"tags":[],"class_list":["post-28453","post","type-post","status-publish","format-standard","has-post-thumbnail","hentry"],"_links":{"self":[{"href":"https:\/\/archivum.eloszekelyfold.ro\/index.php\/wp-json\/wp\/v2\/posts\/28453","targetHints":{"allow":["GET"]}}],"collection":[{"href":"https:\/\/archivum.eloszekelyfold.ro\/index.php\/wp-json\/wp\/v2\/posts"}],"about":[{"href":"https:\/\/archivum.eloszekelyfold.ro\/index.php\/wp-json\/wp\/v2\/types\/post"}],"author":[{"embeddable":true,"href":"https:\/\/archivum.eloszekelyfold.ro\/index.php\/wp-json\/wp\/v2\/users\/1"}],"replies":[{"embeddable":true,"href":"https:\/\/archivum.eloszekelyfold.ro\/index.php\/wp-json\/wp\/v2\/comments?post=28453"}],"version-history":[{"count":0,"href":"https:\/\/archivum.eloszekelyfold.ro\/index.php\/wp-json\/wp\/v2\/posts\/28453\/revisions"}],"wp:featuredmedia":[{"embeddable":true,"href":"https:\/\/archivum.eloszekelyfold.ro\/index.php\/wp-json\/wp\/v2\/media\/28454"}],"wp:attachment":[{"href":"https:\/\/archivum.eloszekelyfold.ro\/index.php\/wp-json\/wp\/v2\/media?parent=28453"}],"wp:term":[{"taxonomy":"category","embeddable":true,"href":"https:\/\/archivum.eloszekelyfold.ro\/index.php\/wp-json\/wp\/v2\/categories?post=28453"},{"taxonomy":"post_tag","embeddable":true,"href":"https:\/\/archivum.eloszekelyfold.ro\/index.php\/wp-json\/wp\/v2\/tags?post=28453"}],"curies":[{"name":"wp","href":"https:\/\/api.w.org\/{rel}","templated":true}]}}