{"id":28451,"date":"2021-12-13T05:47:00","date_gmt":"2021-12-13T05:47:00","guid":{"rendered":"http:\/\/archivum.eloszekelyfold.ro\/2021\/12\/13\/dacian-ciolos-programdokumentuma\/"},"modified":"2021-12-13T05:47:00","modified_gmt":"2021-12-13T05:47:00","slug":"dacian-ciolos-programdokumentuma","status":"publish","type":"post","link":"https:\/\/archivum.eloszekelyfold.ro\/index.php\/2021\/12\/13\/dacian-ciolos-programdokumentuma\/","title":{"rendered":"Dacian Ciolos programdokumentuma"},"content":{"rendered":"<p><\/p>\n<div style=\"color:#666666; font-family:inherit; font-size:14px;font-style: normal;text-align:left;line-height:24px;\">\n<div style=\"float:left\"><img decoding=\"async\" src=\"http:\/\/archivum.eloszekelyfold.ro\/wp-content\/uploads\/2021\/12\/519_ciolos_iohannis.jpg\" alt=\"Dacian Ciolos programdokumentuma\" style=\"padding-right:14px; padding-bottom:6px; padding-top:6px;\" width=\"320px\"><\/div>\n<p>                              Rom\u00e1nia 100 platform c\u00edmmel programdokumentumot tett k\u00f6zz\u00e9 h\u00e9tf\u0151n Dacian Ciolos f\u00fcggetlen minisztereln\u00f6k, akit mind Klaus Iohannis \u00e1llamf\u0151, mind az eln\u00f6kh\u00f6z k\u00f6z\u00e9 \u00e1ll\u00f3 Nemzeti Liber\u00e1lis P\u00e1rt (PNL) tov\u00e1bbi k\u00f6z\u00e9leti szerepv\u00e1llal\u00e1sra b\u00edztatott. Iohannis kor\u00e1bban egy\u00e9rtelm\u0171v\u00e9 tette: sz\u00edvesen adna \u00fajabb korm\u00e1nyalak\u00edt\u00e1si megb\u00edz\u00e1st Ciolosnak, ha politikailag elk\u00f6telezn\u00e9 mag\u00e1t, azt ugyanis kiz\u00e1rta, hogy a decemberi parlamenti v\u00e1laszt\u00e1sok ut\u00e1n is szak\u00e9rt\u0151i korm\u00e1ny maradjon Rom\u00e1nia \u00e9l\u00e9n.<\/p>\n<p>Ciolos r\u00e1mutatott, nem szegheti meg a v\u00e1laszt\u00f3knak tett \u00edg\u00e9ret\u00e9t, miszerint f\u00fcggetlen marad, de \u00f6ssze\u00e1ll\u00edtott egy programdokumentumot, amelyhez felsorakozhatnak mindazok, akik osztj\u00e1k n\u00e9zeteit.<\/p>\n<p>Rom\u00e1nia 2018-ban \u00fcnnepli a Rom\u00e1n Kir\u00e1lys\u00e1g \u00e9s Erd\u00e9ly egyes\u00fcl\u00e9s\u00e9nek, a modern Rom\u00e1nia megalakul\u00e1s\u00e1nak sz\u00e1zadik \u00e9vfordul\u00f3j\u00e1t. Ciolos az \u00e1ltala l\u00e9trehozott ro100.ro honlapon meghirdetett programnyilatkozat\u00e1ban \u00fagy v\u00e9li, a rom\u00e1n politikust\u00e1rsadalomnak meg kell \u00fajulnia, \u00e9s meg kell hat\u00e1roznia azokat a c\u00e9lkit\u0171z\u00e9seket, amelyeket v\u00e1laszt\u00e1si ciklusokt\u00f3l f\u00fcggetlen\u00fcl k\u00f6vetni akar.<\/p>\n<p>Elvekb\u0151l \u00e9s nemzeti projektekb\u0151l \u00e1ll\u00f3 platformj\u00e1nak \u00e9l\u00e9n a minisztereln\u00f6k kiemelte, a centen\u00e1rium\u00e1ra k\u00e9sz\u00fcl\u0151 Rom\u00e1ni\u00e1t korrupci\u00f3mentess\u00e9 kell tenni. A &#8222;t\u00e1rsadalom \u00f6nbecs\u00fcl\u00e9s\u00e9nek visszanyer\u00e9s\u00e9t&#8221; c\u00e9lz\u00f3 platformj\u00e1ban Ciolos olyan elveket hirdet, mint a tisztess\u00e9ges korm\u00e1nyz\u00e1s, a felel\u0151s politiz\u00e1l\u00e1s, a munka becs\u00fclete, a szeg\u00e9nys\u00e9g felsz\u00e1mol\u00e1sa, a versenyk\u00e9pess\u00e9g fontoss\u00e1ga.<\/p>\n<p>A lek\u00f6sz\u00f6n\u0151 korm\u00e1nyf\u0151 azt szeretn\u00e9, hogy orsz\u00e1ga &#8222;minden rom\u00e1n Rom\u00e1ni\u00e1ja&#8221; legyen, mindenki\u00e9, aki itt \u00e9l \u00e9s dolgozik, &#8222;etnikum\u00e1t\u00f3l \u00e9s hit\u00e9t\u0151l f\u00fcggetlen\u00fcl&#8221;. A kiv\u00e1ndoroltakat is hazat\u00e9r\u00e9sre b\u00e1tor\u00edtan\u00e1. B\u00e1r Ciolos nem tiszt\u00e1zza, hogy politikai hagyat\u00e9knak vagy korm\u00e1nyzati programnak sz\u00e1nta a Rom\u00e1nia 100 platformot, a dokumentum &#8211; a k\u00f6zigazgat\u00e1s \u00e1tszervez\u00e9s\u00e9t\u0151l a b\u00fcrokr\u00e1cia visszaszor\u00edt\u00e1s\u00e1ig &#8211; egy sor olyan korm\u00e1nyzati projektet is felsorol, amelyet szerinte folytatni kellene, vagy ideje lenne elkezdeni.<\/p>\n<p>A platform honlapja &#8211; egyel\u0151re csak rom\u00e1n nyelven:\u00a0<a href=\"http:\/\/ro100.ro\/\"><strong><span style=\"color: rgb(255, 0, 0);\">ro100.ro<\/span><\/strong><\/a><\/p>\n<p>A PNL mellett a korrupt politikusok lev\u00e1lt\u00e1s\u00e1val \u00e9s szint\u00e9n jobboldali programmal kamp\u00e1nyol\u00f3, \u00fajonnan alakult Ments\u00e9tek meg Rom\u00e1ni\u00e1t Sz\u00f6vets\u00e9g (USR) is bejelentette, hogy t\u00e1mogatn\u00e1 Ciolos tiszts\u00e9gben marad\u00e1s\u00e1t.<\/p>\n<p>A felm\u00e9r\u00e9sek szerint a Szoci\u00e1ldemokrata P\u00e1rt (PSD) a leges\u00e9lyesebb a v\u00e1laszt\u00e1si gy\u0151zelemre \u00e9s tov\u00e1bbra is 7-10 sz\u00e1zal\u00e9kpontos el\u0151nye van a PNL-lel szemben. A PSD &#8211; rem\u00e9nybeli koal\u00edci\u00f3s partnereivel egy\u00fctt &#8211; most \u00e9les t\u00e1mad\u00e1sokat int\u00e9z Ciolos ellen, aki &#8222;b\u00e1r f\u00fcggetlennek hazudta mag\u00e1t&#8221;, most szerint\u00fck a jobboldal \u00e9l\u00e9re \u00e1llt.<\/p>\n<div><em>Forr\u00e1s: MTI<\/p>\n<p>\u00c9l\u0151 Sz\u00e9kelyf\u00f6ld Munkacsoport<\/em><\/div>\n<\/p><\/div>\n","protected":false},"excerpt":{"rendered":"<p>Rom\u00e1nia 100 platform c\u00edmmel programdokumentumot tett k\u00f6zz\u00e9 h\u00e9tf\u0151n Dacian Ciolos f\u00fcggetlen minisztereln\u00f6k, akit mind Klaus Iohannis \u00e1llamf\u0151, mind az eln\u00f6kh\u00f6z k\u00f6z\u00e9 \u00e1ll\u00f3 Nemzeti Liber\u00e1lis P\u00e1rt (PNL) tov\u00e1bbi k\u00f6z\u00e9leti szerepv\u00e1llal\u00e1sra b\u00edztatott. Iohannis kor\u00e1bban egy\u00e9rtelm\u0171v\u00e9 tette: sz\u00edvesen adna \u00fajabb korm\u00e1nyalak\u00edt\u00e1si megb\u00edz\u00e1st Ciolosnak, ha politikailag elk\u00f6telezn\u00e9 mag\u00e1t, azt ugyanis kiz\u00e1rta, hogy a decemberi parlamenti v\u00e1laszt\u00e1sok ut\u00e1n is szak\u00e9rt\u0151i [&hellip;]<\/p>\n","protected":false},"author":1,"featured_media":28452,"comment_status":"open","ping_status":"open","sticky":false,"template":"","format":"standard","meta":{"footnotes":""},"categories":[],"tags":[],"class_list":["post-28451","post","type-post","status-publish","format-standard","has-post-thumbnail","hentry"],"_links":{"self":[{"href":"https:\/\/archivum.eloszekelyfold.ro\/index.php\/wp-json\/wp\/v2\/posts\/28451","targetHints":{"allow":["GET"]}}],"collection":[{"href":"https:\/\/archivum.eloszekelyfold.ro\/index.php\/wp-json\/wp\/v2\/posts"}],"about":[{"href":"https:\/\/archivum.eloszekelyfold.ro\/index.php\/wp-json\/wp\/v2\/types\/post"}],"author":[{"embeddable":true,"href":"https:\/\/archivum.eloszekelyfold.ro\/index.php\/wp-json\/wp\/v2\/users\/1"}],"replies":[{"embeddable":true,"href":"https:\/\/archivum.eloszekelyfold.ro\/index.php\/wp-json\/wp\/v2\/comments?post=28451"}],"version-history":[{"count":0,"href":"https:\/\/archivum.eloszekelyfold.ro\/index.php\/wp-json\/wp\/v2\/posts\/28451\/revisions"}],"wp:featuredmedia":[{"embeddable":true,"href":"https:\/\/archivum.eloszekelyfold.ro\/index.php\/wp-json\/wp\/v2\/media\/28452"}],"wp:attachment":[{"href":"https:\/\/archivum.eloszekelyfold.ro\/index.php\/wp-json\/wp\/v2\/media?parent=28451"}],"wp:term":[{"taxonomy":"category","embeddable":true,"href":"https:\/\/archivum.eloszekelyfold.ro\/index.php\/wp-json\/wp\/v2\/categories?post=28451"},{"taxonomy":"post_tag","embeddable":true,"href":"https:\/\/archivum.eloszekelyfold.ro\/index.php\/wp-json\/wp\/v2\/tags?post=28451"}],"curies":[{"name":"wp","href":"https:\/\/api.w.org\/{rel}","templated":true}]}}