{"id":28449,"date":"2021-12-13T05:45:01","date_gmt":"2021-12-13T05:45:01","guid":{"rendered":"http:\/\/archivum.eloszekelyfold.ro\/2021\/12\/13\/dokumentarista-fototabor-kibeden\/"},"modified":"2021-12-13T05:45:01","modified_gmt":"2021-12-13T05:45:01","slug":"dokumentarista-fototabor-kibeden","status":"publish","type":"post","link":"https:\/\/archivum.eloszekelyfold.ro\/index.php\/2021\/12\/13\/dokumentarista-fototabor-kibeden\/","title":{"rendered":"Dokumentarista fot\u00f3t\u00e1bor Kib\u00e9den"},"content":{"rendered":"<p><\/p>\n<div style=\"color:#666666; font-family:inherit; font-size:14px;font-style: normal;text-align:left;line-height:24px;\">\n<div style=\"float:left\"><img decoding=\"async\" src=\"http:\/\/archivum.eloszekelyfold.ro\/wp-content\/uploads\/2021\/12\/520_hagymaarus_kibeden.jpg\" alt=\"Dokumentarista fot\u00f3t\u00e1bor Kib\u00e9den\" style=\"padding-right:14px; padding-bottom:6px; padding-top:6px;\" width=\"320px\"><\/div>\n<p>                              A Hargita Megyei Hagyom\u00e1ny\u0151rz\u00e9si Forr\u00e1sk\u00f6zpont \u00e9s Kib\u00e9d K\u00f6zs\u00e9g Polg\u00e1rmesteri Hivatal\u00e1nak egy\u00fcttm\u0171k\u00f6d\u00e9se eredm\u00e9nyek\u00e9nt, valamint Hargita Megye Tan\u00e1cs\u00e1nak t\u00e1mogat\u00e1s\u00e1val szervezik meg az Orb\u00e1n Bal\u00e1zs nev\u00e9t visel\u0151 34. dokument\u00e1ci\u00f3s fot\u00f3t\u00e1bort, amelynek a fent eml\u00edtett marossz\u00e9ki k\u00f6zs\u00e9g ad otthont okt\u00f3ber 21\u201328. k\u00f6z\u00f6tt. <\/p>\n<p>Ezt megel\u0151z\u0151en, ez \u00e9v szeptember\u00e9ben a kib\u00e9di kult\u00farotthonban egy f\u00e9nyk\u00e9pki\u00e1ll\u00edt\u00e1sra is sor ker\u00fclt a Homor\u00f3dszentm\u00e1rton k\u00f6zs\u00e9gi t\u00e1bor k\u00e9panyag\u00e1b\u00f3l v\u00e1logatva, mintegy \u00edzel\u00edt\u0151\u00fcl szolg\u00e1lva a helyieknek, hogy hasonl\u00f3 k\u00e9panyag k\u00e9sz\u00fcl majd a falujukban is.<\/p>\n<div style=\"text-align: center;\">\u00a0<\/div>\n<div>Az \u00e9vente m\u00e1s-m\u00e1s t\u00e1jegys\u00e9gen szervezett fot\u00f3t\u00e1borok els\u0151dleges c\u00e9lja a m\u00e9g megl\u00e9v\u0151, m\u00faltat id\u00e9z\u0151 \u00e9p\u00edtm\u00e9nyek,\u00a0t\u00e1rgyak, mot\u00edvumok, mesters\u00e9gek, \u00e9lethelyzetek, a v\u00e1ltoz\u00f3 \u00e9s t\u00fcn\u00e9keny emberi arcok, t\u00e1jak meg\u00f6r\u00f6k\u00edt\u00e9se. A Kis-K\u00fck\u00fcll\u0151 fels\u0151 foly\u00e1s\u00e1nak jobb oldal\u00e1n, Makfalva \u00e9s S\u00f3v\u00e1rad k\u00f6z\u00f6tt fekszik a piroshagym\u00e1j\u00e1r\u00f3l (lilahagyma) \u00e9s\u00a0gyapj\u00fasz\u0151tteseir\u0151l h\u00edres Kib\u00e9d.<br \/>\n\u00a0<\/div>\n<div style=\"text-align: center;\"><img loading=\"lazy\" decoding=\"async\" src=\"http:\/\/archivum.eloszekelyfold.ro\/wp-content\/uploads\/2021\/12\/homorodmenti_megnyito.jpg\" width=\"600\" height=\"407\" style=\"text-align: center;\" alt=\"\"><\/div>\n<div style=\"text-align: center;\">\u00a0<em style=\"text-align: center;\">\u00a0A kedvcsin\u00e1l\u00f3 homor\u00f3dszentm\u00e1rtoni fot\u00f3t\u00e1rlat megnyit\u00f3j\u00e1n k\u00e9sz\u00fclt felv\u00e9tel<br \/>\n<br type=\"_moz\"><br \/>\n<\/em><\/div>\n<div>A hagymatermeszt\u00e9snek, amely e vid\u00e9k legk\u00fcl\u00f6nlegesebb, mez\u0151gazdas\u00e1ghoz kapcsol\u00f3d\u00f3 saj\u00e1toss\u00e1ga, itt \u00e9vsz\u00e1zados\u00a0m\u00faltja van, annak fellend\u00fcl\u00e9se azonban az els\u0151 vil\u00e1gh\u00e1bor\u00fa ut\u00e1ni id\u0151szakra tehet\u0151. A 90-es \u00e9vekt\u0151l a helyi termel\u0151k\u00a0a falut \u00e1tszel\u0151 orsz\u00e1g\u00fat mindk\u00e9t fel\u00e9n, kapujuk el\u00e9 kirakodva \u00e1rus\u00edtj\u00e1k term\u00e9nyeiket, kihaszn\u00e1lva a tranzitforgalom\u00a0lehet\u0151s\u00e9geit.<\/div>\n<div>\u00a0<\/div>\n<div>A sz\u0151v\u00e9s-fon\u00e1s is \u0151si hagyom\u00e1ny. A feny\u0151\u00e1gas \u00e9s barackmagos sz\u00f6v\u00e9smint\u00e1k m\u00e9g ma is jellemz\u0151ek. A legr\u00e9gebbi \u00e9s\u00a0legeredetibb modellek m\u00e9rtani form\u00e1kat ut\u00e1noztak: keskeny \u00e9s sz\u00e9les cs\u00edkok, t\u00e9glalap, kereszt, csillag stb.\u00a0Mint minden vid\u00e9ki k\u00f6z\u00f6ss\u00e9get, Kib\u00e9det is a hagyom\u00e1nyos elemekkel kapcsolatos t\u00e1rgyi \u00e9s szellemi kult\u00fara jellemzi.\u00a0Sajn\u00e1latos azonban, hogy ezek nagy r\u00e9sz\u00e9nek fennmarad\u00e1sa m\u00e1ra m\u00e1r vesz\u00e9lyeztetett, annak ellen\u00e9re, hogy az emberek szok\u00e1saiban \u00e9s\u00a0erk\u00f6lcseiben m\u00e9g mindig a falusi szok\u00e1sok \u00e9rv\u00e9nyes\u00fclnek.<\/div>\n<div>\u00a0<\/div>\n<div>A n\u00e9pviselet m\u00e1ra m\u00e1r elvesztette igazi szerep\u00e9t. Amely r\u00e9gen a n\u00e9p \u00e1lland\u00f3, mindennapos viselet\u00e9t jelentette, m\u00e1ra m\u00e1r csak\u00a0\u00fcnnepi, sz\u00ednpadi \u00f6lt\u00f6zk\u00f6d\u00e9ss\u00e9 v\u00e1lt. A jellegzetesen marossz\u00e9ki, de sok egy\u00e9ni von\u00e1ssal gazdag\u00edtott harisny\u00e1t,\u00a0sz\u0151ttes szokny\u00e1t, csizm\u00e1t \u00e9s piros l\u00e1jbit m\u00e1r csak felvonul\u00e1sokon, \u00e9vfordul\u00f3kon, a fiatalok konfirm\u00e1l\u00e1sukkor,\u00a0sz\u00fcreti b\u00e1lon, el\u0151ad\u00e1sok alkalm\u00e1val viselik.<\/div>\n<div>\u00a0<\/div>\n<div>A telep\u00fcl\u00e9s legismertebb ipari l\u00e9tes\u00edtm\u00e9nye a Szilveszter csal\u00e1d gyapj\u00faf\u00e9s\u00fcld\u00e9je \u00e9s sz\u00f6v\u00f6d\u00e9je, amelynek alapjait\u00a0m\u00e9g a 19. sz\u00e1zad els\u0151 fel\u00e9ben fektett\u00e9k le a csal\u00e1d \u0151sei. A faluban m\u0171k\u00f6dik m\u00e9g: h\u00fasfeldolgoz\u00f3 kis\u00fczem,\u00a0famegmunk\u00e1l\u00f3 m\u0171helyek, p\u00e9ks\u00e9g, \u00e9p\u00edtkez\u00e9si v\u00e1llalkoz\u00e1s, hagyom\u00e1nyos k\u00f6ves malom, jelent\u0151s nagys\u00e1g\u00fa vir\u00e1gkert\u00e9szet,\u00a0p\u00e1linkaf\u0151zde stb.<\/div>\n<div>\u00a0<\/div>\n<div>A jelent\u0151s h\u00e1zi\u00e1llat\u00e1llom\u00e1ny tart\u00e1s\u00e1n t\u00fal, Kib\u00e9d ter\u00fclete gy\u00fcm\u00f6lcs- \u00e9s z\u00f6lds\u00e9gtermel\u00e9sre is nagyon alkalmas hely. A gy\u00fcm\u00f6lcs\u00f6k k\u00f6z\u00fcl f\u0151leg a szilva, az alma, a k\u00f6rte \u00e9s a cseresznye terem meg nagy mennyis\u00e9gben, ezek mellett egyes\u00a0termel\u0151k m\u00e9g s\u00e1rgabarackot, \u0151szibarackot, szam\u00f3c\u00e1t, m\u00e1ln\u00e1t, sz\u0151l\u0151t, di\u00f3t, valamint gy\u00f3gy- \u00e9s f\u0171szern\u00f6v\u00e9nyeket is\u00a0termesztenek. F\u0151 sz\u00e1nt\u00f3f\u00f6ldi term\u00e9nyeik a b\u00faza, az \u00e1rpa, a zab \u00e9s a kukorica. Z\u00f6lds\u00e9gtermeszt\u00e9ssel szinte mindegyik\u00a0csal\u00e1d foglalkozik, f\u0151k\u00e9nt hagymaf\u00e9l\u00e9ket, de paradicsomot, paprik\u00e1t, zellert, k\u00e1poszt\u00e1t \u00e9s karal\u00e1b\u00e9t is\u00a0termesztenek, valamint e n\u00f6v\u00e9nyfajt\u00e1k pal\u00e1nt\u00e1it \u00e9rt\u00e9kes\u00edtik is a k\u00f6rnyez\u0151 megy\u00e9k piacain. \u00a0 \u00a0 \u00a0 \u00a0 \u00a0 \u00a0 \u00a0 \u00a0 \u00a0 \u00a0 \u00a0 \u00a0 \u00a0\u00a0\u00a0 \u00a0<\/div>\n<div>\u00a0<\/div>\n<div>A fot\u00f3t\u00e1borban r\u00e9sztvev\u0151 f\u00e9nyk\u00e9p\u00e9szek: Bal\u00e1zs \u00d6d\u00f6n (Sz\u00e9kelyudvarhely), Bart\u00f3k Izabella (Sepsiszentgy\u00f6rgy), Egyed\u00a0J\u00f3zsef (L\u00f6v\u00e9te), Er\u0151s Erika (Kolozsv\u00e1r), Er\u0151s Zolt\u00e1n (Gyergy\u00f3sz\u00e1rhegy), Fekete R\u00e9ka (Sz\u00e9kelyudvarhely), Kelemen\u00a0Lajos (Sepsiszentgy\u00f6rgy), Kerekes Istv\u00e1n (Kazincbarcika \u2013 Magyarorsz\u00e1g), Kib\u00e9di S\u00e1ndor (Sz\u00e9kelyudvarhely), Tordai\u00a0Ede (Marosv\u00e1s\u00e1rhely), Vinczefi L\u00e1szl\u00f3 (Sepsiszentgy\u00f6rgy), akik megszokott gyakorlatukhoz h\u00edven &#8222;\u00e1tf\u00e9s\u00fclik a falut\u201d \u00e9s vizu\u00e1lis\u00a0\u00e9rt\u00e9kment\u00e9st v\u00e9geznek, mivel a meg\u00f6r\u00f6k\u00edt\u00e9sre \u00e9rdemes pillanatokat, a m\u00fal\u00f3 jelent f\u00e9nyk\u00e9pez\u0151g\u00e9peik seg\u00edts\u00e9g\u00e9vel\u00a0r\u00f6gz\u00edtik, ugyanakkor nem maradhatnak ki a sorb\u00f3l a jelenkor \u00edzl\u00e9svil\u00e1g\u00e1t, v\u00edvm\u00e1nyait reflekt\u00e1l\u00f3 k\u00e9pek sem. <\/p>\n<p>A\u00a0felv\u00e9telek, amelyek a t\u00e1bor ideje alatt elk\u00e9sz\u00fclnek, egyfajta \u00fczenetek a vil\u00e1gnak: \u00edgy \u00e9lnek itt az emberek a harmadik \u00e9vezred m\u00e1sodik \u00e9vtized\u00e9nek k\u00f6zep\u00e9n, ilyen\u00a0a k\u00f6rnyezet\u00fck, \u00e9s ilyen csod\u00e1latosan sz\u00e9p az a t\u00e1j, amit hossz\u00fa sz\u00e1zadok \u00f3ta laknak. \u00a0<\/p>\n<p><em>C\u00edmk\u00e9p\u00fcnk: Hagyma\u00e1rus Kib\u00e9den &#8211; Bal\u00e1zs \u00d6d\u00f6n felv\u00e9tele<\/p>\n<p>\u00c9l\u0151 Sz\u00e9kelyf\u00f6ld Munkacsoport<\/em><\/div>\n<\/p><\/div>\n","protected":false},"excerpt":{"rendered":"<p>A Hargita Megyei Hagyom\u00e1ny\u0151rz\u00e9si Forr\u00e1sk\u00f6zpont \u00e9s Kib\u00e9d K\u00f6zs\u00e9g Polg\u00e1rmesteri Hivatal\u00e1nak egy\u00fcttm\u0171k\u00f6d\u00e9se eredm\u00e9nyek\u00e9nt, valamint Hargita Megye Tan\u00e1cs\u00e1nak t\u00e1mogat\u00e1s\u00e1val szervezik meg az Orb\u00e1n Bal\u00e1zs nev\u00e9t visel\u0151 34. dokument\u00e1ci\u00f3s fot\u00f3t\u00e1bort, amelynek a fent eml\u00edtett marossz\u00e9ki k\u00f6zs\u00e9g ad otthont okt\u00f3ber 21\u201328. k\u00f6z\u00f6tt. Ezt megel\u0151z\u0151en, ez \u00e9v szeptember\u00e9ben a kib\u00e9di kult\u00farotthonban egy f\u00e9nyk\u00e9pki\u00e1ll\u00edt\u00e1sra is sor ker\u00fclt a Homor\u00f3dszentm\u00e1rton k\u00f6zs\u00e9gi t\u00e1bor [&hellip;]<\/p>\n","protected":false},"author":1,"featured_media":28450,"comment_status":"open","ping_status":"open","sticky":false,"template":"","format":"standard","meta":{"footnotes":""},"categories":[],"tags":[],"class_list":["post-28449","post","type-post","status-publish","format-standard","has-post-thumbnail","hentry"],"_links":{"self":[{"href":"https:\/\/archivum.eloszekelyfold.ro\/index.php\/wp-json\/wp\/v2\/posts\/28449","targetHints":{"allow":["GET"]}}],"collection":[{"href":"https:\/\/archivum.eloszekelyfold.ro\/index.php\/wp-json\/wp\/v2\/posts"}],"about":[{"href":"https:\/\/archivum.eloszekelyfold.ro\/index.php\/wp-json\/wp\/v2\/types\/post"}],"author":[{"embeddable":true,"href":"https:\/\/archivum.eloszekelyfold.ro\/index.php\/wp-json\/wp\/v2\/users\/1"}],"replies":[{"embeddable":true,"href":"https:\/\/archivum.eloszekelyfold.ro\/index.php\/wp-json\/wp\/v2\/comments?post=28449"}],"version-history":[{"count":0,"href":"https:\/\/archivum.eloszekelyfold.ro\/index.php\/wp-json\/wp\/v2\/posts\/28449\/revisions"}],"wp:featuredmedia":[{"embeddable":true,"href":"https:\/\/archivum.eloszekelyfold.ro\/index.php\/wp-json\/wp\/v2\/media\/28450"}],"wp:attachment":[{"href":"https:\/\/archivum.eloszekelyfold.ro\/index.php\/wp-json\/wp\/v2\/media?parent=28449"}],"wp:term":[{"taxonomy":"category","embeddable":true,"href":"https:\/\/archivum.eloszekelyfold.ro\/index.php\/wp-json\/wp\/v2\/categories?post=28449"},{"taxonomy":"post_tag","embeddable":true,"href":"https:\/\/archivum.eloszekelyfold.ro\/index.php\/wp-json\/wp\/v2\/tags?post=28449"}],"curies":[{"name":"wp","href":"https:\/\/api.w.org\/{rel}","templated":true}]}}