{"id":28447,"date":"2021-12-13T05:43:00","date_gmt":"2021-12-13T05:43:00","guid":{"rendered":"http:\/\/archivum.eloszekelyfold.ro\/2021\/12\/13\/oktoberi-korunk-kivul-a-kanonon\/"},"modified":"2021-12-13T05:43:00","modified_gmt":"2021-12-13T05:43:00","slug":"oktoberi-korunk-kivul-a-kanonon","status":"publish","type":"post","link":"https:\/\/archivum.eloszekelyfold.ro\/index.php\/2021\/12\/13\/oktoberi-korunk-kivul-a-kanonon\/","title":{"rendered":"Okt\u00f3beri Korunk &#8211; K\u00edv\u00fcl a k\u00e1nonon"},"content":{"rendered":"<p><\/p>\n<div style=\"color:#666666; font-family:inherit; font-size:14px;font-style: normal;text-align:left;line-height:24px;\">\n<div style=\"float:left\"><img decoding=\"async\" src=\"http:\/\/archivum.eloszekelyfold.ro\/wp-content\/uploads\/2021\/12\/522_Korunk_elsoborito-oktober-2016.jpg\" alt=\" Okt\u00f3beri Korunk - K\u00edv\u00fcl a k\u00e1nonon\" style=\"padding-right:14px; padding-bottom:6px; padding-top:6px;\" width=\"320px\"><\/div>\n<div>Vannak olyan szerz\u0151k, akiket mindenki olvas, de nem igaz\u00e1n szokott r\u00f3luk besz\u00e9lni. Olyan alakok ezek, akiket az\u00a0egyetemi tudom\u00e1ny\u00fczem hivatalosan sohasem ismert el teljes\u00edtm\u00e9nyeik\u00e9rt, de a hivatalos berkeken k\u00edv\u00fcl ann\u00e1l ink\u00e1bb\u00a0hatottak \u00fajszer\u0171 felvet\u00e9seik, term\u00e9keny t\u00e9ved\u00e9seik, provokat\u00edv eszm\u00e9ik \u00e1ltal, s m\u00e9gsem ker\u00fcltek az \u0151ket megillet\u0151\u00a0helyre, mert valamilyen szempontb\u00f3l k\u00e9nyelmetlenek. <\/p>\n<p>Kik azok a titkos kedvencek, akik sz\u00e1mtalan ma elismert szerz\u0151t\u00a0titokban megihletnek? Kiket illetne meg el\u0151kel\u0151bb hely, ha igaz\u00edtani lehetne a k\u00e1nonon? Vajon biztosak lehet\u00fcnk\u00a0benne, hogy a hivatalos k\u00e1nonb\u00f3l nem hagytunk ki senkit? \u00c9s egy\u00e1ltal\u00e1n sz\u00fcks\u00e9g\u00fcnk van-e k\u00e1nonra? Ilyen k\u00e9rd\u00e9sek\u00a0megv\u00e1laszol\u00e1s\u00e1ra k\u00e9rt\u00e9k fel tematikus lapsz\u00e1m szerz\u0151it.\u00a0<\/p>\n<p>A tartalomb\u00f3l: L\u00e1ng Zsolt: A Voyager-k\u00e1non; Selyem Zsuzsa: Psych\u00e9 a k\u00e1nonban; Tam\u00e1s D\u00e9nes: A k\u00e1nonok j\u00f6v\u0151je; \u00c1rme\u00e1n\u00a0Ot\u00edlia: Nyomvonalas olvasatok; Dem\u00e9ny P\u00e9ter: Az embernek az emberr\u0151l; Zsigmond Andrea: \u201eA sz\u00ednh\u00e1z menjen az\u00a0emberhez\u201d; Sz\u0171ts Zolt\u00e1n \u2013 Yoo Jinil: Koreai kultur\u00e1lis expanzi\u00f3; Zuh Deod\u00e1th: A tizenegyedik \u00f3ra el\u0151tt; Andr\u00e1s\u00a0S\u00e1ndor: A k\u00e1nonokr\u00f3l \u00e9s ami kimarad bel\u0151l\u00fck.<\/p><\/div>\n<div>\n<em>\u00c9l\u0151 Sz\u00e9kelyf\u00f6ld Munkacsoport<\/em><\/div>\n<\/p><\/div>\n","protected":false},"excerpt":{"rendered":"<p>Vannak olyan szerz\u0151k, akiket mindenki olvas, de nem igaz\u00e1n szokott r\u00f3luk besz\u00e9lni. Olyan alakok ezek, akiket az\u00a0egyetemi tudom\u00e1ny\u00fczem hivatalosan sohasem ismert el teljes\u00edtm\u00e9nyeik\u00e9rt, de a hivatalos berkeken k\u00edv\u00fcl ann\u00e1l ink\u00e1bb\u00a0hatottak \u00fajszer\u0171 felvet\u00e9seik, term\u00e9keny t\u00e9ved\u00e9seik, provokat\u00edv eszm\u00e9ik \u00e1ltal, s m\u00e9gsem ker\u00fcltek az \u0151ket megillet\u0151\u00a0helyre, mert valamilyen szempontb\u00f3l k\u00e9nyelmetlenek. Kik azok a titkos kedvencek, akik sz\u00e1mtalan ma [&hellip;]<\/p>\n","protected":false},"author":1,"featured_media":28448,"comment_status":"open","ping_status":"open","sticky":false,"template":"","format":"standard","meta":{"footnotes":""},"categories":[],"tags":[],"class_list":["post-28447","post","type-post","status-publish","format-standard","has-post-thumbnail","hentry"],"_links":{"self":[{"href":"https:\/\/archivum.eloszekelyfold.ro\/index.php\/wp-json\/wp\/v2\/posts\/28447","targetHints":{"allow":["GET"]}}],"collection":[{"href":"https:\/\/archivum.eloszekelyfold.ro\/index.php\/wp-json\/wp\/v2\/posts"}],"about":[{"href":"https:\/\/archivum.eloszekelyfold.ro\/index.php\/wp-json\/wp\/v2\/types\/post"}],"author":[{"embeddable":true,"href":"https:\/\/archivum.eloszekelyfold.ro\/index.php\/wp-json\/wp\/v2\/users\/1"}],"replies":[{"embeddable":true,"href":"https:\/\/archivum.eloszekelyfold.ro\/index.php\/wp-json\/wp\/v2\/comments?post=28447"}],"version-history":[{"count":0,"href":"https:\/\/archivum.eloszekelyfold.ro\/index.php\/wp-json\/wp\/v2\/posts\/28447\/revisions"}],"wp:featuredmedia":[{"embeddable":true,"href":"https:\/\/archivum.eloszekelyfold.ro\/index.php\/wp-json\/wp\/v2\/media\/28448"}],"wp:attachment":[{"href":"https:\/\/archivum.eloszekelyfold.ro\/index.php\/wp-json\/wp\/v2\/media?parent=28447"}],"wp:term":[{"taxonomy":"category","embeddable":true,"href":"https:\/\/archivum.eloszekelyfold.ro\/index.php\/wp-json\/wp\/v2\/categories?post=28447"},{"taxonomy":"post_tag","embeddable":true,"href":"https:\/\/archivum.eloszekelyfold.ro\/index.php\/wp-json\/wp\/v2\/tags?post=28447"}],"curies":[{"name":"wp","href":"https:\/\/api.w.org\/{rel}","templated":true}]}}