{"id":28445,"date":"2021-12-13T05:41:00","date_gmt":"2021-12-13T05:41:00","guid":{"rendered":"http:\/\/archivum.eloszekelyfold.ro\/2021\/12\/13\/oktoberi-szekelyfold-marton-aron-es-1956\/"},"modified":"2021-12-13T05:41:00","modified_gmt":"2021-12-13T05:41:00","slug":"oktoberi-szekelyfold-marton-aron-es-1956","status":"publish","type":"post","link":"https:\/\/archivum.eloszekelyfold.ro\/index.php\/2021\/12\/13\/oktoberi-szekelyfold-marton-aron-es-1956\/","title":{"rendered":"Okt\u00f3beri Sz\u00e9kelyf\u00f6ld &#8211; M\u00e1rton \u00c1ron \u00e9s 1956"},"content":{"rendered":"<p><\/p>\n<div style=\"color:#666666; font-family:inherit; font-size:14px;font-style: normal;text-align:left;line-height:24px;\">\n<div style=\"float:left\"><img decoding=\"async\" src=\"http:\/\/archivum.eloszekelyfold.ro\/wp-content\/uploads\/2021\/12\/524_Szekelyfold_oktober.jpg\" alt=\"Okt\u00f3beri Sz\u00e9kelyf\u00f6ld - M\u00e1rton \u00c1ron \u00e9s 1956\" style=\"padding-right:14px; padding-bottom:6px; padding-top:6px;\" width=\"320px\"><\/div>\n<p>                              A Cs\u00edkszered\u00e1ban megjelen\u0151 rangos foly\u00f3irat idei tizedik lapsz\u00e1m\u00e1nak koncepci\u00f3ja k\u00e9t tematika jegy\u00e9ben fogant: k\u00fcl\u00f6nleges figyelmet szentel M\u00e1rton \u00c1ron eml\u00e9k\u00e9nek \u00e9s az 1956-os forradalom, illetve szabads\u00e1gharc 60. \u00e9vfordul\u00f3j\u00e1nak. Ennek k\u00f6sz\u00f6nhet\u0151en a megszokottn\u00e1l is komolyabb a laptest, hiszen a magyar kult\u00fara legjav\u00e1nak szem\u00e9lyis\u00e9gei publik\u00e1lnak az okt\u00f3beri Sz\u00e9kelyf\u00f6ld has\u00e1bjain.\u00a0<\/p>\n<p>Versekkel Ferencz Imre, Nagy Attila \u00e9s Szepesy Attila jelentkezik; Oravecz Imre \u00e9s Sz\u00e1vai G\u00e9za pr\u00f3zai \u00edr\u00e1sokkal van jelen. <\/p>\n<p>A M\u00e1rton \u00c1ron Eml\u00e9k\u00e9v kapcs\u00e1n Mons. Kov\u00e1cs Gergely, Mons. Dr. Marton J\u00f3zsef, Ozsv\u00e1th Judit, Seres Attila, Virt L\u00e1szl\u00f3 munk\u00e1it olvashatjuk. <\/p>\n<p>D\u00e1vid Gyula Tam\u00e1si \u00c1ron eml\u00e9k\u00e9t id\u00e9zi tanulm\u00e1ny\u00e1ban. <\/p>\n<p>A Bolyai Tudom\u00e1nyegyetem di\u00e1kjainak \u00e9s tan\u00e1rainak jelent\u0151s r\u00e9sze \u00e1llt ki a forradalom \u00fcgye mellett, amely azt\u00e1n okot szolg\u00e1ltatott a k\u00e9s\u0151bbi megtorl\u00e1sokra \u00e9s a magyars\u00e1g erd\u00e9lyi int\u00e9zm\u00e9nyrendszer\u00e9nek korl\u00e1toz\u00e1s\u00e1ra &#8211; ezt a t\u00f6rt\u00e9nelmi t\u00e9nysorozatot is k\u00f6r\u00fclj\u00e1rj\u00e1k a felk\u00e9rt szerz\u0151k, hiszen a retorzi\u00f3k kisug\u00e1rz\u00e1sa m\u00e1ig hat\u00f3. Nem n\u0151het \u00fagy fel Erd\u00e9lyben egyetlen gener\u00e1ci\u00f3 sem, hogy az 1956-os t\u00f6rt\u00e9n\u00e9sekr\u0151l ne szerezzen tudom\u00e1st, hiszen &#8211; b\u00e1r itt nem voltak l\u00e1tv\u00e1nyos megmozdul\u00e1sok, harcok, t\u00fcntet\u00e9sek &#8211; a vallat\u00f3szob\u00e1kban, a b\u00edr\u00f3s\u00e1gokon, a b\u00f6rt\u00f6ncell\u00e1kban olyan pokoli g\u00e9pezetet \u00fczemeltettek a kommunist\u00e1k, amellyel az erd\u00e9lyi magyarok \u00e9s a demokratikus gondolkod\u00e1s\u00fa \u00e1llampolg\u00e1rok gerinc\u00e9nek v\u00e9gleges megroppant\u00e1s\u00e1t k\u00edv\u00e1nt\u00e1k el\u00e9rni.<\/p>\n<p>Bartha Gy\u00f6rgy Az \u00e9n &#8217;56-om c\u00edmmel k\u00f6z\u00f6l memo\u00e1rt. A vend\u00e9gh\u00e1zban K\u00e1ntor Lajos vall 1956-r\u00f3l \u00e9s a forradalomhoz kapcsol\u00f3d\u00f3 szem\u00e9lyes \u00e9lm\u00e9nyeir\u0151l.<\/p>\n<p><em>\u00c9l\u0151 Sz\u00e9kelyf\u00f6ld Munkacsoport<\/em>\n                        <\/div>\n","protected":false},"excerpt":{"rendered":"<p>A Cs\u00edkszered\u00e1ban megjelen\u0151 rangos foly\u00f3irat idei tizedik lapsz\u00e1m\u00e1nak koncepci\u00f3ja k\u00e9t tematika jegy\u00e9ben fogant: k\u00fcl\u00f6nleges figyelmet szentel M\u00e1rton \u00c1ron eml\u00e9k\u00e9nek \u00e9s az 1956-os forradalom, illetve szabads\u00e1gharc 60. \u00e9vfordul\u00f3j\u00e1nak. Ennek k\u00f6sz\u00f6nhet\u0151en a megszokottn\u00e1l is komolyabb a laptest, hiszen a magyar kult\u00fara legjav\u00e1nak szem\u00e9lyis\u00e9gei publik\u00e1lnak az okt\u00f3beri Sz\u00e9kelyf\u00f6ld has\u00e1bjain.\u00a0 Versekkel Ferencz Imre, Nagy Attila \u00e9s Szepesy Attila jelentkezik; [&hellip;]<\/p>\n","protected":false},"author":1,"featured_media":28446,"comment_status":"open","ping_status":"open","sticky":false,"template":"","format":"standard","meta":{"footnotes":""},"categories":[],"tags":[],"class_list":["post-28445","post","type-post","status-publish","format-standard","has-post-thumbnail","hentry"],"_links":{"self":[{"href":"https:\/\/archivum.eloszekelyfold.ro\/index.php\/wp-json\/wp\/v2\/posts\/28445","targetHints":{"allow":["GET"]}}],"collection":[{"href":"https:\/\/archivum.eloszekelyfold.ro\/index.php\/wp-json\/wp\/v2\/posts"}],"about":[{"href":"https:\/\/archivum.eloszekelyfold.ro\/index.php\/wp-json\/wp\/v2\/types\/post"}],"author":[{"embeddable":true,"href":"https:\/\/archivum.eloszekelyfold.ro\/index.php\/wp-json\/wp\/v2\/users\/1"}],"replies":[{"embeddable":true,"href":"https:\/\/archivum.eloszekelyfold.ro\/index.php\/wp-json\/wp\/v2\/comments?post=28445"}],"version-history":[{"count":0,"href":"https:\/\/archivum.eloszekelyfold.ro\/index.php\/wp-json\/wp\/v2\/posts\/28445\/revisions"}],"wp:featuredmedia":[{"embeddable":true,"href":"https:\/\/archivum.eloszekelyfold.ro\/index.php\/wp-json\/wp\/v2\/media\/28446"}],"wp:attachment":[{"href":"https:\/\/archivum.eloszekelyfold.ro\/index.php\/wp-json\/wp\/v2\/media?parent=28445"}],"wp:term":[{"taxonomy":"category","embeddable":true,"href":"https:\/\/archivum.eloszekelyfold.ro\/index.php\/wp-json\/wp\/v2\/categories?post=28445"},{"taxonomy":"post_tag","embeddable":true,"href":"https:\/\/archivum.eloszekelyfold.ro\/index.php\/wp-json\/wp\/v2\/tags?post=28445"}],"curies":[{"name":"wp","href":"https:\/\/api.w.org\/{rel}","templated":true}]}}