{"id":28443,"date":"2021-12-13T05:39:00","date_gmt":"2021-12-13T05:39:00","guid":{"rendered":"http:\/\/archivum.eloszekelyfold.ro\/2021\/12\/13\/talalkozas-benedekffy-katalinnal\/"},"modified":"2021-12-13T05:39:00","modified_gmt":"2021-12-13T05:39:00","slug":"talalkozas-benedekffy-katalinnal","status":"publish","type":"post","link":"https:\/\/archivum.eloszekelyfold.ro\/index.php\/2021\/12\/13\/talalkozas-benedekffy-katalinnal\/","title":{"rendered":"Tal\u00e1lkoz\u00e1s Benedekffy Katalinnal"},"content":{"rendered":"<p><\/p>\n<div style=\"color:#666666; font-family:inherit; font-size:14px;font-style: normal;text-align:left;line-height:24px;\">\n<div style=\"float:left\"><img decoding=\"async\" src=\"http:\/\/archivum.eloszekelyfold.ro\/wp-content\/uploads\/2021\/12\/525_kanadaban_BK.jpg\" alt=\"Tal\u00e1lkoz\u00e1s Benedekffy Katalinnal\" style=\"padding-right:14px; padding-bottom:6px; padding-top:6px;\" width=\"280px\"><\/div>\n<p>                              T\u00f6bbsz\u00f6r, t\u00f6bb helyen is volt szerencs\u00e9nk tal\u00e1lkozni a m\u0171v\u00e9szn\u0151vel, aki mindig elk\u00e1pr\u00e1ztat k\u00f6zvetlen modor\u00e1val, a v\u00e9le megesett t\u00f6rt\u00e9netekkel. <\/p>\n<p>Terveir\u0151l is sz\u00edvesen besz\u00e9l, \u00fajabb sikereir\u0151l, hiszen a pr\u00f3zai szerepekt\u0151l, a n\u00e9pdal- \u00e9s musical-\u00e9nekl\u00e9st\u0151l, az operetten \u00e1t az vil\u00e1g nagy oprasz\u00ednpadaiig \u00edvel a karrierje. <\/p>\n<p>\u00c9s ez a sz\u00e1rnyal\u00e1s m\u00e9g csak most kezd\u0151d\u00f6tt el igaz\u00e1n&#8230;<\/p>\n<p>Ami pedig kifejezetten j\u00f3l esik a lelk\u00fcnknek: egy-k\u00e9t napos itthonl\u00e9t ut\u00e1n mindig vissza\u00e1ll a gyermekkor\u00e1ban megszokott t\u00e1jnyelvre, \u00fagy form\u00e1lja-hangs\u00falyozza a szavakat, mint falust\u00e1rsai \u00e9s k\u00f6zvetlen f\u00f6ldijei Kereszt\u00far k\u00f6rny\u00e9k\u00e9r\u0151l. Mintha el sem ment volna. <\/p>\n<p>Ez az igazi m\u0171v\u00e9szet, \u00fagy elmenni, hogy lelk\u00fckben itthon maradhassunk, s b\u00e1rmikor visszat\u00e9rhess\u00fcnk, hiszen van hov\u00e1&#8230;<\/p>\n<div style=\"text-align: center;\"><embed type=\"application\/x-shockwave-flash\" pluginspage=\"http:\/\/www.macromedia.com\/go\/getflashplayer\" src=\"http:\/\/www.youtube.com\/v\/LM6jw4L98h0&#038;t=7s%26hl=en%26fs=1%26rel=0%26ap=%2526fmt=18\" width=\"425\" height=\"344\"><\/embed><\/div>\n<div style=\"text-align: left;\">\nHa a vide\u00f3 nem indul<strong><span style=\"color: rgb(255, 0, 0);\">\u00a0<\/span><\/strong><a href=\"https:\/\/www.youtube.com\/watch?v=LM6jw4L98h0&#038;t=7s\"><strong><span style=\"color: rgb(255, 0, 0);\">ITT<\/span><\/strong><\/a><strong><span style=\"color: rgb(255, 0, 0);\">\u00a0<\/span><\/strong>bekapcsolhatja!<\/p>\n<p><em>A c\u00edmk\u00e9p Kanad\u00e1ban k\u00e9sz\u00fclt 2015 december\u00e9ben.<\/em><\/p>\n<p><em>\u00c9l\u0151 Sz\u00e9kelyf\u00f6ld Munkacsoport<\/em><\/div>\n<\/p><\/div>\n","protected":false},"excerpt":{"rendered":"<p>T\u00f6bbsz\u00f6r, t\u00f6bb helyen is volt szerencs\u00e9nk tal\u00e1lkozni a m\u0171v\u00e9szn\u0151vel, aki mindig elk\u00e1pr\u00e1ztat k\u00f6zvetlen modor\u00e1val, a v\u00e9le megesett t\u00f6rt\u00e9netekkel. Terveir\u0151l is sz\u00edvesen besz\u00e9l, \u00fajabb sikereir\u0151l, hiszen a pr\u00f3zai szerepekt\u0151l, a n\u00e9pdal- \u00e9s musical-\u00e9nekl\u00e9st\u0151l, az operetten \u00e1t az vil\u00e1g nagy oprasz\u00ednpadaiig \u00edvel a karrierje. \u00c9s ez a sz\u00e1rnyal\u00e1s m\u00e9g csak most kezd\u0151d\u00f6tt el igaz\u00e1n&#8230; Ami pedig kifejezetten [&hellip;]<\/p>\n","protected":false},"author":1,"featured_media":28444,"comment_status":"open","ping_status":"open","sticky":false,"template":"","format":"standard","meta":{"footnotes":""},"categories":[],"tags":[],"class_list":["post-28443","post","type-post","status-publish","format-standard","has-post-thumbnail","hentry"],"_links":{"self":[{"href":"https:\/\/archivum.eloszekelyfold.ro\/index.php\/wp-json\/wp\/v2\/posts\/28443","targetHints":{"allow":["GET"]}}],"collection":[{"href":"https:\/\/archivum.eloszekelyfold.ro\/index.php\/wp-json\/wp\/v2\/posts"}],"about":[{"href":"https:\/\/archivum.eloszekelyfold.ro\/index.php\/wp-json\/wp\/v2\/types\/post"}],"author":[{"embeddable":true,"href":"https:\/\/archivum.eloszekelyfold.ro\/index.php\/wp-json\/wp\/v2\/users\/1"}],"replies":[{"embeddable":true,"href":"https:\/\/archivum.eloszekelyfold.ro\/index.php\/wp-json\/wp\/v2\/comments?post=28443"}],"version-history":[{"count":0,"href":"https:\/\/archivum.eloszekelyfold.ro\/index.php\/wp-json\/wp\/v2\/posts\/28443\/revisions"}],"wp:featuredmedia":[{"embeddable":true,"href":"https:\/\/archivum.eloszekelyfold.ro\/index.php\/wp-json\/wp\/v2\/media\/28444"}],"wp:attachment":[{"href":"https:\/\/archivum.eloszekelyfold.ro\/index.php\/wp-json\/wp\/v2\/media?parent=28443"}],"wp:term":[{"taxonomy":"category","embeddable":true,"href":"https:\/\/archivum.eloszekelyfold.ro\/index.php\/wp-json\/wp\/v2\/categories?post=28443"},{"taxonomy":"post_tag","embeddable":true,"href":"https:\/\/archivum.eloszekelyfold.ro\/index.php\/wp-json\/wp\/v2\/tags?post=28443"}],"curies":[{"name":"wp","href":"https:\/\/api.w.org\/{rel}","templated":true}]}}