{"id":28441,"date":"2021-12-13T05:37:01","date_gmt":"2021-12-13T05:37:01","guid":{"rendered":"http:\/\/archivum.eloszekelyfold.ro\/2021\/12\/13\/a-60-eves-1956\/"},"modified":"2021-12-13T05:37:01","modified_gmt":"2021-12-13T05:37:01","slug":"a-60-eves-1956","status":"publish","type":"post","link":"https:\/\/archivum.eloszekelyfold.ro\/index.php\/2021\/12\/13\/a-60-eves-1956\/","title":{"rendered":"A 60. \u00e9ves 1956"},"content":{"rendered":"<p><\/p>\n<div style=\"color:#666666; font-family:inherit; font-size:14px;font-style: normal;text-align:left;line-height:24px;\">\n<div style=\"float:left\"><img decoding=\"async\" src=\"http:\/\/archivum.eloszekelyfold.ro\/wp-content\/uploads\/2021\/12\/523_301_parcella.jpg\" alt=\"A 60. \u00e9ves 1956\" style=\"padding-right:14px; padding-bottom:6px; padding-top:6px;\" width=\"320px\"><\/div>\n<p>                              A magyarok vil\u00e1gszerte az 1956-os forradalom hatvan\u00e9ves \u00e9vfordul\u00f3j\u00e1ra eml\u00e9keznek ezekben a napokban. A forradalom \u00e9s szabads\u00e1gharc 60. \u00e9vfordul\u00f3ja tisztelet\u00e9re szervezett \u00fcnnepi programok id\u00e9n nagyon teret \u00e9s jelent\u0151s\u00e9get kapnak, sz\u00e1mos helyen avatnak szobrokat, eml\u00e9kt\u00e1bl\u00e1kat, szerveznek vet\u00e9lked\u0151ket \u00e1ltal\u00e1nos \u00e9s k\u00f6z\u00e9piskol\u00e1sok sz\u00e1m\u00e1ra, s az esem\u00e9nyek ma m\u00e1r id\u0151s szemtan\u00fai \u00e9s szerepl\u0151i pedig el\u0151ad\u00e1sokkal, dokumentumfilmekben \u00e9s telev\u00edzi\u00f3s m\u0171sorokban val\u00f3 megsz\u00f3lal\u00e1ssal, k\u00f6nyvek \u00e9s foly\u00f3iratok \u00e1ltal tartj\u00e1k \u00e9bren az emberekben 1956 szellemis\u00e9g\u00e9t.<\/p>\n<p>A k\u00f6vetkez\u0151kben igyeksz\u00fcnk besz\u00e1molni bizonyos nagyobb \u00edv\u0171 esem\u00e9nyekr\u0151l, illetve el\u0151zetes t\u00e1j\u00e9koztat\u00e1st ny\u00fajtunk a K\u00e1rp\u00e1t-medence legk\u00fcl\u00f6nb\u00f6z\u0151bb helysz\u00ednein tartand\u00f3 \u00fcnnepi programokr\u00f3l.<\/p>\n<p><strong>Okt\u00f3beri eml\u00e9kez\u00e9s &#8211; Budapesten<\/strong><\/p>\n<div>Ez a c\u00edme a t\u00f6bb mint 80 alkot\u00f3 munk\u00e1ib\u00f3l l\u00e9trehozott ki\u00e1ll\u00edt\u00e1snak, amelyet az 1956-os forradalom \u00e9s szabads\u00e1gharc 60.\u00a0\u00e9vfordul\u00f3ja alkalm\u00e1b\u00f3l, szerd\u00e1n a Pesti Vigad\u00f3ban nyitottak meg.<\/p>\n<p>Balog Zolt\u00e1n, az emberi er\u0151forr\u00e1sok minisztere a megnyit\u00f3\u00f3nneps\u00e9gen kiemelte, hogy a m\u0171v\u00e9szetnek olyan eszk\u00f6zei \u00e9s\u00a0inspir\u00e1ci\u00f3i vannak, amelyek seg\u00edts\u00e9g\u00e9vel k\u00e9pes felmutatni az igazs\u00e1got. A magyar m\u0171v\u00e9szet \u00e9s kult\u00fara vil\u00e1ga \u00fajra \u00e9s\u00a0\u00fajra nekifut, hogy eszk\u00f6zeit \u00e9s inspir\u00e1ci\u00f3it az 1956-os forradalom \u00f6r\u00f6ks\u00e9g\u00e9nek szolg\u00e1lat\u00e1ba \u00e1ll\u00edtsa, \u00e9s ennek jele\u00a0ez a ki\u00e1ll\u00edt\u00e1s is &#8211; f\u0171zte hozz\u00e1.\u00a0<\/p>\n<div style=\"text-align: center;\"><img loading=\"lazy\" decoding=\"async\" src=\"http:\/\/archivum.eloszekelyfold.ro\/wp-content\/uploads\/2021\/12\/Balogh_Zoltan_es_Fekete_Gyorgy_Foto_Balogh_Zoltan.jpg\" width=\"600\" height=\"400\" alt=\"\"><\/div>\n<div style=\"text-align: center;\"><em>Balogh Zolt\u00e1n miniszter \u00e9s Fekete Gy\u00f6rgy, az MMA eln\u00f6ke a ki\u00e1ll\u00edt\u00e1s megnyit\u00f3j\u00e1n (Fot\u00f3: Balog Zolt\u00e1n\/ MTI)<\/em><\/div>\n<p>\nA miniszter kiemelte: a nemzetnek \u00e9s az orsz\u00e1gnak arra van sz\u00fcks\u00e9ge, hogy mindenki odategye a saj\u00e1t eml\u00e9k\u00e9t\u00a01956-r\u00f3l az igazs\u00e1g felmutat\u00e1s\u00e1ra. A m\u0171v\u00e9szet &#8211; \u00a0ami mindannyiunkat gazdag\u00edt &#8211; szem\u00e9lyes inspir\u00e1ci\u00f3b\u00f3l j\u00f6n, \u00e9s\u00a0ebb\u0151l k\u00f6z\u00f6ss\u00e9gi eml\u00e9kezet, k\u00f6z\u00f6ss\u00e9gi meggy\u0151z\u0151d\u00e9s \u00e9s k\u00f6z\u00f6ss\u00e9gi katarzis lesz &#8211; fogalmazott, hozz\u00e1t\u00e9ve: a Magyar\u00a0M\u0171v\u00e9szeti Akad\u00e9mia (MMA) lehet\u0151s\u00e9get ad arra, hogy a t\u00e1rlaton megjelen\u0151 szem\u00e9lyes inspir\u00e1ci\u00f3 elinduljon azon az\u00a0\u00faton, amely elvezet a nemzettudatig.<\/p>\n<p>Fekete Gy\u00f6rgy, az MMA eln\u00f6ke k\u00f6sz\u00f6nt\u0151j\u00e9ben \u00fagy fogalmazott: ez a t\u00e1rlat a nemzethal\u00e1l feletti v\u00e9gs\u0151 gy\u0151zelemr\u0151l\u00a0sz\u00f3l, \u00e9s a m\u0171v\u00e9szet soksz\u00edn\u0171 eszk\u00f6z\u00e9vel er\u0151s\u00edti azt a k\u00f6teless\u00e9g\u00e9rzet\u00fcnket, hogy 1956 \u00f6r\u00f6ks\u00e9g\u00e9hez m\u00e9lt\u00f3n \u00e9lj\u00fcnk,\u00a0alkossunk \u00e9s fogjuk egym\u00e1s kez\u00e9t ebben a viharos eur\u00f3pai sz\u00e9lben.<\/p>\n<p>A t\u00e1rlatot megnyit\u00f3 Kov\u00e1cs Istv\u00e1n k\u00f6lt\u0151, t\u00f6rt\u00e9n\u00e9sz, az MMA rendes tagja elmondta, hogy a ki\u00e1ll\u00edtott m\u0171alkot\u00e1sok\u00a0d\u00f6nt\u0151 h\u00e1nyada a pillanatok alatt \u00f6sszeoml\u00f3 zsarnoki hatalomr\u00f3l, a k\u00fczdelemr\u0151l \u00e9s a megtorl\u00e1sr\u00f3l sz\u00f3l. Kit\u00e9rt arra\u00a0is, hogy a lyukas z\u00e1szl\u00f3 t\u00f6bb m\u0171v\u00e9szt is megihletett, valakin\u00e9l meghat\u00e1roz\u00f3 mot\u00edvumk\u00e9nt szerepel, m\u00e1sn\u00e1l maga a\u00a0z\u00e1szl\u00f3 a m\u0171, \u00e9s &#8222;kimetszett k\u00f6zepe komor t\u00e1maszpontja a Budapestet november 4-\u00e9n lerohanni felsorakoz\u00f3 tankoknak&#8221;.<\/p>\n<p>A 2017. janu\u00e1r 8-ig l\u00e1togathat\u00f3 ki\u00e1ll\u00edt\u00e1son a Magyar M\u0171v\u00e9szeti Akad\u00e9mia rendes, levelez\u0151 \u00e9s nem akad\u00e9mikus\u00a0k\u00f6ztest\u00fcleti tagjainak munk\u00e1i, k\u00f6zt\u00fck szobrok, festm\u00e9nyek, fot\u00f3k \u00e9s rajzok szerepelnek.\u00a0A t\u00e1rlat kur\u00e1tora Sturcz J\u00e1nos m\u0171v\u00e9szett\u00f6rt\u00e9n\u00e9sz, az MMA levelez\u0151 tagja, Szemad\u00e1m Gy\u00f6rgy k\u00e9pz\u0151m\u0171v\u00e9sz, az MMA\u00a0eln\u00f6ks\u00e9gi tagja \u00e9s Szenes Istv\u00e1n bels\u0151\u00e9p\u00edt\u00e9sz, az MMA rendes tagja. <em>(Forr\u00e1s: MTI)<\/p>\n<p><\/em><strong>Rendezv\u00e9nyek t\u00f6bb napon \u00e1t &#8211; Sepsiszentgy\u00f6rgy\u00f6n is<\/strong><\/p>\n<div>Cs\u00fct\u00f6rt\u00f6k\u00f6n 18.00 \u00f3r\u00e1t\u00f3l a Szabads\u00e1g, szerelem c\u00edm\u0171 filmet vet\u00edtik a Plugor S\u00e1ndor M\u0171v\u00e9szeti K\u00f6z\u00e9piskola d\u00edszterm\u00e9ben. L\u00e1szl\u00f3 M\u00e1rton Kollektiviz\u00e1l\u00e1s-ellenes megmozdul\u00e1sok 1950 \u0151sz\u00e9n H\u00e1romsz\u00e9k megy\u00e9ben c\u00edm\u0171 k\u00f6nyv\u00e9t p\u00e9nteken 18 \u00f3r\u00e1t\u00f3l a Kommunista diktat\u00fara \u00e1ldozatainak eml\u00e9kh\u00e1z\u00e1ban mutatj\u00e1k be. A k\u00f6tetet T\u00f3th Bartos Andr\u00e1s t\u00f6rt\u00e9n\u00e9sz, a Sz\u00e9kely Nemzeti M\u00fazeum munkat\u00e1rsa m\u00e9ltatja, h\u00e1zigazda T\u00f6r\u00f6k J\u00f3zsef.<\/div>\n<div>\u00a0<\/div>\n<div>A Sepsiszentgy\u00f6rgy\u00f6n \u00e9l\u0151 \u00e9s onnan elsz\u00e1rmazott muzsikusok, a Vox Humana kamarak\u00f3rus, a Pro Musica kamarak\u00f3rus \u00e9s a Laudate kamarak\u00f3rus tart k\u00f6z\u00f6s koncertet szombaton 18.00 \u00f3r\u00e1t\u00f3l a Krisztus Kir\u00e1ly Katolikus Templomban. A Kommunista diktat\u00fara \u00e1ldozatainak eml\u00e9kh\u00e1z\u00e1ban \u00e1tadj\u00e1k a Szabads\u00e1g-szobor eml\u00e9kplakettet vas\u00e1rnap 17.00 \u00f3r\u00e1t\u00f3l, majd 18.00-t\u00f3l koszor\u00faz\u00e1s lesz a polg\u00e1rmesteri hivatal homlokzat\u00e1n tal\u00e1lhat\u00f3 Gloria Victis-t\u00e1bl\u00e1n\u00e1l, valamint a Szalai Attila1956-os m\u00e1rt\u00edr Cs\u00edki utcai eml\u00e9kt\u00e1bl\u00e1j\u00e1n\u00e1l helyezik el a kegyelet vir\u00e1gait. <br \/>\n\u00a0<\/div>\n<div style=\"text-align: center;\"><img loading=\"lazy\" decoding=\"async\" src=\"http:\/\/archivum.eloszekelyfold.ro\/wp-content\/uploads\/2021\/12\/szalay_emlektablaja_sepsiszentgyorgyon(1).jpg\" width=\"600\" height=\"388\" alt=\"\"><\/div>\n<div style=\"text-align: center;\"><em>Tor\u00f3 Attila felv\u00e9tele<\/em><\/div>\n<div>\nA Kommunista diktat\u00fara \u00e1ldozatainak eml\u00e9kh\u00e1z\u00e1ban t\u00e1rlatvezet\u00e9st tartanak vas\u00e1rnapig naponta 10.00 \u00e9s 14.00 \u00f3ra k\u00f6z\u00f6tt, csoportoknak jelentkezni a 0726-237.944-es telefonsz\u00e1mon lehet.<\/div>\n<div>\u00a0<\/div>\n<div>Az \u201956-os eml\u00e9kparkn\u00e1l kezd\u0151dik a megeml\u00e9kez\u00e9s vas\u00e1rnap 19.00 \u00f3r\u00e1t\u00f3l, k\u00f6zrem\u0171k\u00f6dnek a Vox Humana kamarak\u00f3rus \u00e9s a Plugor S\u00e1ndor M\u0171v\u00e9szeti K\u00f6z\u00e9piskola di\u00e1kjai. Besz\u00e9det mond Antal \u00c1rp\u00e1d, Sepsiszentgy\u00f6rgy polg\u00e1rmestere, Brendus R\u00e9ka, a Minisztereln\u00f6ks\u00e9g Nemzetpolitikai \u00c1llamtitk\u00e1rs\u00e1g f\u0151oszt\u00e1lyvezet\u0151-helyettese, Z\u00e1konyi Botond, Magyarorsz\u00e1g rom\u00e1niai nagyk\u00f6vete, T\u00f6r\u00f6k J\u00f3zsef, a Volt Politikai Foglyok Sz\u00f6vets\u00e9g\u00e9nek Kov\u00e1szna megyei eln\u00f6ke, illetve \u00e1ld\u00e1st mond Incze Zsolt, a Sepsi Reform\u00e1tus Egyh\u00e1zmegye esperese. A besz\u00e9deket k\u00f6vet\u0151en f\u00e1kly\u00e1s felvonul\u00e1s lesz, a menet az Erzs\u00e9bet parkig halad, ahol a kommunizmus \u00e1ldozatai eml\u00e9k\u00e9re \u00e1ll\u00edtott kopjaf\u00e1n\u00e1l \u00e1ld\u00e1st mond Ft. Hajd\u00fa J\u00e1nos, r\u00f3mai katolikus f\u0151esperes-pl\u00e9b\u00e1nos, majd koszor\u00faz\u00e1s z\u00e1rja.\u00a0<\/div>\n<p>\n<strong>Sz\u00e9kelyudvarhelyen szombaton tartj\u00e1k a v\u00e1rosi megeml\u00e9kez\u00e9st<\/strong><\/p>\n<p>A megyei jog\u00fa v\u00e1ros Polg\u00e1rmesteri Hivatala\u00a0minden \u00e9rdekl\u0151d\u0151t v\u00e1r okt\u00f3ber 22-\u00e9n az 1956-os forradalom \u00e9s szabads\u00e1gharc 60. \u00e9vfordul\u00f3j\u00e1ra szervezett \u00fcnneps\u00e9gre. \u00a0<\/p><\/div>\n<div>\u00a0<\/div>\n<div>Gy\u00fclekez\u0151 17 \u00f3ra 40 perct\u0151l a M\u00e1rton \u00c1ron t\u00e9ren, ahol a polg\u00e1rmesteri hivatal munkat\u00e1rsai kiosztj\u00e1k a\u00a0felvonul\u00e1shoz sz\u00fcks\u00e9ges f\u00e1kly\u00e1kat.\u00a018.00 \u00f3r\u00e1t\u00f3l f\u00e1kly\u00e1s felvonul\u00e1s a Vassz\u00e9kely szobort\u00f3l a V\u00e1rosh\u00e1za t\u00e9ren \u00e1t a Bar\u00e1tok templom\u00e1ig.\u00a018 \u00f3ra 15 perct\u0151l \u00fcnnepi megeml\u00e9kez\u00e9s a M\u00e1rt\u00edrok eml\u00e9km\u0171v\u00e9n\u00e9l. A megeml\u00e9kez\u0151 besz\u00e9det \u00e9s koszor\u00faz\u00e1st k\u00f6vet\u0151en\u00a0folytat\u00f3dik a f\u00e1kly\u00e1s felvonul\u00e1s a Kossuth utc\u00e1n \u00e1t a St\u00fadi\u00f3 Mozi \u00e9p\u00fclet\u00e9ig.\u00a019.00 \u00f3r\u00e1t\u00f3l \u00fcnnepi m\u0171sor a St\u00fadi\u00f3 Mozi nagyterm\u00e9ben, ahol G\u00e1lfi \u00c1rp\u00e1d polg\u00e1rmester els\u0151 alkalommal adja \u00e1t a Vassz\u00e9kely\u00a0d\u00edjakat \u00f6t fiatal sz\u00e9kelyudvarhelyi sz\u00e1m\u00e1ra.\u00a019 \u00f3ra 30 perct\u0151l Varga Mikl\u00f3s koncertezik.<br \/>\n\u00a0<\/div>\n<div style=\"text-align: center;\"><img loading=\"lazy\" decoding=\"async\" src=\"http:\/\/archivum.eloszekelyfold.ro\/wp-content\/uploads\/2021\/12\/vasszekely_szobor.JPG\" width=\"350\" height=\"498\" alt=\"\"><\/div>\n<div style=\"text-align: center;\"><em>A Vassz\u00e9kely szobor Sz\u00e9kelyudvarhelyen (Arch\u00edv felv\u00e9tel)<\/em><\/div>\n<div>\nA 2016-ban alap\u00edtott Vassz\u00e9kely d\u00edj m\u0171v\u00e9szi kivitelez\u00e9s\u0171 bronz eml\u00e9kplakettb\u0151l \u00e9s d\u00edszoklev\u00e9lb\u0151l \u00e1ll. A d\u00edj G\u00e1l\u00e1t\u00a0Lajos: Vas-sz\u00e9kely elnevez\u00e9s\u0171 \u00f6nt\u00f6ttvas plakettj\u00e9nek m\u00e1solata, ez\u00e9rt is marad rajta a \u201e82-es Vas-sz\u00e9kely felirat\u201d,\u00a0illetve az 1917-es jelz\u00e9s. A d\u00edjat \u00e9vente maxim\u00e1lisan \u00f6t olyan fiatal, 25-45 \u00e9v k\u00f6z\u00f6tti szem\u00e9ly kaphatja meg,\u00a0akinek \u00e1lland\u00f3 lakhelye Sz\u00e9kelyudvarhely,\u00a0aki jelent\u0151s m\u00e9rt\u00e9kben hozz\u00e1j\u00e1rul a v\u00e1ros fejl\u0151d\u00e9s\u00e9hez gazdas\u00e1gi, kultur\u00e1lis, m\u0171v\u00e9szeti, publicisztikai,\u00a0pedag\u00f3giai, \u00e9p\u00edt\u00e9szeti, technikai, tudom\u00e1nyos, term\u00e9szetv\u00e9delmi, illetve sport ter\u00e9n, vagy embers\u00e9gben,\u00a0j\u00f3t\u00e9konykod\u00e1sban, illetve a k\u00f6z\u00e9letben p\u00e9ldamutat\u00f3 egy\u00e9nis\u00e9g a k\u00f6z\u00f6ss\u00e9g sz\u00e1m\u00e1ra,\u00a0aki jelent\u0151s m\u00e9rt\u00e9kben tev\u00e9kenykedik a v\u00e1ros gazdas\u00e1gi \u00e9s kultur\u00e1lis \u00e9let\u00e9nek fellend\u00edt\u00e9s\u00e9ben, j\u00f3 h\u00edrnev\u00e9nek\u00a0\u00f6regb\u00edt\u00e9s\u00e9ben itthon vagy k\u00fclf\u00f6ld\u00f6n,\u00a0aki birtok\u00e1ban van mindannak, ami k\u00f6ti \u0151t eredet\u00e9hez, a magyars\u00e1ghoz, a sz\u00fcl\u0151f\u00f6ldh\u00f6z.\u00a0A d\u00edj v\u00e1rom\u00e1nyosainak neve nem publikus, az \u00f6tvenhatos megeml\u00e9kez\u00e9s napj\u00e1n der\u00fcl f\u00e9ny kil\u00e9t\u00fckre, d\u00edj\u00e1tad\u00e1skor &#8211; k\u00f6z\u00f6lte port\u00e1lunkkal a Polg\u00e1rmesteri Hivatal sajt\u00f3oszt\u00e1lya.<\/p>\n<p><em>Sim\u00f3 M\u00e1rton\/ \u00c9l\u0151 Sz\u00e9kelyf\u00f6ld Munkacsoport<\/em><\/div>\n<\/p><\/div>\n","protected":false},"excerpt":{"rendered":"<p>A magyarok vil\u00e1gszerte az 1956-os forradalom hatvan\u00e9ves \u00e9vfordul\u00f3j\u00e1ra eml\u00e9keznek ezekben a napokban. A forradalom \u00e9s szabads\u00e1gharc 60. \u00e9vfordul\u00f3ja tisztelet\u00e9re szervezett \u00fcnnepi programok id\u00e9n nagyon teret \u00e9s jelent\u0151s\u00e9get kapnak, sz\u00e1mos helyen avatnak szobrokat, eml\u00e9kt\u00e1bl\u00e1kat, szerveznek vet\u00e9lked\u0151ket \u00e1ltal\u00e1nos \u00e9s k\u00f6z\u00e9piskol\u00e1sok sz\u00e1m\u00e1ra, s az esem\u00e9nyek ma m\u00e1r id\u0151s szemtan\u00fai \u00e9s szerepl\u0151i pedig el\u0151ad\u00e1sokkal, dokumentumfilmekben \u00e9s telev\u00edzi\u00f3s m\u0171sorokban val\u00f3 [&hellip;]<\/p>\n","protected":false},"author":1,"featured_media":28442,"comment_status":"open","ping_status":"open","sticky":false,"template":"","format":"standard","meta":{"footnotes":""},"categories":[],"tags":[],"class_list":["post-28441","post","type-post","status-publish","format-standard","has-post-thumbnail","hentry"],"_links":{"self":[{"href":"https:\/\/archivum.eloszekelyfold.ro\/index.php\/wp-json\/wp\/v2\/posts\/28441","targetHints":{"allow":["GET"]}}],"collection":[{"href":"https:\/\/archivum.eloszekelyfold.ro\/index.php\/wp-json\/wp\/v2\/posts"}],"about":[{"href":"https:\/\/archivum.eloszekelyfold.ro\/index.php\/wp-json\/wp\/v2\/types\/post"}],"author":[{"embeddable":true,"href":"https:\/\/archivum.eloszekelyfold.ro\/index.php\/wp-json\/wp\/v2\/users\/1"}],"replies":[{"embeddable":true,"href":"https:\/\/archivum.eloszekelyfold.ro\/index.php\/wp-json\/wp\/v2\/comments?post=28441"}],"version-history":[{"count":0,"href":"https:\/\/archivum.eloszekelyfold.ro\/index.php\/wp-json\/wp\/v2\/posts\/28441\/revisions"}],"wp:featuredmedia":[{"embeddable":true,"href":"https:\/\/archivum.eloszekelyfold.ro\/index.php\/wp-json\/wp\/v2\/media\/28442"}],"wp:attachment":[{"href":"https:\/\/archivum.eloszekelyfold.ro\/index.php\/wp-json\/wp\/v2\/media?parent=28441"}],"wp:term":[{"taxonomy":"category","embeddable":true,"href":"https:\/\/archivum.eloszekelyfold.ro\/index.php\/wp-json\/wp\/v2\/categories?post=28441"},{"taxonomy":"post_tag","embeddable":true,"href":"https:\/\/archivum.eloszekelyfold.ro\/index.php\/wp-json\/wp\/v2\/tags?post=28441"}],"curies":[{"name":"wp","href":"https:\/\/api.w.org\/{rel}","templated":true}]}}