{"id":28439,"date":"2021-12-13T05:35:00","date_gmt":"2021-12-13T05:35:00","guid":{"rendered":"http:\/\/archivum.eloszekelyfold.ro\/2021\/12\/13\/elfogtak-a-terez-koruti-merenylot\/"},"modified":"2021-12-13T05:35:00","modified_gmt":"2021-12-13T05:35:00","slug":"elfogtak-a-terez-koruti-merenylot","status":"publish","type":"post","link":"https:\/\/archivum.eloszekelyfold.ro\/index.php\/2021\/12\/13\/elfogtak-a-terez-koruti-merenylot\/","title":{"rendered":"Elfogt\u00e1k a Ter\u00e9z k\u00f6r\u00fati mer\u00e9nyl\u0151t"},"content":{"rendered":"<p><\/p>\n<div style=\"color:#666666; font-family:inherit; font-size:14px;font-style: normal;text-align:left;line-height:24px;\">\n<div style=\"float:left\"><img decoding=\"async\" src=\"http:\/\/archivum.eloszekelyfold.ro\/wp-content\/uploads\/2021\/12\/526_terez_korut_index.jpg\" alt=\"Elfogt\u00e1k a Ter\u00e9z k\u00f6r\u00fati mer\u00e9nyl\u0151t\" style=\"padding-right:14px; padding-bottom:6px; padding-top:6px;\" width=\"320px\"><\/div>\n<p>                              El\u0151re kitervelten, t\u00f6bb emberen, hivatalos szem\u00e9ly s\u00e9relm\u00e9re elk\u00f6vetett ember\u00f6l\u00e9s k\u00eds\u00e9rlet\u00e9vel \u00e9s robban\u00f3anyaggal vissza\u00e9l\u00e9ssel gyan\u00fas\u00edtott meg a K\u00f6zponti Nyomoz\u00f3 F\u0151\u00fcgy\u00e9szs\u00e9g (KNYF) egy magyar \u00e1llampolg\u00e1rs\u00e1g\u00fa, b\u00fcntetlen el\u0151\u00e9let\u0171 fiatalembert a Ter\u00e9z k\u00f6r\u00fati robbant\u00e1ssal \u00f6sszef\u00fcgg\u00e9sben &#8211; jelentette be cs\u00fct\u00f6rt\u00f6ki budapesti sajt\u00f3t\u00e1j\u00e9koztat\u00f3j\u00e1n Keresztes Imre f\u0151\u00fcgy\u00e9sz.<\/p>\n<p>Keresztes Imre elmondta: a szerd\u00e1n elfogott fiatalember a gyan\u00fas\u00edt\u00e1sa \u00e9s az \u0151rizetbe v\u00e9tele ellen is panasszal \u00e9lt, ugyanakkor a f\u0151\u00fcgy\u00e9szs\u00e9g kezdem\u00e9nyezi az el\u0151zetes letart\u00f3ztat\u00e1s\u00e1t. Hozz\u00e1tette: a f\u00e9rfi \u00e9lt azzal a jog\u00e1val, hogy nem tesz vallom\u00e1st.<\/p>\n<p>Besz\u00e1molt arr\u00f3l is, hogy a gyan\u00fas\u00edtott a felv\u00e9telek alapj\u00e1n egyed\u00fcl k\u00f6vette el a b\u0171ncselekm\u00e9nyt, az elj\u00e1r\u00e1s sor\u00e1n nem mer\u00fclt fel, hogy b\u00e9rgyilkosk\u00e9nt robbantott volna.<\/p>\n<p>A KNYF vezet\u0151je hangs\u00falyozta, hogy a nyomoz\u00e1s folyamatos, m\u00e9g nem fejez\u0151d\u00f6tt be; a bizony\u00edt\u00e9kok ismertet\u00e9se, \u00e9rt\u00e9kel\u00e9se az elj\u00e1r\u00e1s jelenlegi szakasz\u00e1ban nem lehets\u00e9ges. K\u00f6z\u00f6lte: a nyomoz\u00e1st a K\u00e9szenl\u00e9ti Rend\u0151rs\u00e9g Nemzeti Nyomoz\u00f3 Irod\u00e1val (KR NNI) egy\u00fcttm\u0171k\u00f6d\u00e9sben v\u00e9gezt\u00e9k \u00e9s v\u00e9gzik.<\/p>\n<div style=\"text-align: center;\"><img loading=\"lazy\" decoding=\"async\" src=\"http:\/\/archivum.eloszekelyfold.ro\/wp-content\/uploads\/2021\/12\/sajttaj_terez_korut.jpg\" width=\"450\" height=\"311\" alt=\"\"><\/div>\n<div style=\"text-align: center;\"><em>Fot\u00f3: Index.hu\/ Vajda Zolt\u00e1n<\/em><\/div>\n<p>\nKeresztes Imre t\u00e1j\u00e9koztat\u00e1sa szerint kezdett\u0151l minden lehets\u00e9ges verzi\u00f3t vizsg\u00e1ltak a robbant\u00e1ssal \u00f6sszef\u00fcgg\u00e9sben, \u00e9s ez a munka tov\u00e1bbra is tart: sok k\u00f6r\u00fclm\u00e9nyt kell m\u00e9g bizony\u00edtani, felder\u00edteni. Lesz\u00f6gezte ugyanakkor: t\u00f6bb er\u0151s bizony\u00edt\u00e9k sz\u00f3l az elfogott f\u00e9rfi ellen, \u00e9s nem volt megalapozatlan a f\u00e9lelem att\u00f3l, hogy a gyan\u00fas\u00edtott \u00fajabb hasonl\u00f3 b\u0171ncselekm\u00e9nyt k\u00f6vethet el. Ez\u00e9rt megnyugtat\u00f3, hogy m\u00e1r \u0151rizetben van az illet\u0151 &#8211; jegyezte meg.<\/p>\n<p>Papp K\u00e1roly orsz\u00e1gos rend\u0151rf\u0151kapit\u00e1ny arr\u00f3l adott t\u00e1j\u00e9koztat\u00e1st, hogy folyamatosan javul a robbant\u00e1sban megs\u00e9r\u00fclt rend\u0151r\u00f6k \u00e1llapota, rem\u00e9lhet\u0151leg n\u00e9h\u00e1ny h\u00f3nap m\u00falva vissza tudnak \u00e1llni a szolg\u00e1latba, amelyet eddig is elk\u00f6telezetten l\u00e1ttak el. Az ut\u00f3kezel\u00e9sek biztos\u00edtottak sz\u00e1mukra &#8211; f\u0171zte hozz\u00e1. Az alt\u00e1bornagy elmondta: mintegy ezer bejelent\u00e9s \u00e9rkezett az \u00fcggyel \u00f6sszef\u00fcgg\u00e9sben, ezek k\u00f6z\u00fcl egyiket sem &#8222;tett\u00e9k f\u00e9lre&#8221;, valamennyit ellen\u0151rizt\u00e9k.<\/p>\n<p>A rend\u0151rf\u0151kapit\u00e1ny megk\u00f6sz\u00f6nte a t\u00e1rsszervek egy\u00fcttm\u0171k\u00f6d\u00e9s\u00e9t \u00e9s jelezte: az Orsz\u00e1gos Rend\u0151r-f\u0151kapit\u00e1nys\u00e1g tov\u00e1bbra is biztos\u00edtja a f\u0151\u00fcgy\u00e9szs\u00e9g sz\u00e1m\u00e1ra a hum\u00e1n er\u0151forr\u00e1sokat \u00e9s a technikai eszk\u00f6z\u00f6ket az \u00fcgy felder\u00edt\u00e9s\u00e9hez.<\/p>\n<p>Hajdu J\u00e1nos, a Terrorelh\u00e1r\u00edt\u00e1si K\u00f6zpont (TEK) f\u0151igazgat\u00f3ja arr\u00f3l besz\u00e9lt, hogy Keszthelyen fogt\u00e1k el a gyan\u00fas\u00edtottat. A vez\u00e9r\u0151rnagy hangs\u00falyozta: a TEK m\u0171veleti egys\u00e9gei orsz\u00e1gos szinten t\u00f6bb helyen beavatkoztak, de nem igaz az, hogy mindegyik a Ter\u00e9z k\u00f6r\u00fati b\u0171ncselekm\u00e9nnyel lenne kapcsolatban. P\u00e9ldak\u00e9nt eml\u00edtette, hogy B\u00e1tonyterenye t\u00e9rs\u00e9g\u00e9ben egy felfegyverzett elk\u00f6vet\u0151t fogtak el, Gy\u00e1l t\u00e9rs\u00e9g\u00e9ben egy k\u00f3ros elme\u00e1llapot\u00fa embert, Szolnokon pedig egy j\u00f6v\u0151 heti katonai gyakorlat miatt jelentek meg; ezek nincsenek \u00f6sszef\u00fcgg\u00e9sben a szerda d\u00e9lut\u00e1ni d\u00e9lnyugat-magyarorsz\u00e1gi m\u0171veletekkel.<\/p>\n<p>Hajdu J\u00e1nos elmondta: Papp K\u00e1roly szerd\u00e1n szem\u00e9lyesen olyan inform\u00e1ci\u00f3kat adott \u00e1t a TEK-nek, amelyek lehet\u0151v\u00e9 tett\u00e9k a d\u00e9lut\u00e1ni \u00f3r\u00e1kban a c\u00e9lszem\u00e9ly elfog\u00e1s\u00e1t. A felt\u00e9telezett elk\u00f6vet\u0151t 16 \u00f3ra 9 perckor, Keszthelyen tudt\u00e1k elfogni, a f\u00e9rfi az aut\u00f3j\u00e1ban v\u00e1rakozott a Balaton-parti s\u00e9t\u00e1nyon egy a forgalomt\u00f3l elz\u00e1rt ter\u00fcleten.<\/p>\n<p>A tettes elfog\u00e1s\u00e1r\u00f3l a TEK \u00e1ltal k\u00e9sz\u00edtett vide\u00f3.<\/p>\n<div style=\"text-align: center;\"><embed type=\"application\/x-shockwave-flash\" pluginspage=\"http:\/\/www.macromedia.com\/go\/getflashplayer\" src=\"http:\/\/www.youtube.com\/v\/HzNODlYTfbE%26hl=en%26fs=1%26rel=0%26ap=%2526fmt=18\" width=\"425\" height=\"344\"><\/embed><\/div>\n<p>\nAmennyiben nem tudja lej\u00e1tszani, akkor\u00a0<a href=\"https:\/\/www.youtube.com\/watch?time_continue=25&#038;v=HzNODlYTfbE\"><strong><span style=\"color: rgb(255, 0, 0);\">ITT<\/span><\/strong><\/a>\u00a0pr\u00f3b\u00e1lkozzon.<\/p>\n<p>Az elfog\u00e1s ut\u00e1n orvosi vizsg\u00e1latnak vetett\u00e9k al\u00e1 a gyan\u00fas\u00edtottat, akinek nem volt s\u00e9r\u00fcl\u00e9se, sem panasza, majd t\u0171zszer\u00e9szi vizsg\u00e1latot v\u00e9geztek az aut\u00f3j\u00e1n. Ezt k\u00f6vet\u0151en egy m\u00e1sik telep\u00fcl\u00e9sen \u00e1tvizsg\u00e1ltak egy \u00e9p\u00fcletet, amely k\u00e9tszeres m\u0171velet alatt zajlott: a t\u0171zszer\u00e9szek biztos\u00edt\u00e1sa mellett hatoltak be a m\u0171veleti egys\u00e9gek a h\u00e1zba, &#8222;ahol m\u00e1s c\u00e9lszem\u00e9lyt nem tal\u00e1ltak&#8221;. Ezut\u00e1n a felt\u00e9telezett elk\u00f6vet\u0151t Budapestre sz\u00e1ll\u00edtott\u00e1k.<\/p>\n<p>Keresztes Imre az MTI-nek arra a k\u00e9rd\u00e9s\u00e9re, hogy meg tudj\u00e1k-e er\u0151s\u00edteni azt a kor\u00e1bbi kijelent\u00e9st, miszerint a robbant\u00e1s rend\u0151r\u00f6k ellen ir\u00e1nyult, azt mondta: nyilv\u00e1nos az a felv\u00e9tel, amelyen l\u00e1tszik, hogy mi t\u00f6rt\u00e9nt, &#8222;teljesen egy\u00e9rtelm\u0171, hogy kiket c\u00e9loz az elk\u00f6vet\u0151&#8221;.<\/p>\n<p>A gyan\u00fas\u00edtottr\u00f3l tov\u00e1bbi r\u00e9szleteket nem k\u00f6z\u00f6lt, arra hivatkozva, hogy annyit mondott el r\u00f3la, amit jelenleg el lehet mondani, tov\u00e1bbi azonos\u00edt\u00e1sra alkalmas adatot nem. Ismertette: magyar \u00e1llampolg\u00e1rr\u00f3l van sz\u00f3, b\u00fcntetlen el\u0151\u00e9let\u0171 \u00e9s nem budapesti illet\u0151s\u00e9g\u0171. Hozz\u00e1tette: semmilyen el\u0151zm\u00e9nye nincs annak, hogy gyan\u00fas\u00edtott egy ilyen cselekm\u00e9nyre k\u00e9pes.<\/p>\n<p>A f\u0151\u00fcgy\u00e9sz nem besz\u00e9lt arr\u00f3l sem, hogy tal\u00e1ltak-e a h\u00e1zkutat\u00e1sok sor\u00e1n tov\u00e1bbi robban\u00f3szert a gyan\u00fas\u00edtottal \u00f6sszef\u00fcgg\u00e9sben. Csak annyit mondott el, hogy nagyon sok bizony\u00edt\u00e9kot szereztek be, k\u00fcl\u00f6n megjegyezve, a szak\u00e9rt\u0151k is \u00e9jjel-nappal dolgoztak az\u00e9rt, hogy a nyomoz\u00e1s sor\u00e1n el\u0151bbre juthassanak. Hangs\u00falyozta ugyanakkor, sem a nyomoz\u00e1s, sem az egyes bizony\u00edt\u00e9kok nem nyilv\u00e1nosak, \u00edgy nem reag\u00e1lt a f\u0151\u00fcgy\u00e9sz arra a sajt\u00f3h\u00edrre sem, hogy a gyan\u00fas\u00edtott \u00e9desanyj\u00e1nak DNS-e vezette el a hat\u00f3s\u00e1gokat a gyan\u00fas\u00edtotthoz.<\/p>\n<p>A robban\u00f3szerkezettel \u00f6sszef\u00fcgg\u00e9sben Keresztes Imre meger\u0151s\u00edtette, hogy abban sz\u00f6gek voltak, ereje l\u00e1that\u00f3 volt a felv\u00e9teleken is. Arra a k\u00e9rd\u00e9sre, hogy van-e a gyan\u00fas\u00edtottnak a robban\u00f3szerkezettel kapcsolatban speci\u00e1lis k\u00e9pzetts\u00e9ge, a f\u0151\u00fcgy\u00e9sz azt mondta: &#8222;erre csak azt tudom mondani, hogy elk\u00e9sz\u00edtette, \u00e9s m\u0171k\u00f6d\u00f6tt&#8221;.<\/p>\n<p>Szint\u00e9n k\u00e9rd\u00e9sre v\u00e1laszolva azt mondta: amikor a gyan\u00fas\u00edtott l\u00e1t\u00f3k\u00f6rbe ker\u00fclt, a lehet\u0151 leggyorsabban elj\u00e1r\u00e1s al\u00e1 vont\u00e1k, &#8222;pont az\u00e9rt, nehogy t\u00f6rt\u00e9nhessen m\u00e9g egy hasonl\u00f3 b\u0171ncselekm\u00e9ny, mert az elviselhetetlen lett volna&#8221;.<\/p>\n<p>C\u00edmk\u00e9pen: a robbant\u00e1s helysz\u00edn\u00e9n &#8211; Fot\u00f3: Index.hu<\/p>\n<div><em>Forr\u00e1s: MTI<\/em><\/div>\n<\/p><\/div>\n","protected":false},"excerpt":{"rendered":"<p>El\u0151re kitervelten, t\u00f6bb emberen, hivatalos szem\u00e9ly s\u00e9relm\u00e9re elk\u00f6vetett ember\u00f6l\u00e9s k\u00eds\u00e9rlet\u00e9vel \u00e9s robban\u00f3anyaggal vissza\u00e9l\u00e9ssel gyan\u00fas\u00edtott meg a K\u00f6zponti Nyomoz\u00f3 F\u0151\u00fcgy\u00e9szs\u00e9g (KNYF) egy magyar \u00e1llampolg\u00e1rs\u00e1g\u00fa, b\u00fcntetlen el\u0151\u00e9let\u0171 fiatalembert a Ter\u00e9z k\u00f6r\u00fati robbant\u00e1ssal \u00f6sszef\u00fcgg\u00e9sben &#8211; jelentette be cs\u00fct\u00f6rt\u00f6ki budapesti sajt\u00f3t\u00e1j\u00e9koztat\u00f3j\u00e1n Keresztes Imre f\u0151\u00fcgy\u00e9sz. Keresztes Imre elmondta: a szerd\u00e1n elfogott fiatalember a gyan\u00fas\u00edt\u00e1sa \u00e9s az \u0151rizetbe v\u00e9tele ellen is [&hellip;]<\/p>\n","protected":false},"author":1,"featured_media":28440,"comment_status":"open","ping_status":"open","sticky":false,"template":"","format":"standard","meta":{"footnotes":""},"categories":[],"tags":[],"class_list":["post-28439","post","type-post","status-publish","format-standard","has-post-thumbnail","hentry"],"_links":{"self":[{"href":"https:\/\/archivum.eloszekelyfold.ro\/index.php\/wp-json\/wp\/v2\/posts\/28439","targetHints":{"allow":["GET"]}}],"collection":[{"href":"https:\/\/archivum.eloszekelyfold.ro\/index.php\/wp-json\/wp\/v2\/posts"}],"about":[{"href":"https:\/\/archivum.eloszekelyfold.ro\/index.php\/wp-json\/wp\/v2\/types\/post"}],"author":[{"embeddable":true,"href":"https:\/\/archivum.eloszekelyfold.ro\/index.php\/wp-json\/wp\/v2\/users\/1"}],"replies":[{"embeddable":true,"href":"https:\/\/archivum.eloszekelyfold.ro\/index.php\/wp-json\/wp\/v2\/comments?post=28439"}],"version-history":[{"count":0,"href":"https:\/\/archivum.eloszekelyfold.ro\/index.php\/wp-json\/wp\/v2\/posts\/28439\/revisions"}],"wp:featuredmedia":[{"embeddable":true,"href":"https:\/\/archivum.eloszekelyfold.ro\/index.php\/wp-json\/wp\/v2\/media\/28440"}],"wp:attachment":[{"href":"https:\/\/archivum.eloszekelyfold.ro\/index.php\/wp-json\/wp\/v2\/media?parent=28439"}],"wp:term":[{"taxonomy":"category","embeddable":true,"href":"https:\/\/archivum.eloszekelyfold.ro\/index.php\/wp-json\/wp\/v2\/categories?post=28439"},{"taxonomy":"post_tag","embeddable":true,"href":"https:\/\/archivum.eloszekelyfold.ro\/index.php\/wp-json\/wp\/v2\/tags?post=28439"}],"curies":[{"name":"wp","href":"https:\/\/api.w.org\/{rel}","templated":true}]}}