{"id":28437,"date":"2021-12-13T05:33:00","date_gmt":"2021-12-13T05:33:00","guid":{"rendered":"http:\/\/archivum.eloszekelyfold.ro\/2021\/12\/13\/erdeszeti-szakkonferencia-es-erdesztalalkozo\/"},"modified":"2021-12-13T05:33:00","modified_gmt":"2021-12-13T05:33:00","slug":"erdeszeti-szakkonferencia-es-erdesztalalkozo","status":"publish","type":"post","link":"https:\/\/archivum.eloszekelyfold.ro\/index.php\/2021\/12\/13\/erdeszeti-szakkonferencia-es-erdesztalalkozo\/","title":{"rendered":"Erd\u00e9szeti szakkonferencia \u00e9s erd\u00e9sztal\u00e1lkoz\u00f3"},"content":{"rendered":"<p><\/p>\n<div style=\"color:#666666; font-family:inherit; font-size:14px;font-style: normal;text-align:left;line-height:24px;\">\n<div style=\"float:left\"><img decoding=\"async\" src=\"http:\/\/archivum.eloszekelyfold.ro\/wp-content\/uploads\/2021\/12\/527_pro_silva_1.jpg\" alt=\"Erd\u00e9szeti szakkonferencia \u00e9s erd\u00e9sztal\u00e1lkoz\u00f3\" style=\"padding-right:14px; padding-bottom:6px; padding-top:6px;\" width=\"320px\"><\/div>\n<p>                              Az Erd\u00e9lyi Magyar M\u0171szaki Tudom\u00e1nyos T\u00e1rsas\u00e1g Erd\u00e9szeti Szakoszt\u00e1lya \u00e9s az Orsz\u00e1gos Erd\u00e9szeti Egyes\u00fclet Erd\u00e9lyi Helyi Csoportja 16. alkalommal szervezi meg okt\u00f3ber 21-22. k\u00f6z\u00f6tt a ma m\u00e1r hagyom\u00e1nyosnak sz\u00e1m\u00edt\u00f3 Erd\u00e9szeti szakkonferenci\u00e1t Erd\u00e9lyben valamint a 3. K\u00e1rp\u00e1tmedencei erd\u00e9sz tal\u00e1lkoz\u00f3t (K\u00e1rp\u00e1talja, Felvid\u00e9k, Horv\u00e1torsz\u00e1g, Szlov\u00e9nia, Magyarorsz\u00e1g \u00e9s Erd\u00e9lyi szakemberek r\u00e9szv\u00e9tel\u00e9vel). \u00a0<\/p>\n<p>Az idei programokat \u00a0a s\u00f3b\u00e1ny\u00e1j\u00e1r\u00f3l \u00e9s f\u00fcrd\u0151j\u00e9r\u0151l h\u00edres Parajdon tartj\u00e1k.<\/p>\n<p>Az 1990-ben alap\u00edtott, kolozsv\u00e1ri k\u00f6zponttal m\u0171k\u00f6d\u0151 Erd\u00e9lyi Magyar M\u0171szaki Tudom\u00e1nyos T\u00e1rsas\u00e1gon (EMT) bel\u00fcl 2001-ben l\u00e9trehozott Erd\u00e9szeti Szakoszt\u00e1ly akt\u00edv tev\u00e9kenys\u00e9get folyatat az erd\u0151kkel kapcsolatos tud\u00e1s-\u00e1tad\u00e1s \u00e9s a strat\u00e9gi\u00e1k megismer\u00e9se ter\u00e9n. F\u0151 c\u00e9lkit\u0171z\u00e9se a szakoszt\u00e1lynak \u00e9s egyes\u00fcletnek \u00a0az erd\u00e9sz szakma hazai k\u00e9pvisel\u0151inek h\u00e1l\u00f3zatba szervez\u00e9se \u00e9s tov\u00e1bbk\u00e9pz\u00e9se mellett az erd\u0151gazd\u00e1lkod\u00e1s K\u00e1rp\u00e1tmedencei region\u00e1lis szeml\u00e9let\u00e9nek kialak\u00edt\u00e1sa. Ennek szellem\u00e9ben lett az idei tal\u00e1lkoz\u00f3 c\u00edme Erd\u0151gazd\u00e1lkod\u00e1s a K\u00e1rp\u00e1t Medenc\u00e9ben.<\/p>\n<p>Az Orsz\u00e1gos Erd\u00e9szeti Egyes\u00fclet egy 150 \u00e9ves szakmai szervezet, Magyarorsz\u00e1g egyik legr\u00e9gebbi \u00e9s folyamatosan m\u0171k\u00f6d\u0151 szakmai szervezete, ennek a szervezetnek alakult meg 2010-ben az Erd\u00e9lyi Helyi Csoportja amely mag\u00e1ba foglalja az addig EMT Erd\u00e9szeti Szakoszt\u00e1lyak\u00e9nt m\u0171k\u00f6d\u0151 szervezetet. A helyi csoport vezet\u0151je Szak\u00e1cs S\u00e1ndor okleveles erd\u0151m\u00e9rn\u00f6k.<\/p>\n<p>Az erd\u0151 \u00e9s a v\u00e9le val\u00f3 gazd\u00e1lkod\u00e1s egyre jobban reflektorf\u00e9nybe ker\u00fcl, ez\u00e9rt szakmai szervezeteink elk\u00f6telezettek a civil t\u00e1rsadalommal val\u00f3 kapcsolattart\u00e1sban \u00e9s a szakemberek szempontjainak megismertet\u00e9s\u00e9ben. Az ilyen \u00e9s ehhez hasonl\u00f3 esem\u00e9nyek j\u00f3 lehet\u0151s\u00e9get ny\u00fajtanak a civil t\u00e1rsadalom felel\u0151s felvil\u00e1gos\u00edt\u00e1s\u00e1ra.<\/p>\n<div>\u00a0<\/div>\n<div><strong>A tervezett program<\/strong><\/p>\n<p>P\u00e9nteken, okt\u00f3ber 21-\u00e9n &#8211; terepi szakmai l\u00e1togat\u00e1sok.<br \/>\nSzombaton, okt\u00f3ber 22-\u00e9n &#8211; szakmai konferencia a Parajdi S\u00f3b\u00e1nya konferencia term\u00e9ben 09:00-14:00 k\u00f6z\u00f6tt.<\/p>\n<p>A szervez\u0151k a sajt\u00f3 k\u00e9pvisel\u0151it is nagy szeretettel v\u00e1rj\u00e1k. <\/p>\n<p>K\u00e9rj\u00fck jelezz\u00e9k r\u00e9szv\u00e9teli sz\u00e1nd\u00e9kukat Szak\u00e1cs S\u00e1ndornak a konferencia\u00a0f\u0151szervez\u0151j\u00e9nek a 0744-599253-as telefonsz\u00e1mon, illetve a szakacsek@gmail.com vill\u00e1mposta-c\u00edmen.<\/p>\n<p><em>C\u00edmk\u00e9p\u00fcnk: erdo-mezo.hu<\/em><\/p>\n<p><a href=\"http:\/\/apapet.ro\/\"><strong><span style=\"color: rgb(255, 0, 0);\">www.apapet.ro<\/span><\/strong><\/a><\/div>\n<div><em><br \/>\n<\/em><\/div>\n<div><em>K\u00e1d\u00e1r Tibor-S\u00e1ndor\u00a0<\/em><\/div>\n<div><em>okleveles erd\u0151m\u00e9rn\u00f6k<\/em><\/div>\n<div>\u00a0<\/div>\n<div>\u00a0<\/div>\n<\/p><\/div>\n","protected":false},"excerpt":{"rendered":"<p>Az Erd\u00e9lyi Magyar M\u0171szaki Tudom\u00e1nyos T\u00e1rsas\u00e1g Erd\u00e9szeti Szakoszt\u00e1lya \u00e9s az Orsz\u00e1gos Erd\u00e9szeti Egyes\u00fclet Erd\u00e9lyi Helyi Csoportja 16. alkalommal szervezi meg okt\u00f3ber 21-22. k\u00f6z\u00f6tt a ma m\u00e1r hagyom\u00e1nyosnak sz\u00e1m\u00edt\u00f3 Erd\u00e9szeti szakkonferenci\u00e1t Erd\u00e9lyben valamint a 3. K\u00e1rp\u00e1tmedencei erd\u00e9sz tal\u00e1lkoz\u00f3t (K\u00e1rp\u00e1talja, Felvid\u00e9k, Horv\u00e1torsz\u00e1g, Szlov\u00e9nia, Magyarorsz\u00e1g \u00e9s Erd\u00e9lyi szakemberek r\u00e9szv\u00e9tel\u00e9vel). \u00a0 Az idei programokat \u00a0a s\u00f3b\u00e1ny\u00e1j\u00e1r\u00f3l \u00e9s f\u00fcrd\u0151j\u00e9r\u0151l h\u00edres [&hellip;]<\/p>\n","protected":false},"author":1,"featured_media":28438,"comment_status":"open","ping_status":"open","sticky":false,"template":"","format":"standard","meta":{"footnotes":""},"categories":[],"tags":[],"class_list":["post-28437","post","type-post","status-publish","format-standard","has-post-thumbnail","hentry"],"_links":{"self":[{"href":"https:\/\/archivum.eloszekelyfold.ro\/index.php\/wp-json\/wp\/v2\/posts\/28437","targetHints":{"allow":["GET"]}}],"collection":[{"href":"https:\/\/archivum.eloszekelyfold.ro\/index.php\/wp-json\/wp\/v2\/posts"}],"about":[{"href":"https:\/\/archivum.eloszekelyfold.ro\/index.php\/wp-json\/wp\/v2\/types\/post"}],"author":[{"embeddable":true,"href":"https:\/\/archivum.eloszekelyfold.ro\/index.php\/wp-json\/wp\/v2\/users\/1"}],"replies":[{"embeddable":true,"href":"https:\/\/archivum.eloszekelyfold.ro\/index.php\/wp-json\/wp\/v2\/comments?post=28437"}],"version-history":[{"count":0,"href":"https:\/\/archivum.eloszekelyfold.ro\/index.php\/wp-json\/wp\/v2\/posts\/28437\/revisions"}],"wp:featuredmedia":[{"embeddable":true,"href":"https:\/\/archivum.eloszekelyfold.ro\/index.php\/wp-json\/wp\/v2\/media\/28438"}],"wp:attachment":[{"href":"https:\/\/archivum.eloszekelyfold.ro\/index.php\/wp-json\/wp\/v2\/media?parent=28437"}],"wp:term":[{"taxonomy":"category","embeddable":true,"href":"https:\/\/archivum.eloszekelyfold.ro\/index.php\/wp-json\/wp\/v2\/categories?post=28437"},{"taxonomy":"post_tag","embeddable":true,"href":"https:\/\/archivum.eloszekelyfold.ro\/index.php\/wp-json\/wp\/v2\/tags?post=28437"}],"curies":[{"name":"wp","href":"https:\/\/api.w.org\/{rel}","templated":true}]}}