{"id":28435,"date":"2021-12-13T05:31:00","date_gmt":"2021-12-13T05:31:00","guid":{"rendered":"http:\/\/archivum.eloszekelyfold.ro\/2021\/12\/13\/impresszum\/"},"modified":"2021-12-13T05:31:00","modified_gmt":"2021-12-13T05:31:00","slug":"impresszum","status":"publish","type":"post","link":"https:\/\/archivum.eloszekelyfold.ro\/index.php\/2021\/12\/13\/impresszum\/","title":{"rendered":"Impresszum"},"content":{"rendered":"<p><\/p>\n<div style=\"color:#666666; font-family:inherit; font-size:14px;font-style: normal;text-align:left;line-height:24px;\">\n<div style=\"float:left\"><img decoding=\"async\" src=\"http:\/\/archivum.eloszekelyfold.ro\/wp-content\/uploads\/2021\/12\/528_ESZM_logo.jpg\" alt=\"Impresszum\" style=\"padding-right:14px; padding-bottom:6px; padding-top:6px;\" width=\"320px\"><\/div>\n<p>                              <strong>\u00c9l\u0151 Sz\u00e9kelyf\u00f6ld. Az otthonunk!<\/strong><\/p>\n<div>\nKiadja az \u00c9l\u0151 Sz\u00e9kelyf\u00f6ld Egyes\u00fclet megb\u00edz\u00e1s\u00e1b\u00f3l az \u00c9l\u0151 Sz\u00e9kelyf\u00f6ld Munkacsoport.\u00a0<\/p>\n<p>Az egyes\u00fclet hivatalos megnevez\u00e9se<\/p>\n<p>Asociatia &#8222;Secuimea Vie&#8221;<br \/>\n537061 Atia\/ Atyha 127<br \/>\nHargita megye<br \/>\nRom\u00e1nia<br \/>\nAd\u00f3sz\u00e1m\/CUI: 36825602<\/p>\n<p>Sz\u00e1mlasz\u00e1m\/Cont<br \/>\nRO48 BTRL RONC RT03 7051 5901<br \/>\nRO11 BTRL HUFC RT03 7051 5901<br \/>\nSWIFT<br \/>\nBTRLRO22<br \/>\nSucursala Odorheiu-Secuiesc<br \/>\nStr. Kossuth Lajos nr. 1.<br \/>\nJud. Harghita<br \/>\nRomania<\/p>\n<p>Az egyes\u00fclet k\u00e9pvisel\u0151je<\/p>\n<p><em>Sim\u00f3 M\u00e1rton<\/em><\/div>\n<div><\/p>\n<div>Az elektronikus v\u00e1ltozat folyamatosan friss\u00fcl\u0151 internetes platform, amelynek c\u00e9lja a Sz\u00e9kelyf\u00f6ld telep\u00fcl\u00e9sei m\u00faltj\u00e1nak \u00e9s jelen\u00e9nek bemutat\u00e1sa.<\/div>\n<div>\u00a0<\/div>\n<div>A rendszertelen\u00fcl, bizonyos alkalmakra k\u00e9sz\u00fclt tematikus, nyomtatott, A5-\u00f6s \u00c9l\u0151 Sz\u00e9kelyf\u00f6ld F\u00fczetek lapsz\u00e1mai egy-egy telep\u00fcl\u00e9sr\u0151l vagy konkr\u00e9tan r\u00f6gz\u00edtett \u00e9s k\u00f6r\u00fclhat\u00e1rolt t\u00e9m\u00e1r\u00f3l k\u00f6z\u00f6lnek hasznos inform\u00e1ci\u00f3kat.<\/div>\n<div>\u00a0<\/div>\n<div>ISSN 2360 &#8211; 4891\u00a0<\/div>\n<p>ISSN-L 2360-4891<\/p>\n<p>Felel\u0151s szerkeszt\u0151, lapigazgat\u00f3, tulajdonos<\/p>\n<p><em>Sim\u00f3 M\u00e1rton<\/em><\/div>\n<div>\nMunkat\u00e1rsak<br \/>\n\u00a0<\/div>\n<div><em>Bal\u00e1zs \u00c1rp\u00e1d<\/em> (sport, helyt\u00f6rt\u00e9net)<\/div>\n<div><em>Farkas Antal<\/em> (fot\u00f3, vide\u00f3)<\/div>\n<div><em>Gy\u00f6ngy\u00f6ssy J\u00e1nos <\/em>(grafika, t\u00f6rt\u00e9nelem)<br \/>\n<em>Lakatos Mih\u00e1ly <\/em>(sz\u00e9pirodalom, publicisztika)<\/div>\n<div><em>Nagy\u00e1lmos Ildik\u00f3<\/em> (riport, k\u00f6z\u00e9let, vid\u00e9k)<\/div>\n<div><em>P. Buzog\u00e1ny \u00c1rp\u00e1d<\/em> (kult\u00fara, m\u0171vel\u0151d\u00e9sszervez\u00e9s)<\/div>\n<div><em>Sebesty\u00e9n P\u00e9ter <\/em>(egyh\u00e1z, publicisztika)<\/div>\n<div><em>Szab\u00f3 K\u00e1roly <\/em>(fot\u00f3, vide\u00f3)<\/div>\n<div>\u00a0<\/div>\n<div>Szerkeszt\u0151s\u00e9g c\u00edme<br \/>\n\u00a0<\/div>\n<div>535600 Odorheiu Secuiesc\/ Sz\u00e9kelyudvarhely, <br \/>\nBul. Independentei\/ F\u00fcggetlens\u00e9g sgt. 27\/10<\/div>\n<div>Telefon: (+4)0743-815149<\/div>\n<div>E-mail: simo.marton@gmail.com<\/div>\n<div>\u00a0<\/div>\n<div>\u00c9rtes\u00fcl\u00e9seket csak hivatkoz\u00e1ssal lehet m\u00e1s m\u00e9diumokba \u00e1tvenni!<\/div>\n<div>\u00a0<\/div>\n<div>A megjelent \u00edr\u00e1sok nem t\u00fckr\u00f6zik felt\u00e9tlen\u00fcl a szerkeszt\u0151s\u00e9g v\u00e9lem\u00e9ny\u00e9t! <br \/>\nNem v\u00e1llalunk felel\u0151ss\u00e9get az elektronikus \u00faton bek\u00fcld\u00f6tt kommentek\u00e9rt \u00e9s hozz\u00e1szol\u00e1sok\u00e9rt.<\/div>\n<div>\u00a0<\/div>\n<div>Az \u00c9l\u0151 Sz\u00e9kelyf\u00f6ld nem v\u00e1llalja fel egyetlen belf\u00f6ldi vagy k\u00fclf\u00f6ldi politikai p\u00e1rt vagy ir\u00e1nyzat ideol\u00f3gi\u00e1j\u00e1t sem. Nem avatkozik be k\u00f6zvetlen\u00fcl v\u00e1laszt\u00e1si kamp\u00e1nyokba. <\/p>\n<p>A Szerkeszt\u0151s\u00e9g igyekszik a kereszt\u00e9ny-polg\u00e1ri \u00e9rt\u00e9krendet k\u00f6vetni, amely \u00e1ltal r\u00f6videbb \u00e9s hosszabb t\u00e1von egyar\u00e1nt a r\u00e9gi\u00f3 el\u0151rehalad\u00e1s\u00e1t \u00e9s az ott \u00e9l\u0151 emberek komfort\u00e9rzet\u00e9t k\u00edv\u00e1nja jav\u00edtani, ugyanakkor felv\u00e1llalt sz\u00e1nd\u00e9ka a kinti vil\u00e1gnak felmutathat\u00f3 re\u00e1lis Sz\u00e9kelyf\u00f6ld-k\u00e9p t\u00fckr\u00f6z\u00e9se is.<\/p>\n<p>Hirdet\u00e9si d\u00edjszab\u00e1sainkat <a href=\"http:\/\/eloszekelyfold.com\/web\/I678--C22--Rolunk--Hirdetesi_tarifaink_2016-2017.html\"><strong><span style=\"color: rgb(255, 0, 0);\">ITT<\/span><\/strong><\/a>\u00a0tal\u00e1lja.<\/div>\n<div>\u00a0<\/div>\n<div>Az itt k\u00f6z\u00f6lt, (X) jellel ell\u00e1tott fizetett rekl\u00e1mok\u00e9rt \u00e9s hirdet\u00e9sek\u00e9rt a megb\u00edz\u00f3 v\u00e1llal felel\u0151ss\u00e9get.<\/div>\n<\/p><\/div>\n","protected":false},"excerpt":{"rendered":"<p>\u00c9l\u0151 Sz\u00e9kelyf\u00f6ld. Az otthonunk! Kiadja az \u00c9l\u0151 Sz\u00e9kelyf\u00f6ld Egyes\u00fclet megb\u00edz\u00e1s\u00e1b\u00f3l az \u00c9l\u0151 Sz\u00e9kelyf\u00f6ld Munkacsoport.\u00a0 Az egyes\u00fclet hivatalos megnevez\u00e9se Asociatia &#8222;Secuimea Vie&#8221; 537061 Atia\/ Atyha 127 Hargita megye Rom\u00e1nia Ad\u00f3sz\u00e1m\/CUI: 36825602 Sz\u00e1mlasz\u00e1m\/Cont RO48 BTRL RONC RT03 7051 5901 RO11 BTRL HUFC RT03 7051 5901 SWIFT BTRLRO22 Sucursala Odorheiu-Secuiesc Str. Kossuth Lajos nr. 1. Jud. Harghita Romania [&hellip;]<\/p>\n","protected":false},"author":1,"featured_media":28436,"comment_status":"open","ping_status":"open","sticky":false,"template":"","format":"standard","meta":{"footnotes":""},"categories":[],"tags":[],"class_list":["post-28435","post","type-post","status-publish","format-standard","has-post-thumbnail","hentry"],"_links":{"self":[{"href":"https:\/\/archivum.eloszekelyfold.ro\/index.php\/wp-json\/wp\/v2\/posts\/28435","targetHints":{"allow":["GET"]}}],"collection":[{"href":"https:\/\/archivum.eloszekelyfold.ro\/index.php\/wp-json\/wp\/v2\/posts"}],"about":[{"href":"https:\/\/archivum.eloszekelyfold.ro\/index.php\/wp-json\/wp\/v2\/types\/post"}],"author":[{"embeddable":true,"href":"https:\/\/archivum.eloszekelyfold.ro\/index.php\/wp-json\/wp\/v2\/users\/1"}],"replies":[{"embeddable":true,"href":"https:\/\/archivum.eloszekelyfold.ro\/index.php\/wp-json\/wp\/v2\/comments?post=28435"}],"version-history":[{"count":0,"href":"https:\/\/archivum.eloszekelyfold.ro\/index.php\/wp-json\/wp\/v2\/posts\/28435\/revisions"}],"wp:featuredmedia":[{"embeddable":true,"href":"https:\/\/archivum.eloszekelyfold.ro\/index.php\/wp-json\/wp\/v2\/media\/28436"}],"wp:attachment":[{"href":"https:\/\/archivum.eloszekelyfold.ro\/index.php\/wp-json\/wp\/v2\/media?parent=28435"}],"wp:term":[{"taxonomy":"category","embeddable":true,"href":"https:\/\/archivum.eloszekelyfold.ro\/index.php\/wp-json\/wp\/v2\/categories?post=28435"},{"taxonomy":"post_tag","embeddable":true,"href":"https:\/\/archivum.eloszekelyfold.ro\/index.php\/wp-json\/wp\/v2\/tags?post=28435"}],"curies":[{"name":"wp","href":"https:\/\/api.w.org\/{rel}","templated":true}]}}