{"id":28433,"date":"2021-12-13T05:29:00","date_gmt":"2021-12-13T05:29:00","guid":{"rendered":"http:\/\/archivum.eloszekelyfold.ro\/2021\/12\/13\/polgarmesteri-jokivansagok-lorincz-gyorgynek\/"},"modified":"2021-12-13T05:29:00","modified_gmt":"2021-12-13T05:29:00","slug":"polgarmesteri-jokivansagok-lorincz-gyorgynek","status":"publish","type":"post","link":"https:\/\/archivum.eloszekelyfold.ro\/index.php\/2021\/12\/13\/polgarmesteri-jokivansagok-lorincz-gyorgynek\/","title":{"rendered":"Polg\u00e1rmesteri j\u00f3k\u00edv\u00e1ns\u00e1gok L\u0151rincz Gy\u00f6rgynek"},"content":{"rendered":"<p><\/p>\n<div style=\"color:#666666; font-family:inherit; font-size:14px;font-style: normal;text-align:left;line-height:24px;\">\n<div style=\"float:left\"><img decoding=\"async\" src=\"http:\/\/archivum.eloszekelyfold.ro\/wp-content\/uploads\/2021\/12\/529_kitunt1.jpg\" alt=\"Polg\u00e1rmesteri j\u00f3k\u00edv\u00e1ns\u00e1gok L\u0151rincz Gy\u00f6rgynek\" style=\"padding-right:14px; padding-bottom:6px; padding-top:6px;\" width=\"320px\"><\/div>\n<p>                              Okt\u00f3ber 21-\u00e9n, p\u00e9ntek d\u00e9lben &#8211; n\u00e9h\u00e1ny tisztel\u0151 \u00e9s bar\u00e1t jelenl\u00e9t\u00e9ben &#8211; G\u00e1lfi \u00c1rp\u00e1d, Sz\u00e9kelyudvarhely polg\u00e1rmestere eml\u00e9klapot \u00e9s szer\u00e9ny, \u00e1m jelk\u00e9pes aj\u00e1nd\u00e9kot &#8211; k\u00f6nyvet \u00e9s bort &#8211; adott \u00e1t L\u0151rincz Gy\u00f6rgy \u00edr\u00f3nak, az Erd\u00e9ly Magyar Irodalm\u00e1\u00e9rt Alap\u00edtv\u00e1ny eln\u00f6k\u00e9nek, abb\u00f3l az alkalomb\u00f3l, hogy a k\u00f6zelm\u00faltban t\u00f6lt\u00f6tte be 70.\u00e9let\u00e9v\u00e9t. <\/p>\n<p>G\u00e1lfi polg\u00e1rmester &#8211; keresetlen \u00e9s \u0151szinte szavakkal &#8211; elmondta, hogy ez a pillanat arra is szolg\u00e1l, hogy sok er\u0151t \u00e9s j\u00f3 eg\u00e9szs\u00e9get k\u00edv\u00e1njon az \u00edr\u00f3nak a tov\u00e1bbi munk\u00e1hoz.<\/p>\n<p>L\u0151rincz Gy\u00f6rgy sz\u00e1m\u00e1ra nem ismeretlen a sz\u00e9kelyudvarhelyi V\u00e1rosh\u00e1za, hiszen h\u00fasz \u00e9ven \u00e1t maga is itt dolgozott m\u0171vel\u0151d\u00e9sszervez\u0151k\u00e9nt, de a megtisztel\u0151 figyelmess\u00e9g &#8211; amelyr\u0151l mit sem sejtett &#8211; kellemes meglepte.<\/p>\n<p>A k\u00e1poln\u00e1sfalusi sz\u00fclet\u00e9s\u0171 \u00edr\u00f3 majdnem teljes munk\u00e1ss\u00e1ga Udvarhelysz\u00e9k let\u0171n\u0151ben l\u00e9v\u0151 falusi kisvil\u00e1g\u00e1hoz kapcsolhat\u00f3, az a n\u00e9pismeret \u00e9s rokonszenv jellemzi, amely jeles el\u0151dei k\u00f6z\u00fcl Szab\u00f3 Dezs\u0151, N\u00e9meth L\u00e1szl\u00f3, Illy\u00e9s Gyula \u00e9s Beke Gy\u00f6rgy lelk\u00fclet\u00e9t is vez\u00e9relte. Novell\u00e1iban, elbesz\u00e9l\u00e9seiben \u00e9s szociogr\u00e1fiai riportjaiban p\u00e1tosz n\u00e9lk\u00fcl ugyan, de ann\u00e1l nagyobb szeretettel vizsg\u00e1lja a r\u00e9gebbi \u00e9s a k\u00f6zelebbi id\u0151k, a f\u00e9lm\u00falt \u00e9s a mai pillanat t\u00f6rt\u00e9n\u00e9seit. Jelen pillanatban egy olyan nagyreg\u00e9nyen dolgozik, amely kiv\u00e1ndorl\u00e1s \u00e9s a sz\u00fcl\u0151f\u00f6ld\u00f6n val\u00f3 marad\u00e1s problemak\u00f6r\u00e9t elemzi a nagypr\u00f3za kifinomult m\u0171v\u00e9szi eszk\u00f6zeivel.<\/p>\n<div style=\"text-align: center;\"><img loading=\"lazy\" decoding=\"async\" src=\"http:\/\/archivum.eloszekelyfold.ro\/wp-content\/uploads\/2021\/12\/kitunt2.jpg\" width=\"450\" height=\"351\" alt=\"\" style=\"text-align: center;\"><\/div>\n<div style=\"text-align: center;\"><em style=\"text-align: center;\">G\u00e1lfi \u00c1rp\u00e1d \u00e9s L\u0151rincz Gy\u00f6rgy<br \/>\n<\/em><\/div>\n<p><em style=\"text-align: center;\"><br \/>\n<\/em>L\u0151rincz Gy\u00f6rgy munk\u00e1ss\u00e1g\u00e1r\u00f3l <a href=\"http:\/\/kulturhon.szhblog.ro\/2014\/03\/15\/az-iro-es-a-temahuseg\/\"><strong><span style=\"color: rgb(255, 0, 0);\">ITT<\/span><\/strong><\/a><strong><span style=\"color: rgb(255, 0, 0);\">\u00a0<\/span><\/strong>\u00edrtunk kor\u00e1bban.<br \/>\nA Sz\u00e9kelyf\u00f6ld cs\u00edkszeredai szerkeszt\u0151s\u00e9g\u00e9ben tartott \u00fcnneps\u00e9gr\u0151l sz\u00f3l\u00f3 tud\u00f3s\u00edt\u00e1sunk\u00a0<a href=\"https:\/\/eszm.ro\/2016\/07\/02\/koszontottek-a-70-eves-lorincz-gyorgyot\/\"><strong><span style=\"color: rgb(255, 0, 0);\">ITT<\/span><\/strong><\/a><strong><span style=\"color: rgb(255, 0, 0);\">\u00a0<\/span><\/strong>olvashat\u00f3.<br \/>\n<em><br \/>\nA felv\u00e9teleket a szerz\u0151 k\u00e9sz\u00edtette.<\/p>\n<p>Sim\u00f3 M\u00e1rton\/ \u00c9l\u0151 Sz\u00e9kelyf\u00f6ld Munkacsoport<\/em>\n                        <\/div>\n","protected":false},"excerpt":{"rendered":"<p>Okt\u00f3ber 21-\u00e9n, p\u00e9ntek d\u00e9lben &#8211; n\u00e9h\u00e1ny tisztel\u0151 \u00e9s bar\u00e1t jelenl\u00e9t\u00e9ben &#8211; G\u00e1lfi \u00c1rp\u00e1d, Sz\u00e9kelyudvarhely polg\u00e1rmestere eml\u00e9klapot \u00e9s szer\u00e9ny, \u00e1m jelk\u00e9pes aj\u00e1nd\u00e9kot &#8211; k\u00f6nyvet \u00e9s bort &#8211; adott \u00e1t L\u0151rincz Gy\u00f6rgy \u00edr\u00f3nak, az Erd\u00e9ly Magyar Irodalm\u00e1\u00e9rt Alap\u00edtv\u00e1ny eln\u00f6k\u00e9nek, abb\u00f3l az alkalomb\u00f3l, hogy a k\u00f6zelm\u00faltban t\u00f6lt\u00f6tte be 70.\u00e9let\u00e9v\u00e9t. G\u00e1lfi polg\u00e1rmester &#8211; keresetlen \u00e9s \u0151szinte szavakkal &#8211; elmondta, [&hellip;]<\/p>\n","protected":false},"author":1,"featured_media":28434,"comment_status":"open","ping_status":"open","sticky":false,"template":"","format":"standard","meta":{"footnotes":""},"categories":[],"tags":[],"class_list":["post-28433","post","type-post","status-publish","format-standard","has-post-thumbnail","hentry"],"_links":{"self":[{"href":"https:\/\/archivum.eloszekelyfold.ro\/index.php\/wp-json\/wp\/v2\/posts\/28433","targetHints":{"allow":["GET"]}}],"collection":[{"href":"https:\/\/archivum.eloszekelyfold.ro\/index.php\/wp-json\/wp\/v2\/posts"}],"about":[{"href":"https:\/\/archivum.eloszekelyfold.ro\/index.php\/wp-json\/wp\/v2\/types\/post"}],"author":[{"embeddable":true,"href":"https:\/\/archivum.eloszekelyfold.ro\/index.php\/wp-json\/wp\/v2\/users\/1"}],"replies":[{"embeddable":true,"href":"https:\/\/archivum.eloszekelyfold.ro\/index.php\/wp-json\/wp\/v2\/comments?post=28433"}],"version-history":[{"count":0,"href":"https:\/\/archivum.eloszekelyfold.ro\/index.php\/wp-json\/wp\/v2\/posts\/28433\/revisions"}],"wp:featuredmedia":[{"embeddable":true,"href":"https:\/\/archivum.eloszekelyfold.ro\/index.php\/wp-json\/wp\/v2\/media\/28434"}],"wp:attachment":[{"href":"https:\/\/archivum.eloszekelyfold.ro\/index.php\/wp-json\/wp\/v2\/media?parent=28433"}],"wp:term":[{"taxonomy":"category","embeddable":true,"href":"https:\/\/archivum.eloszekelyfold.ro\/index.php\/wp-json\/wp\/v2\/categories?post=28433"},{"taxonomy":"post_tag","embeddable":true,"href":"https:\/\/archivum.eloszekelyfold.ro\/index.php\/wp-json\/wp\/v2\/tags?post=28433"}],"curies":[{"name":"wp","href":"https:\/\/api.w.org\/{rel}","templated":true}]}}