{"id":28431,"date":"2021-12-13T05:27:01","date_gmt":"2021-12-13T05:27:01","guid":{"rendered":"http:\/\/archivum.eloszekelyfold.ro\/2021\/12\/13\/atadtak-a-szekelyfold-dijakat\/"},"modified":"2021-12-13T05:27:01","modified_gmt":"2021-12-13T05:27:01","slug":"atadtak-a-szekelyfold-dijakat","status":"publish","type":"post","link":"https:\/\/archivum.eloszekelyfold.ro\/index.php\/2021\/12\/13\/atadtak-a-szekelyfold-dijakat\/","title":{"rendered":"\u00c1tadt\u00e1k a Sz\u00e9kelyf\u00f6ld-d\u00edjakat"},"content":{"rendered":"<p><\/p>\n<div style=\"color:#666666; font-family:inherit; font-size:14px;font-style: normal;text-align:left;line-height:24px;\">\n<div style=\"float:left\"><img decoding=\"async\" src=\"http:\/\/archivum.eloszekelyfold.ro\/wp-content\/uploads\/2021\/12\/531_szf_erdely_ma.jpg\" alt=\"\u00c1tadt\u00e1k a Sz\u00e9kelyf\u00f6ld-d\u00edjakat\" style=\"padding-right:14px; padding-bottom:6px; padding-top:6px;\" width=\"320px\"><\/div>\n<p>                              A Cs\u00edkszered\u00e1ban megjelen\u0151 foly\u00f3irat szerkeszt\u0151s\u00e9g\u00e9ben, a Hargita Megyei Tan\u00e1cs, a Hargita Kiad\u00f3hivatal, valamint Homor\u00f3dalm\u00e1s k\u00f6zs\u00e9g \u00f6nkorm\u00e1nyzata t\u00e1mogat\u00e1s\u00e1val \u00e1tadt\u00e1k az idei Sz\u00e9kelyf\u00f6ld d\u00edjakat. Id\u00e9n Garda Dezs\u0151 t\u00f6rt\u00e9n\u00e9sz, Kir\u00e1ly Zolt\u00e1n k\u00f6lt\u0151, Oravacz Imre \u00edr\u00f3 \u00e9s k\u00f6lt\u0151, valamint Vajda Anna No\u00e9mi r\u00e9szes\u00fclt elismer\u00e9sben.<\/p>\n<p>Garda Dezs\u0151 gyergy\u00f3i t\u00f6rt\u00e9n\u00e9szt a lapban megjelent tanulm\u00e1nyai\u00e9rt, Kir\u00e1ly Zolt\u00e1n kolozsv\u00e1ri k\u00f6lt\u0151t pedig &#8222;a gy\u00f6kereket keres\u0151&#8221; k\u00f6lt\u00e9szet\u00e9\u00e9rt d\u00edjazt\u00e1k. Oravecz Imre Magyarorsz\u00e1gon \u00e9l\u0151 Kossuth-d\u00edjas \u00edr\u00f3 \u00e9s k\u00f6lt\u0151 a Sz\u00e9kely Bicskarend tagjai k\u00f6z\u00e9 soroltatott.<\/p>\n<p>A Szab\u00f3 Gyula-eml\u00e9kd\u00edjat a falu jeles sz\u00fcl\u00f6tte, Szab\u00f3 Gyula (1928-2001) alap\u00edtott\u00e1k Homor\u00f3dalm\u00e1s polg\u00e1rmesteri hivatal\u00e1val \u00e9s a Rom\u00e1niai \u00cdr\u00f3k Sz\u00f6vets\u00e9ge Marosv\u00e1s\u00e1rhelyi Egyes\u00fclet\u00e9vel k\u00f6z\u00f6sen, amelyet k\u00f6tettel m\u00e9g nem rendelkez\u0151, \u00e1m \u00edg\u00e9retes tehets\u00e9gnek \u00edt\u00e9lnek oda \u00e9vi rendszeress\u00e9ggel. Ezt a kit\u00fcntet\u00e9st id\u00e9n Vajda Anna No\u00e9mi sepsiszentgy\u00f6rgyi k\u00f6lt\u0151nek \u00edt\u00e9lt\u00e9k oda.<\/p>\n<p><em>A c\u00edmk\u00e9p a Szekelyfold.ma port\u00e1lr\u00f3l val\u00f3.<\/em><\/p>\n<p><em>\u00c9l\u0151 Sz\u00e9kelyf\u00f6ld Munkacsoport<\/em>\n                        <\/div>\n","protected":false},"excerpt":{"rendered":"<p>A Cs\u00edkszered\u00e1ban megjelen\u0151 foly\u00f3irat szerkeszt\u0151s\u00e9g\u00e9ben, a Hargita Megyei Tan\u00e1cs, a Hargita Kiad\u00f3hivatal, valamint Homor\u00f3dalm\u00e1s k\u00f6zs\u00e9g \u00f6nkorm\u00e1nyzata t\u00e1mogat\u00e1s\u00e1val \u00e1tadt\u00e1k az idei Sz\u00e9kelyf\u00f6ld d\u00edjakat. Id\u00e9n Garda Dezs\u0151 t\u00f6rt\u00e9n\u00e9sz, Kir\u00e1ly Zolt\u00e1n k\u00f6lt\u0151, Oravacz Imre \u00edr\u00f3 \u00e9s k\u00f6lt\u0151, valamint Vajda Anna No\u00e9mi r\u00e9szes\u00fclt elismer\u00e9sben. Garda Dezs\u0151 gyergy\u00f3i t\u00f6rt\u00e9n\u00e9szt a lapban megjelent tanulm\u00e1nyai\u00e9rt, Kir\u00e1ly Zolt\u00e1n kolozsv\u00e1ri k\u00f6lt\u0151t pedig &#8222;a gy\u00f6kereket [&hellip;]<\/p>\n","protected":false},"author":1,"featured_media":28432,"comment_status":"open","ping_status":"open","sticky":false,"template":"","format":"standard","meta":{"footnotes":""},"categories":[],"tags":[],"class_list":["post-28431","post","type-post","status-publish","format-standard","has-post-thumbnail","hentry"],"_links":{"self":[{"href":"https:\/\/archivum.eloszekelyfold.ro\/index.php\/wp-json\/wp\/v2\/posts\/28431","targetHints":{"allow":["GET"]}}],"collection":[{"href":"https:\/\/archivum.eloszekelyfold.ro\/index.php\/wp-json\/wp\/v2\/posts"}],"about":[{"href":"https:\/\/archivum.eloszekelyfold.ro\/index.php\/wp-json\/wp\/v2\/types\/post"}],"author":[{"embeddable":true,"href":"https:\/\/archivum.eloszekelyfold.ro\/index.php\/wp-json\/wp\/v2\/users\/1"}],"replies":[{"embeddable":true,"href":"https:\/\/archivum.eloszekelyfold.ro\/index.php\/wp-json\/wp\/v2\/comments?post=28431"}],"version-history":[{"count":0,"href":"https:\/\/archivum.eloszekelyfold.ro\/index.php\/wp-json\/wp\/v2\/posts\/28431\/revisions"}],"wp:featuredmedia":[{"embeddable":true,"href":"https:\/\/archivum.eloszekelyfold.ro\/index.php\/wp-json\/wp\/v2\/media\/28432"}],"wp:attachment":[{"href":"https:\/\/archivum.eloszekelyfold.ro\/index.php\/wp-json\/wp\/v2\/media?parent=28431"}],"wp:term":[{"taxonomy":"category","embeddable":true,"href":"https:\/\/archivum.eloszekelyfold.ro\/index.php\/wp-json\/wp\/v2\/categories?post=28431"},{"taxonomy":"post_tag","embeddable":true,"href":"https:\/\/archivum.eloszekelyfold.ro\/index.php\/wp-json\/wp\/v2\/tags?post=28431"}],"curies":[{"name":"wp","href":"https:\/\/api.w.org\/{rel}","templated":true}]}}