{"id":28427,"date":"2021-12-13T05:23:00","date_gmt":"2021-12-13T05:23:00","guid":{"rendered":"http:\/\/archivum.eloszekelyfold.ro\/2021\/12\/13\/hatartalanul-unnepelnek-a-magyar-kozepiskolasok\/"},"modified":"2021-12-13T05:23:00","modified_gmt":"2021-12-13T05:23:00","slug":"hatartalanul-unnepelnek-a-magyar-kozepiskolasok","status":"publish","type":"post","link":"https:\/\/archivum.eloszekelyfold.ro\/index.php\/2021\/12\/13\/hatartalanul-unnepelnek-a-magyar-kozepiskolasok\/","title":{"rendered":"Hat\u00e1rtalanul \u00fcnnepelnek a magyar k\u00f6z\u00e9piskol\u00e1sok"},"content":{"rendered":"<p><\/p>\n<div style=\"color:#666666; font-family:inherit; font-size:14px;font-style: normal;text-align:left;line-height:24px;\">\n<div style=\"float:left\"><img decoding=\"async\" src=\"http:\/\/archivum.eloszekelyfold.ro\/wp-content\/uploads\/2021\/12\/534_lyukas_zaszlo.jpg\" alt=\"Hat\u00e1rtalanul \u00fcnnepelnek a magyar k\u00f6z\u00e9piskol\u00e1sok \" style=\"padding-right:14px; padding-bottom:6px; padding-top:6px;\" width=\"320px\"><\/div>\n<p>                              A R\u00e1k\u00f3czi Sz\u00f6vets\u00e9g di\u00e1kutaztat\u00e1si programj\u00e1nak k\u00f6sz\u00f6nhet\u0151en 128 k\u00f6z\u00e9piskola t\u00f6bb mint 6500 di\u00e1kja \u00fcnnepelheti az 1956-os forradalom \u00e9vfordul\u00f3j\u00e1t k\u00fcl\u00f6nb\u00f6z\u0151 K\u00e1rp\u00e1t-medencei helysz\u00edneken. A sz\u00f6vets\u00e9g \u00f6t\u00f6dik alkalommal hirdette meg 2016 \u0151sz\u00e9n, K\u00e1rp\u00e1t-medencei k\u00f6z\u00e9piskol\u00e1k sz\u00e1m\u00e1ra az okt\u00f3ber 23-i di\u00e1kutaztat\u00e1si programot.\u00a0<\/p>\n<div>\u00a0<\/div>\n<div>A program c\u00e9lja, hogy a K\u00e1rp\u00e1t-medence magyar k\u00f6z\u00e9piskol\u00e1sai ell\u00e1togassanak legal\u00e1bb egy hat\u00e1r\u00a0\u00e1tl\u00e9p\u00e9s\u00e9vel egy m\u00e1sik magyar k\u00f6z\u00e9piskol\u00e1hoz, \u00e9s ott eml\u00e9kezzenek az 1956-os forradalom \u00e9s szabads\u00e1gharc\u00a0esem\u00e9nyeire. <\/p>\n<p>Kiemelt c\u00e9l az is, hogy a l\u00e1togat\u00e1s sor\u00e1n min\u00e9l t\u00f6bb k\u00f6zvetlen kapcsolat alakuljon ki a\u00a0magyar di\u00e1kok, tan\u00e1rok, illetve iskol\u00e1k k\u00f6z\u00f6tt.\u00a0<\/p><\/div>\n<div>\u00a0<\/div>\n<div>A programot p\u00e1ly\u00e1zati form\u00e1ban hirdette meg a R\u00e1k\u00f3czi Sz\u00f6vets\u00e9g, arra b\u00e1rmely K\u00e1rp\u00e1t-medencei k\u00f6z\u00e9piskola\u00a0jelentkezhetett.\u00a0<\/div>\n<div>\u00a0<\/div>\n<div>Iskol\u00e1nk\u00e9nt egy aut\u00f3busznyi di\u00e1k utazhat a p\u00e1ly\u00e1zat keret\u00e9ben, ehhez a szervezet utaz\u00e1si t\u00e1mogat\u00e1st biztos\u00edt a\u00a0sikerrel p\u00e1ly\u00e1z\u00f3knak.<\/p>\n<p><em>Forr\u00e1s: MTI<\/p>\n<p>\u00c9l\u0151 Sz\u00e9kelyf\u00f6ld Munkacsoport<\/em><\/div>\n<\/p><\/div>\n","protected":false},"excerpt":{"rendered":"<p>A R\u00e1k\u00f3czi Sz\u00f6vets\u00e9g di\u00e1kutaztat\u00e1si programj\u00e1nak k\u00f6sz\u00f6nhet\u0151en 128 k\u00f6z\u00e9piskola t\u00f6bb mint 6500 di\u00e1kja \u00fcnnepelheti az 1956-os forradalom \u00e9vfordul\u00f3j\u00e1t k\u00fcl\u00f6nb\u00f6z\u0151 K\u00e1rp\u00e1t-medencei helysz\u00edneken. A sz\u00f6vets\u00e9g \u00f6t\u00f6dik alkalommal hirdette meg 2016 \u0151sz\u00e9n, K\u00e1rp\u00e1t-medencei k\u00f6z\u00e9piskol\u00e1k sz\u00e1m\u00e1ra az okt\u00f3ber 23-i di\u00e1kutaztat\u00e1si programot.\u00a0 \u00a0 A program c\u00e9lja, hogy a K\u00e1rp\u00e1t-medence magyar k\u00f6z\u00e9piskol\u00e1sai ell\u00e1togassanak legal\u00e1bb egy hat\u00e1r\u00a0\u00e1tl\u00e9p\u00e9s\u00e9vel egy m\u00e1sik magyar k\u00f6z\u00e9piskol\u00e1hoz, \u00e9s ott [&hellip;]<\/p>\n","protected":false},"author":1,"featured_media":28428,"comment_status":"open","ping_status":"open","sticky":false,"template":"","format":"standard","meta":{"footnotes":""},"categories":[],"tags":[],"class_list":["post-28427","post","type-post","status-publish","format-standard","has-post-thumbnail","hentry"],"_links":{"self":[{"href":"https:\/\/archivum.eloszekelyfold.ro\/index.php\/wp-json\/wp\/v2\/posts\/28427","targetHints":{"allow":["GET"]}}],"collection":[{"href":"https:\/\/archivum.eloszekelyfold.ro\/index.php\/wp-json\/wp\/v2\/posts"}],"about":[{"href":"https:\/\/archivum.eloszekelyfold.ro\/index.php\/wp-json\/wp\/v2\/types\/post"}],"author":[{"embeddable":true,"href":"https:\/\/archivum.eloszekelyfold.ro\/index.php\/wp-json\/wp\/v2\/users\/1"}],"replies":[{"embeddable":true,"href":"https:\/\/archivum.eloszekelyfold.ro\/index.php\/wp-json\/wp\/v2\/comments?post=28427"}],"version-history":[{"count":0,"href":"https:\/\/archivum.eloszekelyfold.ro\/index.php\/wp-json\/wp\/v2\/posts\/28427\/revisions"}],"wp:featuredmedia":[{"embeddable":true,"href":"https:\/\/archivum.eloszekelyfold.ro\/index.php\/wp-json\/wp\/v2\/media\/28428"}],"wp:attachment":[{"href":"https:\/\/archivum.eloszekelyfold.ro\/index.php\/wp-json\/wp\/v2\/media?parent=28427"}],"wp:term":[{"taxonomy":"category","embeddable":true,"href":"https:\/\/archivum.eloszekelyfold.ro\/index.php\/wp-json\/wp\/v2\/categories?post=28427"},{"taxonomy":"post_tag","embeddable":true,"href":"https:\/\/archivum.eloszekelyfold.ro\/index.php\/wp-json\/wp\/v2\/tags?post=28427"}],"curies":[{"name":"wp","href":"https:\/\/api.w.org\/{rel}","templated":true}]}}