{"id":28425,"date":"2021-12-13T05:21:01","date_gmt":"2021-12-13T05:21:01","guid":{"rendered":"http:\/\/archivum.eloszekelyfold.ro\/2021\/12\/13\/atadtak-a-vasszekely-dijakat\/"},"modified":"2021-12-13T05:21:01","modified_gmt":"2021-12-13T05:21:01","slug":"atadtak-a-vasszekely-dijakat","status":"publish","type":"post","link":"https:\/\/archivum.eloszekelyfold.ro\/index.php\/2021\/12\/13\/atadtak-a-vasszekely-dijakat\/","title":{"rendered":"\u00c1tadt\u00e1k a Vassz\u00e9kely-d\u00edjakat"},"content":{"rendered":"<p><\/p>\n<div style=\"color:#666666; font-family:inherit; font-size:14px;font-style: normal;text-align:left;line-height:24px;\">\n<div style=\"float:left\"><img decoding=\"async\" src=\"http:\/\/archivum.eloszekelyfold.ro\/wp-content\/uploads\/2021\/12\/536_DSCN9730.JPG\" alt=\"\u00c1tadt\u00e1k a Vassz\u00e9kely-d\u00edjakat\" style=\"padding-right:14px; padding-bottom:6px; padding-top:6px;\" width=\"320px\"><\/div>\n<p>                              Sz\u00e9kelyudvarhelyen okt\u00f3ber 22-\u00e9n este eml\u00e9keztek meg az 1956-os forradalom \u00e9s szabads\u00e1gharc 60. \u00e9vfordul\u00f3j\u00e1r\u00f3l.<\/p>\n<p>F\u00e1kly\u00e1s felvonul\u00e1ssal kezd\u0151d\u00f6tt a rendezv\u00e9ny, majd a ferencrendiek templom\u00e1n\u00e1l lev\u0151 eml\u00e9km\u0171n \u00e9l r\u00f3tta le kegyelet\u00e9t az \u00fcnnepl\u0151k t\u00f6meg, ezt k\u00f6vet\u0151en pedig a St\u00fadi\u00f3 moziban folytat\u00f3dott a program, ahol \u00e1tadt\u00e1k az id\u00e9n alap\u00edtott Vassz\u00e9kely-d\u00edjakat.\u00a0<\/p>\n<div>A bar\u00e1tok templom\u00e1n\u00e1l S\u00e1ndor Bal\u00e1zs 56-os el\u00edt\u00e9lt besz\u00e9lt, elhangzott Faludi Gy\u00f6rgy verse, majd v\u00e1rosi vezet\u0151k \u00e9s civilek koszor\u00fazt\u00e1k meg a politikai foglyok \u00e9s meghurcoltak eml\u00e9km\u0171v\u00e9t.<\/p>\n<p>A St\u00fadi\u00f3 moziban lezajlott \u00fcnneps\u00e9g Sorb\u00e1n Enik\u0151 \u00e9nek\u00e9vel kezd\u0151d\u00f6tt, majd r\u00f6vid m\u00e9ltat\u00e1s hangzott el, k\u00fcl\u00f6n kiemelt\u00e9k, hogy jelen vannak a helyi &#8217;56-osok k\u00f6z\u00fcl t\u00f6bben is &#8211;\u00a0P\u00e1ll L\u00e1szl\u00f3, S\u00e1ndor Bal\u00e1zs, Kov\u00e1cs Gyula, l\u00e9lekben T\u00f6r\u00f6k\u00a0Mih\u00e1ly,aki betegs\u00e9g miatt nem tudott r\u00e9szt venni jelen lenni -, majd\u00a0G\u00e1lfi \u00c1rp\u00e1d polg\u00e1rmester \u00fcnnepi gondolatai k\u00f6vetkeztek. Az 1956-os sz\u00e9kelyudvarhelyi el\u00edt\u00e9ltek eml\u00e9klapot kaptak a magyar \u00e1llamt\u00f3l \u00e9s a Nemzetstrat\u00e9giai Kutat\u00f3int\u00e9zett\u0151l (NSKI). Besz\u00e9det mondott Csige S\u00e1ndor f\u0151konzul \u00e9s Sz\u00e1sz Jen\u0151, az NSKI eln\u00f6ke is. Ezek ut\u00e1n k\u00f6vetkezett az id\u00e9n alap\u00edtott Vassz\u00e9kely-d\u00edj \u00e1tad\u00e1sa.<\/p>\n<div style=\"text-align: center;\"><img loading=\"lazy\" decoding=\"async\" src=\"http:\/\/archivum.eloszekelyfold.ro\/wp-content\/uploads\/2021\/12\/koszoruzas_barcsa.jpg\" width=\"500\" height=\"335\" alt=\"\"><\/div>\n<div style=\"text-align: center;\"><em style=\"text-align: center;\">G\u00e1lfi \u00c1rp\u00e1d polg\u00e1rmester \u00e9s Orb\u00e1n \u00c1rp\u00e1d alpolg\u00e1rmester koszor\u00faz\u00a0<br \/>\n(Barcsa Istv\u00e1n felv\u00e9tele)<br \/>\n<\/em><\/div>\n<p><\/p>\n<div>A d\u00edjat \u00e9vente \u00f6t 25\u201345 \u00e9v k\u00f6z\u00f6tti szem\u00e9lyis\u00e9g kaphatja meg, akinek \u00e1lland\u00f3 lakhelye Sz\u00e9kelyudvarhelyen van. A kit\u00fcntet\u00e9sben r\u00e9szes\u00fcl\u0151k nev\u00e9t az \u00e1tad\u00e1s el\u0151tt nem teszik k\u00f6zz\u00e9, csak \u00e1tad\u00e1skor fedik fel kil\u00e9t\u00fcket. Olyan embereket v\u00e1lasztanak ki, akik valamilyen ter\u00fcleten p\u00e9ld\u00e1t mutatnak a k\u00f6z\u00f6ss\u00e9gnek: hozz\u00e1j\u00e1rulnak a v\u00e1ros fejl\u0151d\u00e9s\u00e9hez ak\u00e1r gazdas\u00e1gi, kultur\u00e1lis, m\u0171v\u00e9szeti, publicisztikai, pedag\u00f3giai, \u00e9p\u00edt\u00e9szeti, technikai, tudom\u00e1nyos, term\u00e9szetv\u00e9delmi ter\u00fcleten, vagy a sportban, esetleg embers\u00e9gben, j\u00f3t\u00e9konykod\u00e1sban. Ugyanakkor olyan ember is megkaphatja, aki sokat tesz a v\u00e1ros gazdas\u00e1gi, kultur\u00e1lis \u00e9let\u00e9nek fellend\u00edt\u00e9s\u00e9\u00e9rt, j\u00f3 h\u00edrnev\u00e9nek \u00f6regb\u00edt\u00e9s\u00e9\u00e9rt itthon vagy k\u00fclf\u00f6ld\u00f6n. A d\u00edjjal p\u00e9nzjutalom nem j\u00e1r. Az eml\u00e9kplakettet G\u00e1l\u00e1t Lajos Vas-sz\u00e9kely elnevez\u00e9s\u0171 \u00f6nt\u00f6ttvas munk\u00e1ja ihlette, annak alapj\u00e1n k\u00e9sz\u00fclt, ez\u00e9rt a 82-es Vas-sz\u00e9kely felirat, illetve az 1917-es jelz\u00e9s is olvashat\u00f3 rajta.<\/div>\n<div>\u00a0<\/div>\n<\/div>\n<div style=\"text-align: center;\">\u00a0<img loading=\"lazy\" decoding=\"async\" src=\"http:\/\/archivum.eloszekelyfold.ro\/wp-content\/uploads\/2021\/12\/vasszekely_plakett(1).jpg\" width=\"166\" height=\"294\" alt=\"\" style=\"text-align: center;\"><\/div>\n<div style=\"text-align: center;\"><em>Arch\u00edv felv\u00e9tel<\/em><strong><br \/>\n<\/strong><\/div>\n<div style=\"text-align: left;\"><strong><br \/>\nFazakas Szabolcs, a Sz\u00e9kely Legend\u00e1rium meg\u00e1lmod\u00f3ja<\/strong><\/div>\n<div>\nAz ismert filmrendez\u0151 \u00e9s operat\u0151r, a Legend\u00e1rium c\u00edm\u0171 projek meg\u00e1lmod\u00f3ja, amely nem csak egy \u00fczleti v\u00e1llalkoz\u00e1s, hanem gyermekek t\u00edzezreinek szerez\u00a0\u00f6r\u00f6met legend\u00e1ival, rajzfilmjeivel \u00e9s t\u00e1rsasj\u00e1t\u00e9kaival. A nyomd\u00e1t\u00f3l, a k\u00e9zm\u0171ves elemeken \u00e1t, a rajzfilmig mindenk\u00a0hazai; \u00edgy pr\u00f3b\u00e1lnak j\u00f3 p\u00e9ld\u00e1t mutatni a helyi v\u00e1llalkoz\u00f3knak, valamint er\u0151s\u00edteni a helyi k\u00f6z\u00f6ss\u00e9geket. \u00a0A\u00a0sz\u00e9kely \u00f6ntudat meg\u0151rz\u00e9s\u00e9ben \u00e9s Sz\u00e9kelyf\u00f6ld szellemi kincseinek terjeszt\u00e9s\u00e9ben Szabolcs egy p\u00e9ldak\u00e9p.<br \/>\n<strong><br \/>\nGy\u00f6rgy Istv\u00e1n asztaliteniszez\u0151, edz\u0151<\/strong><\/p>\n<p>A sz\u00e9kelyudvarhelyi asztalitenisz \u00e9s a v\u00e1ros egyik legeredm\u00e9nyesebb sportol\u00f3ja. Az ISK-Fej\u00e9r Sportklub\u00a0Sz\u00e9kelyudvarhely edz\u0151je, valamint a feln\u0151tt csapat j\u00e1t\u00e9kosa. K\u00e9t \u00e9vtizede a csapat oszlopos tagja, edz\u0151je.\u00a0J\u00e1t\u00e9kosk\u00e9nt a csapat h\u00faz\u00f3embere, aki mindig p\u00e9ld\u00e1t tud mutatni csapatt\u00e1rsainak. Sz\u00edv\u00e9n viseli az asztalitenisz\u00a0j\u00f6v\u0151j\u00e9t, a sz\u00e9kely anyav\u00e1ros neki is k\u00f6sz\u00f6nheti, hogy ott vagyunk az orsz\u00e1gos \u00e9lvonalban. Istv\u00e1n most\u00a0bajnokcsapatot szeretne. Legyen igaza!<\/p><\/div>\n<div>\u00a0<\/div>\n<div><strong>Kov\u00e1ts \u00c1rp\u00e1d \u00e9s Szid\u00f3nia<\/p>\n<p><\/strong>Eur\u00f3pa egyetlen m\u0171k\u00f6d\u0151 napf\u00e9nym\u0171term\u00e9nek \u00f6r\u00f6k\u00f6sei \u00e9s tov\u00e1bb\u00e9ltet\u0151i. A csal\u00e1d negyedik gener\u00e1ci\u00f3j\u00e1nak k\u00e9pvisel\u0151jek\u00e9nt\u00a0ifj. Kov\u00e1ts \u00c1rp\u00e1d \u00e9s feles\u00e9ge Szid\u00f3nia a m\u0171hely n\u00e9pszer\u0171s\u00edt\u00e9se mellett rendszeresen oktatja a f\u00e9nyk\u00e9p\u00e9szet\u00a0alapismereteire a fiatalokat. A felbecs\u00fclhetetlen \u00e9rt\u00e9k\u0171 csal\u00e1di fot\u00f3arch\u00edvum \u00a0felbecs\u00fclhetetlen kincs a v\u00e1ros\u00a0sz\u00e1m\u00e1ra is. R\u00e9gi sosem l\u00e1tott arch\u00edv f\u00e9nyk\u00e9pekr\u0151l k\u00f6sz\u00f6nt vissza \u00fajra a sz\u00e9kely m\u00falt, itthon \u00e9s hat\u00e1ron t\u00fali\u00a0ki\u00e1ll\u00edt\u00e1sokon \u00c1rp\u00e1dnak \u00e9s Szid\u00f3ni\u00e1nak k\u00f6sz\u00f6nhet\u0151en.<\/div>\n<div style=\"text-align: center;\">\n<img loading=\"lazy\" decoding=\"async\" src=\"http:\/\/archivum.eloszekelyfold.ro\/wp-content\/uploads\/2021\/12\/kovatsek_barcsa.jpg\" width=\"500\" height=\"751\" alt=\"\"><\/div>\n<div style=\"text-align: center;\"><em>A Kov\u00e1ts-csal\u00e1d (Barcsa Istv\u00e1n felv\u00e9tele)\u00a0<\/em><strong><br \/>\n<br type=\"_moz\"><br \/>\n<\/strong><\/div>\n<div><strong>Dr. Berecz Andrea, a sz\u00e9kelyudvarhelyi k\u00f3rh\u00e1z gasztroenterol\u00f3gus szakorvosa<\/strong><\/p>\n<p>Berecz Andrea doktorn\u0151 lelkiismeretes specialista, akire m\u00e9lt\u00e1n b\u00fcszke sz\u0171kebb p\u00e1tri\u00e1ja, hiszen \u0151 egy olyan\u00a0sz\u00e9kelyudvarhelyi sz\u00fclet\u00e9s\u0171 gasztroenterol\u00f3gus, aki t\u00e9nyleg odafigyel a betegeire, nemcsak a t\u00fcnetekre, hanem az\u00a0emberre is, a probl\u00e9ma gy\u00f6ker\u00e9t keresve. Rengeteg endoszk\u00f3pi\u00e1s, kolonoszk\u00f3pi\u00e1s vizsg\u00e1latot, beavatkoz\u00e1st v\u00e9gez, ami\u00a0fizikailag is megterhel\u0151, komoly teljes\u00edtm\u00e9ny. Tud\u00e1s\u00e1t, szak\u00e9rtelm\u00e9t Kolozsv\u00e1rott, Marosv\u00e1s\u00e1rhelyen is \u00f6r\u00f6mmel\u00a0fogadn\u00e1k, de \u0151 h\u0171s\u00e9ges maradt sz\u00fcl\u0151v\u00e1ros\u00e1hoz.<\/p><\/div>\n<div>\u00a0<strong><br \/>\n<\/strong><\/div>\n<div><strong>Orb\u00e1n Katalin Zsuzsanna, az Orb\u00e1n Alap\u00edtv\u00e1ny megalap\u00edt\u00f3ja (post mortem)<\/strong><\/div>\n<div>\nSz\u00e9kelyudvarhelyen Zsuzsa az els\u0151 k\u00f6z\u00f6tt \u00e9bredt r\u00e1 arra, hogy a s\u00e9r\u00fclt, beteg gyerekek t\u00e1rsadalmi es\u00e9lyei\u00a0korl\u00e1tozottak, s az \u0151 \u00e9let\u00fck mindennapi seg\u00edt\u00e9s\u00e9re hozta l\u00e9tre az Orb\u00e1n Alap\u00edtv\u00e1nyt. A civil szervezet sz\u00e1mos\u00a0h\u00e1tr\u00e1nyos helyzet\u0171, saj\u00e1tos nevel\u00e9si ig\u00e9ny\u0171 gyerek \u00e9let\u00e9ben hozott v\u00e1ltoz\u00e1st. Orb\u00e1n Zsuzs\u00e1t mindenki \u00fagy ismerte a\u00a0v\u00e1rosban \u00e9s k\u00f6rny\u00e9k\u00e9n, mint aki kerekessz\u00e9kesk\u00e9nt igazi angyalk\u00e9nt sz\u00e1llt le a seg\u00edts\u00e9gre szorul\u00f3, beteg gyerekek k\u00f6z\u00e9, s aki utols\u00f3 percig k\u00fczd\u00f6tt \u00e1lmai val\u00f3ra v\u00e1lt\u00e1s\u00e1\u00e9rt.<br \/>\n<em><br \/>\nA c\u00edmk\u00e9p Sim\u00f3 M\u00e1rton felv\u00e9tele.<\/em><\/p>\n<p><em>Bal\u00e1zs \u00c1rp\u00e1d\/ \u00c9l\u0151 Sz\u00e9kelyf\u00f6ld Munkacsoport<\/em><\/div>\n<\/p><\/div>\n","protected":false},"excerpt":{"rendered":"<p>Sz\u00e9kelyudvarhelyen okt\u00f3ber 22-\u00e9n este eml\u00e9keztek meg az 1956-os forradalom \u00e9s szabads\u00e1gharc 60. \u00e9vfordul\u00f3j\u00e1r\u00f3l. F\u00e1kly\u00e1s felvonul\u00e1ssal kezd\u0151d\u00f6tt a rendezv\u00e9ny, majd a ferencrendiek templom\u00e1n\u00e1l lev\u0151 eml\u00e9km\u0171n \u00e9l r\u00f3tta le kegyelet\u00e9t az \u00fcnnepl\u0151k t\u00f6meg, ezt k\u00f6vet\u0151en pedig a St\u00fadi\u00f3 moziban folytat\u00f3dott a program, ahol \u00e1tadt\u00e1k az id\u00e9n alap\u00edtott Vassz\u00e9kely-d\u00edjakat.\u00a0 A bar\u00e1tok templom\u00e1n\u00e1l S\u00e1ndor Bal\u00e1zs 56-os el\u00edt\u00e9lt besz\u00e9lt, elhangzott [&hellip;]<\/p>\n","protected":false},"author":1,"featured_media":28426,"comment_status":"open","ping_status":"open","sticky":false,"template":"","format":"standard","meta":{"footnotes":""},"categories":[],"tags":[],"class_list":["post-28425","post","type-post","status-publish","format-standard","has-post-thumbnail","hentry"],"_links":{"self":[{"href":"https:\/\/archivum.eloszekelyfold.ro\/index.php\/wp-json\/wp\/v2\/posts\/28425","targetHints":{"allow":["GET"]}}],"collection":[{"href":"https:\/\/archivum.eloszekelyfold.ro\/index.php\/wp-json\/wp\/v2\/posts"}],"about":[{"href":"https:\/\/archivum.eloszekelyfold.ro\/index.php\/wp-json\/wp\/v2\/types\/post"}],"author":[{"embeddable":true,"href":"https:\/\/archivum.eloszekelyfold.ro\/index.php\/wp-json\/wp\/v2\/users\/1"}],"replies":[{"embeddable":true,"href":"https:\/\/archivum.eloszekelyfold.ro\/index.php\/wp-json\/wp\/v2\/comments?post=28425"}],"version-history":[{"count":0,"href":"https:\/\/archivum.eloszekelyfold.ro\/index.php\/wp-json\/wp\/v2\/posts\/28425\/revisions"}],"wp:featuredmedia":[{"embeddable":true,"href":"https:\/\/archivum.eloszekelyfold.ro\/index.php\/wp-json\/wp\/v2\/media\/28426"}],"wp:attachment":[{"href":"https:\/\/archivum.eloszekelyfold.ro\/index.php\/wp-json\/wp\/v2\/media?parent=28425"}],"wp:term":[{"taxonomy":"category","embeddable":true,"href":"https:\/\/archivum.eloszekelyfold.ro\/index.php\/wp-json\/wp\/v2\/categories?post=28425"},{"taxonomy":"post_tag","embeddable":true,"href":"https:\/\/archivum.eloszekelyfold.ro\/index.php\/wp-json\/wp\/v2\/tags?post=28425"}],"curies":[{"name":"wp","href":"https:\/\/api.w.org\/{rel}","templated":true}]}}