{"id":28423,"date":"2021-12-13T05:19:00","date_gmt":"2021-12-13T05:19:00","guid":{"rendered":"http:\/\/archivum.eloszekelyfold.ro\/2021\/12\/13\/az-eu-melypontja\/"},"modified":"2021-12-13T05:19:00","modified_gmt":"2021-12-13T05:19:00","slug":"az-eu-melypontja","status":"publish","type":"post","link":"https:\/\/archivum.eloszekelyfold.ro\/index.php\/2021\/12\/13\/az-eu-melypontja\/","title":{"rendered":"Az EU m\u00e9lypontja?"},"content":{"rendered":"<p><\/p>\n<div style=\"color:#666666; font-family:inherit; font-size:14px;font-style: normal;text-align:left;line-height:24px;\">\n<div style=\"float:left\"><img decoding=\"async\" src=\"http:\/\/archivum.eloszekelyfold.ro\/wp-content\/uploads\/2021\/12\/537_Christian_Kern_BBC.jpg\" alt=\"Az EU m\u00e9lypontja?\" style=\"padding-right:14px; padding-bottom:6px; padding-top:6px;\" width=\"320px\"><\/div>\n<p>                              Viszonylagos, hogy melyik \u00e1llapot jelenti majd ama legm\u00e9lyebb pontot. Az Eur\u00f3pai Uni\u00f3 &#8211; a hangzatos \u00edg\u00e9retek ellen\u00e9re &#8211; nem k\u00e9pes azz\u00e1 v\u00e1lni, aminek \u00e1lmodta mag\u00e1t. Nem biztons\u00e1gos \u00e1llamsz\u00f6vets\u00e9g, el\u00e9gg\u00e9 arctalan, \u00e9s k\u00e9ptelen a meg\u00fajul\u00e1sra. Az EU m\u00e9g csak nem is nagyhatalom, b\u00e1r annak \u00e1lmodja \u00e9s k\u00e9pzeli mag\u00e1t. \u00dczleti szempontb\u00f3l azonban mindenk\u00e9pp talpon szeretne maradni. \u00c9s prostitu\u00e1lja is mag\u00e1t rendesen, csak menjen a bolt. \u00a0<\/p>\n<p>Az uni\u00f3 m\u00e9lypontj\u00e1nak nevezte az Eur\u00f3pai Uni\u00f3 \u00e9s Kanada k\u00f6z\u00f6tt tervezett szabadkereskedelmi meg\u00e1llapod\u00e1s (CETA) k\u00f6r\u00fcl kialakult helyzetet Christian Kern osztr\u00e1k kancell\u00e1r a Kronen Zeitung c\u00edm\u0171 lap vas\u00e1rnapi sz\u00e1m\u00e1ban megjelent interj\u00faj\u00e1ban &#8211; \u00edrja az MTI.<\/p>\n<p>Kern kijelent\u00e9se szerint &#8222;nem mehet \u00edgy tov\u00e1bb&#8221;, a kialakult helyzet azt mutatja, hogy azonnali uni\u00f3s reformokra van sz\u00fcks\u00e9g. Egy\u00fattal nem vetette el annak lehet\u0151s\u00e9g\u00e9t, hogy a kit\u0171z\u00f6tt id\u0151pontban, okt\u00f3ber 27-ig megsz\u00fcletik majd az egyezs\u00e9g.<\/p>\n<p>A kancell\u00e1r hangs\u00falyozta, hogy a CETA egyezm\u00e9nyr\u0151l sz\u00f3l\u00f3 t\u00e1rgyal\u00e1sok sor\u00e1n Ausztria sok v\u00e1ltoztat\u00e1st \u00e9rt el.<\/p>\n<p>Egy\u00fattal rem\u00e9ny\u00e9t fejezte ki, hogy az Egyes\u00fclt \u00c1llamok \u00e9s az Eur\u00f3pai Uni\u00f3 k\u00f6z\u00f6tti szabadkereskedelmi meg\u00e1llapod\u00e1s (TTIP) \u00fcgy\u00e9ben id\u0151ben lesz sz\u00f3 arr\u00f3l, hogy mit kell tartalmaznia az egyezm\u00e9nynek. \u00dagy v\u00e9lte, amennyiben ez nem t\u00f6rt\u00e9nik meg, felel\u0151ss\u00e9ggel v\u00e1llalni kell, hogy a t\u00e1rgyal\u00e1sok meghi\u00fasultak.<\/p>\n<p>A k\u00f6rnyezetv\u00e9d\u0151k \u00e9s a civil szervezetek tiltakoz\u00e1sa ellen\u00e9re az osztr\u00e1k korm\u00e1ny kedden form\u00e1lisan is szabad utat adott a CETA al\u00e1\u00edr\u00e1s\u00e1nak &#8211; k\u00f6z\u00f6lte a gazdas\u00e1gi miniszter sz\u00f3viv\u0151je. Ausztria a befektet\u00e9si felt\u00e9telek pontos\u00edt\u00e1s\u00e1ra \u00e9s \u00e1tl\u00e1that\u00f3s\u00e1g\u00e1ra t\u00f6rekszik, valamint a t\u00f6bbnyelv\u0171 befektet\u00e9si b\u00edr\u00f3s\u00e1g l\u00e9trehoz\u00e1s\u00e1t szorgalmazza.<\/p>\n<div>\u00a0 \u00a0 <br \/>\nAz osztr\u00e1kok 71 sz\u00e1zal\u00e9ka ellenzi az egyezm\u00e9ny l\u00e9trej\u00f6tt\u00e9t, 74 sz\u00e1zal\u00e9k szerint pedig a lakoss\u00e1g nem kap elegend\u0151 inform\u00e1ci\u00f3t az esetleges meg\u00e1llapod\u00e1s k\u00f6r\u00fclm\u00e9nyeir\u0151l &#8211; der\u00fclt ki egy friss felm\u00e9r\u00e9sb\u0151l.<br \/>\n<em><br \/>\nC\u00edmk\u00e9p\u00fcnk\u00f6n Christian Kern osztr\u00e1k kancell\u00e1r fot\u00f3j\u00e1t a BBC k\u00e9sz\u00edtette.<\/em><br \/>\n<em><br \/>\nForr\u00e1s: MTI<\/p>\n<p>\u00c9l\u0151 Sz\u00e9kelyf\u00f6ld Munkacsoport<\/em><\/div>\n<\/p><\/div>\n","protected":false},"excerpt":{"rendered":"<p>Viszonylagos, hogy melyik \u00e1llapot jelenti majd ama legm\u00e9lyebb pontot. Az Eur\u00f3pai Uni\u00f3 &#8211; a hangzatos \u00edg\u00e9retek ellen\u00e9re &#8211; nem k\u00e9pes azz\u00e1 v\u00e1lni, aminek \u00e1lmodta mag\u00e1t. Nem biztons\u00e1gos \u00e1llamsz\u00f6vets\u00e9g, el\u00e9gg\u00e9 arctalan, \u00e9s k\u00e9ptelen a meg\u00fajul\u00e1sra. Az EU m\u00e9g csak nem is nagyhatalom, b\u00e1r annak \u00e1lmodja \u00e9s k\u00e9pzeli mag\u00e1t. \u00dczleti szempontb\u00f3l azonban mindenk\u00e9pp talpon szeretne maradni. \u00c9s [&hellip;]<\/p>\n","protected":false},"author":1,"featured_media":28424,"comment_status":"open","ping_status":"open","sticky":false,"template":"","format":"standard","meta":{"footnotes":""},"categories":[],"tags":[],"class_list":["post-28423","post","type-post","status-publish","format-standard","has-post-thumbnail","hentry"],"_links":{"self":[{"href":"https:\/\/archivum.eloszekelyfold.ro\/index.php\/wp-json\/wp\/v2\/posts\/28423","targetHints":{"allow":["GET"]}}],"collection":[{"href":"https:\/\/archivum.eloszekelyfold.ro\/index.php\/wp-json\/wp\/v2\/posts"}],"about":[{"href":"https:\/\/archivum.eloszekelyfold.ro\/index.php\/wp-json\/wp\/v2\/types\/post"}],"author":[{"embeddable":true,"href":"https:\/\/archivum.eloszekelyfold.ro\/index.php\/wp-json\/wp\/v2\/users\/1"}],"replies":[{"embeddable":true,"href":"https:\/\/archivum.eloszekelyfold.ro\/index.php\/wp-json\/wp\/v2\/comments?post=28423"}],"version-history":[{"count":0,"href":"https:\/\/archivum.eloszekelyfold.ro\/index.php\/wp-json\/wp\/v2\/posts\/28423\/revisions"}],"wp:featuredmedia":[{"embeddable":true,"href":"https:\/\/archivum.eloszekelyfold.ro\/index.php\/wp-json\/wp\/v2\/media\/28424"}],"wp:attachment":[{"href":"https:\/\/archivum.eloszekelyfold.ro\/index.php\/wp-json\/wp\/v2\/media?parent=28423"}],"wp:term":[{"taxonomy":"category","embeddable":true,"href":"https:\/\/archivum.eloszekelyfold.ro\/index.php\/wp-json\/wp\/v2\/categories?post=28423"},{"taxonomy":"post_tag","embeddable":true,"href":"https:\/\/archivum.eloszekelyfold.ro\/index.php\/wp-json\/wp\/v2\/tags?post=28423"}],"curies":[{"name":"wp","href":"https:\/\/api.w.org\/{rel}","templated":true}]}}