{"id":28421,"date":"2021-12-13T05:17:01","date_gmt":"2021-12-13T05:17:01","guid":{"rendered":"http:\/\/archivum.eloszekelyfold.ro\/2021\/12\/13\/sovidek-nepviseletben\/"},"modified":"2021-12-13T05:17:01","modified_gmt":"2021-12-13T05:17:01","slug":"sovidek-nepviseletben","status":"publish","type":"post","link":"https:\/\/archivum.eloszekelyfold.ro\/index.php\/2021\/12\/13\/sovidek-nepviseletben\/","title":{"rendered":"S\u00f3vid\u00e9k n\u00e9pviseletben"},"content":{"rendered":"<p><\/p>\n<div style=\"color:#666666; font-family:inherit; font-size:14px;font-style: normal;text-align:left;line-height:24px;\">\n<div style=\"float:left\"><img decoding=\"async\" src=\"http:\/\/archivum.eloszekelyfold.ro\/wp-content\/uploads\/2021\/12\/538_felvonulas_kapolnason3.jpg\" alt=\"S\u00f3vid\u00e9k n\u00e9pviseletben\" style=\"padding-right:14px; padding-bottom:6px; padding-top:6px;\" width=\"320px\"><\/div>\n<p>                              Imm\u00e1r h\u00e1rom alkalommal szerveztek n\u00e9pviseleti bemutat\u00f3t Udvarhelysz\u00e9ken. <\/p>\n<p>A Homor\u00f3d-mente n\u00e9pviseletben nev\u0171 nagyszab\u00e1s\u00fa tal\u00e1lkoz\u00f3t 2014-ben L\u00f6v\u00e9t\u00e9n, 2015-ben Okl\u00e1ndon, 2016-ban pedig K\u00e1poln\u00e1sfaluban tartott\u00e1k. <\/p>\n<p>A k\u00f6vetkez\u0151 \u00e9vben a soron k\u00f6vetkez\u0151 tal\u00e1lkoz\u00f3 h\u00e1zigazd\u00e1ja Homor\u00f3dszentm\u00e1rton lesz. <\/p>\n<p><strong>T\u00fall\u00e9pve a Homor\u00f3dok vid\u00e9k\u00e9n, az a terv, hogy 2017-ben a S\u00f3vid\u00e9kre is \u00e1tvigy\u00fck ezt a kezdem\u00e9nyez\u00e9st. <\/strong><\/p>\n<p>Az \u00c9l\u0151 Sz\u00e9kelyf\u00f6ld Munkacsoport abban a rem\u00e9nyben v\u00e1llalta a szervez\u00e9st, hogy az ottani emberek is \u00f6r\u00f6mmel csatlakoznak ehhez az \u00f6nismereti \u00e9s \u00f6nbecs\u00fcl\u00e9si mozgalomhoz. <\/p>\n<p>Mintegy huszon\u00f6t telep\u00fcl\u00e9st sz\u00f3l\u00edtottak meg a Kis- \u00e9s a Nagy-Homor\u00f3d v\u00f6lgy\u00e9ben: K\u00e1poln\u00e1sfalu, Szentegyh\u00e1za, L\u00f6v\u00e9te, Homor\u00f3dalm\u00e1s, Homor\u00f3dkar\u00e1csonyfalva, Okl\u00e1nd, Homor\u00f3d\u00fajfalu, Sz\u00e9kelyzsombor, Homor\u00f3dremete, Gyepes, Homor\u00f3dkar\u00e1csonyfalva, Ab\u00e1sfalva, K\u00e9nos, L\u00f3kod, B\u00e1gy, Homor\u00f3dszentm\u00e1rton, Recseny\u00e9d, Homor\u00f3dszentp\u00e1l, Homor\u00f3dszentp\u00e9ter, V\u00e1rosfalva, J\u00e1nosfalva, Homor\u00f3ddar\u00f3c, Petek, Sz\u00e9kelyd\u00e1lya \u00e9s \u00c9ge. <\/p>\n<p>Ha az els\u0151 alkalommal nem is siker\u00fclt minden telep\u00fcl\u00e9st sz\u00e9kelyruh\u00e1ba &#8222;\u00f6lt\u00f6ztetni&#8221; a megh\u00edvottak k\u00f6z\u00fcl, a k\u00fclt\u00faraszervez\u0151k megfigyel\u0151kk\u00e9nt, civilben az els\u0151, a l\u00f6v\u00e9tei tal\u00e1lkoz\u00f3n is ott voltak. A m\u00e1sodik \u00e9s a harmadik rendezv\u00e9ny m\u00e1r egy\u00e9rtelm\u0171en kin\u0151tte mag\u00e1t, hiszen minden k\u00f6z\u00f6ss\u00e9g elk\u00fcldte k\u00e9pvisel\u0151it.<\/p>\n<div style=\"text-align: center;\"><img loading=\"lazy\" decoding=\"async\" src=\"http:\/\/archivum.eloszekelyfold.ro\/wp-content\/uploads\/2021\/12\/felvonulas_kapolnason6.jpg\" width=\"650\" height=\"351\" alt=\"\"><\/div>\n<div style=\"text-align: center;\"><em>Csoportk\u00e9p a 2016-os tal\u00e1lkoz\u00f3n K\u00e1poln\u00e1sfaluban (Szab\u00f3 K\u00e1roly felv\u00e9tele)<br \/>\n<br type=\"_moz\"><br \/>\n<\/em><\/div>\n<div>Mivel &#8211; ak\u00e1rcsak a Homor\u00f3d-mente &#8211; a S\u00f3vid\u00e9k kisr\u00e9gi\u00f3 is k\u00f6zigazgat\u00e1silag k\u00e9t megy\u00e9ben \u00e9s t\u00f6bb k\u00f6zs\u00e9gben helyezkedik el, amelyek a maguk eg\u00e9sz\u00e9ben nem minden esetben fedik a kijel\u00f6lt ter\u00fcletet, az \u00c9l\u0151 Sz\u00e9kelyf\u00f6ld Munkacsoport is k\u00e9nytelen \u00fagy megsz\u00f3l\u00edtani az \u00e9rintetteket, hogy kil\u00e9p a jelenlegi k\u00f6zigazgat\u00e1si hat\u00e1rok m\u00f6g\u00fcl.<br \/>\n\u00a0<\/div>\n<div style=\"text-align: center;\"><img loading=\"lazy\" decoding=\"async\" src=\"http:\/\/archivum.eloszekelyfold.ro\/wp-content\/uploads\/2021\/12\/felvonulas_kapolnason1.jpg\" width=\"600\" height=\"388\" alt=\"\"><\/div>\n<div style=\"text-align: center;\"><em>Homor\u00f3d\u00fajfalusi asszonyok, Ilkei \u00c1rp\u00e1d tiszteletes t\u00e1rsas\u00e1g\u00e1ban<\/em><\/div>\n<div>\u00a0<\/div>\n<div style=\"text-align: right;\"><strong>A <em>S\u00f3vid\u00e9k n\u00e9pviseletben <\/em>nevet visel\u0151\u00a0tal\u00e1lkoz\u00f3ra nagy tisztelettel \u00e9s sok szeretettel v\u00e1rjuk Szolokma, S\u00f3v\u00e1rad, Szakad\u00e1t, Ily\u00e9smez\u0151, Kib\u00e9d, Szov\u00e1ta, Parajd, Als\u00f3s\u00f3falva, Fels\u0151s\u00f3falva, Sikl\u00f3d, B\u00e9k\u00e1stanya, Atyha, Korond, P\u00e1lpataka, Feny\u0151k\u00fat \u00e9s Szencsed k\u00e9pvisel\u0151it, sz\u00e9kelyruh\u00e1ba \u00f6lt\u00f6z\u00f6tt f\u00e9rfiait, asszonyait, gyermekeit, fiataljait, illetve &#8211; arra val\u00f3 tekintettel, hogy a k\u00f6zs\u00e9ghat\u00e1rok metszik a t\u00e1jegys\u00e9g hat\u00e1rait &#8211; Erd\u0151szentgy\u00f6rgy, H\u00e1rmasfalu, Makfalva, Et\u00e9d, Farkaslaka \u00e9s Oroszhegy k\u00f6zs\u00e9gk\u00f6zpont kisebb l\u00e9leksz\u00e1m\u00fa, de minden koroszt\u00e1lyt mag\u00e1ba foglal\u00f3 k\u00fcld\u00f6tteit megfigyel\u0151kk\u00e9nt l\u00e1tn\u00e1nk vend\u00e9g\u00fcl, hiszen ez\u00e1ltal az \u00f6tlet tov\u00e1bbvihet\u0151 a Hegyalja, a Kis-K\u00fcl\u00fcll\u0151-, a Gagy- \u00e9s a Nyik\u00f3-mente telep\u00fcl\u00e9seire is. A kett\u0151s k\u00f6t\u0151d\u00e9s\u0171 k\u00fcsm\u00f6dieket pedig &#8211; mint k\u00e9t t\u00e1jegys\u00e9g k\u00f6z\u00e9 be\u00e9kel\u0151d\u00f6tt falut &#8211; tiszteletbeli megh\u00edvottk\u00e9nt l\u00e1tn\u00e1nk sz\u00edvesen.<\/strong><\/div>\n<div>\u00a0<\/div>\n<div style=\"text-align: center;\"><img loading=\"lazy\" decoding=\"async\" src=\"http:\/\/archivum.eloszekelyfold.ro\/wp-content\/uploads\/2021\/12\/felvonulas_kapolnason2.jpg\" width=\"600\" height=\"414\" alt=\"\"><\/div>\n<div style=\"text-align: center;\"><em>Szentegyh\u00e1ziak \u00e9s Ha\u00e1z S\u00e1ndor karnagy (Szab\u00f3 K\u00e1roly felv\u00e9tele)<\/em><\/div>\n<div>\n<strong>&#8222;A z\u00f6ld \u00e1g rem\u00e9nys\u00e9ge&#8221;<\/strong><\/p>\n<p>A <em>S\u00f3vid\u00e9k n\u00e9pviseletben <\/em>nevet visel\u0151 kultur\u00e1lis program nem v\u00e9letlen\u00fcl kapja most ezt a mott\u00f3t. <\/p>\n<p>Szeptember 17-\u00e9n, amikor K\u00e1poln\u00e1sfaluban tartott\u00e1k a harmadik Homor\u00f3d-menti tal\u00e1lkoz\u00f3t, azt tervezt\u00fck, hogy az \u00f6tletet meghonos\u00edtjuk m\u00e1sutt is, besz\u00e9lgett\u00fcnk k\u00fcl\u00f6nb\u00f6z\u0151 \u00f6tletekr\u0151l. A S\u00f3vid\u00e9kr\u0151l volt sz\u00f3, \u00e9s t\u00f6rt\u00e9netesen Atyh\u00e1r\u00f3l, amelynek temploma a k\u00f6zelm\u00faltban esett \u00e1t f\u0151j\u00edv\u00edt\u00e1son, az id\u00e9n k\u00e9sz\u00fclt el mell\u00e9je az \u00faj fogadalmi k\u00e1polna. Kiv\u00e1l\u00f3 helysz\u00ednnek mutatkozott ez a k\u00e9tsz\u00e1z lelkes falu egy ilyen tal\u00e1lkoz\u00f3ra \u00e9s \u00fcnnepre.\u00a0Csakhogy \u00e9ppen azon a h\u00e9tv\u00e9g\u00e9n &#8211; szeptember 18-r\u00f3l 19-re virrad\u00f3lag &#8211; le\u00e9gett az egyh\u00e1zk\u00f6zs\u00e9g gy\u00f6ny\u00f6r\u0171 temploma. Olyan m\u00e9ret\u0171 anyagi k\u00e1r keletkezett, amelynek orvosl\u00e1s\u00e1ra k\u00e9t-h\u00e1rom \u00e9vre lesz sz\u00fcks\u00e9g, m\u00e9g akkor is, ha az anyagi forr\u00e1sokat nemcsak a helyiek, hanem K\u00e1rp\u00e1t-medence szerte, \u00f6sszmagyar megmozdul\u00e1ssal gy\u0171jtj\u00fck \u00f6ssze.<\/p>\n<p>Amikor sz\u00f3ba \u00e1lltunk a helyi pl\u00e9b\u00e1nossal, Adorj\u00e1n Imre tisztelend\u0151 \u00farral, M\u00e1th\u00e9 \u00c1rp\u00e1g gondnokkal \u00e9s a felel\u0151sen gondolkod\u00f3 atyhai h\u00edvekkel, az volt az egy\u00e9rtelm\u0171 v\u00e1laszuk, hogy a templomot hamarosan \u00fajraf\u00f6dik, s nem ideiglenes szerkezettel, hanem \u00e1lland\u00f3 tet\u0151vel. <\/p>\n<p>Ily m\u00f3don &#8211; hat\u00e1roztuk el &#8211; a n\u00e9pviseleti tal\u00e1lkoz\u00f3t a &#8222;z\u00f6ld\u00e1ghoz&#8221; k\u00f6tj\u00fck: amikor siker\u00fcl \u00fajraf\u00f6dni a szent\u00e9lyt \u00e9s a haj\u00f3t, amikor r\u00e1ker\u00fcl ism\u00e9t a kereszt, akkor tartjuk meg a rendezv\u00e9ny\u00fcnket. Ez\u00e9rt viseli &#8222;A z\u00f6ld \u00e1g rem\u00e9nys\u00e9ge&#8221; alc\u00edmet.<br \/>\n\u00a0<\/div>\n<div style=\"text-align: center;\"><img loading=\"lazy\" decoding=\"async\" src=\"http:\/\/archivum.eloszekelyfold.ro\/wp-content\/uploads\/2021\/12\/felvonulas_kapolnason5.jpg\" width=\"448\" height=\"285\" alt=\"\"><\/div>\n<div style=\"text-align: center;\"><em>\u00c9len vonulnak a l\u00f6v\u00e9teiek &#8211; l\u00f6v\u00e9tei zenekarral (Szab\u00f3 K\u00e1roly felv\u00e9tele)<\/em><\/div>\n<div>\n<strong>A tal\u00e1lkoz\u00f3 szerkezete hagyom\u00e1nyt k\u00f6vet<\/strong><\/p>\n<p>Ak\u00e1rcsak a k\u00e9t Homor\u00f3d-ment\u00e9n lezajlott esem\u00e9nyeken, Atyh\u00e1ban is egy szombati napon tal\u00e1lkoznak majd a n\u00e9pviseletbe \u00f6lt\u00f6z\u00f6tt k\u00f6rny\u00e9kbeliek. <\/p>\n<p>Amennyiben m\u00e9g zordabb lesz abban a pillanatban az id\u0151j\u00e1r\u00e1s &#8211; janu\u00e1r-m\u00e1rcius -, akkor t\u00e9li, ha id\u0151k\u00f6zben kitavaszodik &#8211; \u00e1prilis-j\u00fanius -, akkor ny\u00e1ri ruh\u00e1zatban k\u00e9rj\u00fck a megjelen\u00e9st. <\/p>\n<p>D\u00e9lel\u0151tt 10.00 \u00e9s 11.00 \u00f3ra k\u00f6z\u00f6tt lesz a gy\u00fclekez\u00e9s a falu r\u00e9gi k\u00f6zpontj\u00e1ban &#8211; a vegyesbolt el\u0151tt -, ahonnan 11.00 \u00f3r\u00e1ra vonulnak fel a csoportok az \u00f6kum\u00e9nikus szentmis\u00e9re. 12.30 \u00e9s 13.00 k\u00f6z\u00f6tt tart a par\u00e1d\u00e9 &#8211; amelyben a sz\u00e9kelyruh\u00e1s csoportok zenesz\u00f3val haladnak v\u00e9gig az utc\u00e1kon -, majd 13.15-t\u0151l kezd\u0151dik az \u00fcnnepi m\u0171sor a m\u0171vel\u0151d\u00e9si h\u00e1zban. Kezd\u00e9sk\u00e9nt a S\u00f3vid\u00e9khez illeszked\u0151 n\u00e9prajzi, viselett\u00f6rt\u00e9neti el\u0151ad\u00e1sok hangzanak el. A tervek szerint helyi anyagb\u00f3l fot\u00f3ki\u00e1ll\u00edt\u00e1s is k\u00e9sz\u00fcl, amely az atyhai csal\u00e1dokt\u00f3l begy\u0171jt\u00f6tt, n\u00e9pviseletbe \u00f6lt\u00f6z\u00f6tt embereket fog majd \u00e1br\u00e1zolni. 14.00 \u00f3r\u00e1t\u00f3l kezd\u0151dik a bemutatkoz\u00e1s. Minden csoport 8-10 perces lehet\u0151s\u00e9get kap (a helyi ruh\u00e1zat ismertet\u00e9se, esetleg egy-k\u00e9t n\u00e9pdal helyi vari\u00e1ci\u00f3j\u00e1nak el\u0151ad\u00e1sa). 18.00 \u00f3r\u00e1t\u00f3l esteb\u00e9d, majd 20.00 \u00f3r\u00e1t\u00f3l &#8211; alkalomhoz ill\u0151 &#8211; kult\u00farm\u0171sor z\u00e1rja az eg\u00e9sz napos programsorozatot.\u00a0<br \/>\n\u00a0<\/div>\n<div style=\"text-align: center;\"><img loading=\"lazy\" decoding=\"async\" src=\"http:\/\/archivum.eloszekelyfold.ro\/wp-content\/uploads\/2021\/12\/kiralynezas1.jpg\" width=\"600\" height=\"400\" alt=\"\"><\/div>\n<div style=\"text-align: center;\"><em>P\u00fcnk\u00f6sdi kir\u00e1lyn\u00e9z\u00e1s Sikl\u00f3don (Bal\u00e1zs D\u00e1vid felv\u00e9tele)<\/em><\/div>\n<div>\nA <em>&#8222;Z\u00f6ld \u00e1g rem\u00e9nys\u00e9ge&#8221; &#8211; S\u00f3vi\u00e9k n\u00e9pviseletben<\/em> tal\u00e1lkoz\u00f3t abban a hitben szervezz\u00fck a vid\u00e9k legmagasabban fekv\u0151 \u00e9s tal\u00e1n legkisebb faluj\u00e1ban, mert ott most nagy sz\u00fcks\u00e9g van az \u00f6sszefog\u00e1sra \u00e9s a k\u00f6z\u00f6s munk\u00e1ra. <\/p>\n<p>B\u00edzunk abban, hogy sz\u00e9kelyek \u00e9s a vil\u00e1g b\u00e1rmely pontj\u00e1n \u00e9l\u0151 magyar emberek figyelme nem lankad, az adakoz\u00f3kedv is megmarad, \u00e9s hamarosan \u00faj templom fog magasodni a romokon. <br \/>\n\u00a0<\/div>\n<div style=\"text-align: center;\"><img loading=\"lazy\" decoding=\"async\" src=\"http:\/\/archivum.eloszekelyfold.ro\/wp-content\/uploads\/2021\/12\/alsosofalvi_legenyek_1940_es_evek.jpg\" width=\"555\" height=\"355\" alt=\"\"><br \/>\n<em>Als\u00f3s\u00f3falvi leg\u00e9nyek &#8211; 1940-es \u00e9vek eleje (Fot\u00f3: www.alsosofalva.eu)<\/em><br \/>\n\u00a0<\/div>\n<div style=\"text-align: left;\">A vid\u00e9k pedig gazdagodik egy \u00fajabb rendezv\u00e9nnyel, amely v\u00e1ndorprogramk\u00e9nt, \u00e9vr\u0151l-\u00e9vre sz\u00ednesedve \u00e9s tartalmakkal gyarapodva seg\u00edt majd minket abban, hogy sz\u00e9kely mivoltunkat a maga pomp\u00e1j\u00e1ban \u00e9s m\u00e9lt\u00f3s\u00e1g\u00e1ban \u00e9lj\u00fck meg, azokat a ruhadarabokat \u0151rizgetve \u00e9s viselve, amelyek mintakincse gener\u00e1ci\u00f3kr\u00f3l gener\u00e1ci\u00f3kra haladva maradt r\u00e1nk, hogy majd mi is &#8211; ak\u00e1rcsak az \u00edzes besz\u00e9det, a n\u00e9pdalokat, az im\u00e1ds\u00e1gokat, a hitet \u00e9s a j\u00f6v\u0151be vetett rem\u00e9nys\u00e9get &#8211; tov\u00e1bbadhassuk az ut\u00e1nunk k\u00f6vetkez\u0151knek.<\/div>\n<div style=\"text-align: left;\">\u00a0<\/div>\n<div><em>A c\u00edmk\u00e9p Szab\u00f3 K\u00e1roly felv\u00e9tele.<\/em><\/p>\n<p><em>Sim\u00f3 M\u00e1rton\/ \u00c9l\u0151 Sz\u00e9kelyf\u00f6ld Munkacsoport<\/em><br \/>\n\u00a0<\/div>\n<\/p><\/div>\n","protected":false},"excerpt":{"rendered":"<p>Imm\u00e1r h\u00e1rom alkalommal szerveztek n\u00e9pviseleti bemutat\u00f3t Udvarhelysz\u00e9ken. A Homor\u00f3d-mente n\u00e9pviseletben nev\u0171 nagyszab\u00e1s\u00fa tal\u00e1lkoz\u00f3t 2014-ben L\u00f6v\u00e9t\u00e9n, 2015-ben Okl\u00e1ndon, 2016-ban pedig K\u00e1poln\u00e1sfaluban tartott\u00e1k. A k\u00f6vetkez\u0151 \u00e9vben a soron k\u00f6vetkez\u0151 tal\u00e1lkoz\u00f3 h\u00e1zigazd\u00e1ja Homor\u00f3dszentm\u00e1rton lesz. T\u00fall\u00e9pve a Homor\u00f3dok vid\u00e9k\u00e9n, az a terv, hogy 2017-ben a S\u00f3vid\u00e9kre is \u00e1tvigy\u00fck ezt a kezdem\u00e9nyez\u00e9st. Az \u00c9l\u0151 Sz\u00e9kelyf\u00f6ld Munkacsoport abban a rem\u00e9nyben v\u00e1llalta [&hellip;]<\/p>\n","protected":false},"author":1,"featured_media":28422,"comment_status":"open","ping_status":"open","sticky":false,"template":"","format":"standard","meta":{"footnotes":""},"categories":[],"tags":[],"class_list":["post-28421","post","type-post","status-publish","format-standard","has-post-thumbnail","hentry"],"_links":{"self":[{"href":"https:\/\/archivum.eloszekelyfold.ro\/index.php\/wp-json\/wp\/v2\/posts\/28421","targetHints":{"allow":["GET"]}}],"collection":[{"href":"https:\/\/archivum.eloszekelyfold.ro\/index.php\/wp-json\/wp\/v2\/posts"}],"about":[{"href":"https:\/\/archivum.eloszekelyfold.ro\/index.php\/wp-json\/wp\/v2\/types\/post"}],"author":[{"embeddable":true,"href":"https:\/\/archivum.eloszekelyfold.ro\/index.php\/wp-json\/wp\/v2\/users\/1"}],"replies":[{"embeddable":true,"href":"https:\/\/archivum.eloszekelyfold.ro\/index.php\/wp-json\/wp\/v2\/comments?post=28421"}],"version-history":[{"count":0,"href":"https:\/\/archivum.eloszekelyfold.ro\/index.php\/wp-json\/wp\/v2\/posts\/28421\/revisions"}],"wp:featuredmedia":[{"embeddable":true,"href":"https:\/\/archivum.eloszekelyfold.ro\/index.php\/wp-json\/wp\/v2\/media\/28422"}],"wp:attachment":[{"href":"https:\/\/archivum.eloszekelyfold.ro\/index.php\/wp-json\/wp\/v2\/media?parent=28421"}],"wp:term":[{"taxonomy":"category","embeddable":true,"href":"https:\/\/archivum.eloszekelyfold.ro\/index.php\/wp-json\/wp\/v2\/categories?post=28421"},{"taxonomy":"post_tag","embeddable":true,"href":"https:\/\/archivum.eloszekelyfold.ro\/index.php\/wp-json\/wp\/v2\/tags?post=28421"}],"curies":[{"name":"wp","href":"https:\/\/api.w.org\/{rel}","templated":true}]}}