{"id":28419,"date":"2021-12-13T05:15:01","date_gmt":"2021-12-13T05:15:01","guid":{"rendered":"http:\/\/archivum.eloszekelyfold.ro\/2021\/12\/13\/kistajak-muzsikajanak-egyeni-hangja\/"},"modified":"2021-12-13T05:15:01","modified_gmt":"2021-12-13T05:15:01","slug":"kistajak-muzsikajanak-egyeni-hangja","status":"publish","type":"post","link":"https:\/\/archivum.eloszekelyfold.ro\/index.php\/2021\/12\/13\/kistajak-muzsikajanak-egyeni-hangja\/","title":{"rendered":"\u201eKist\u00e1jak muzsik\u00e1j\u00e1nak egy\u00e9ni hangja\u201d"},"content":{"rendered":"<p><\/p>\n<div style=\"color:#666666; font-family:inherit; font-size:14px;font-style: normal;text-align:left;line-height:24px;\">\n<div style=\"float:left\"><img decoding=\"async\" src=\"http:\/\/archivum.eloszekelyfold.ro\/wp-content\/uploads\/2021\/12\/539_Pavai_A_Sovidek_nepzeneje.jpg\" alt=\" \u201eKist\u00e1jak muzsik\u00e1j\u00e1nak egy\u00e9ni hangja\u201d\" style=\"padding-right:14px; padding-bottom:6px; padding-top:6px;\" width=\"320px\"><\/div>\n<p>                              P\u00e1vai Istv\u00e1n folklorista leg\u00fajabb kiadv\u00e1nya \u00a0t\u00f6bb \u00e9vtizedes, k\u00f6vetkezetes kutat\u00f3munka eredm\u00e9nyeit \u00f6sszegezve, magyar \u00e9s angol nyelven mutatja be Sz\u00e9kelyf\u00f6ld egyik legkisebb t\u00e1ja, a S\u00f3vid\u00e9k n\u00e9pzen\u00e9j\u00e9t, zen\u00e9s-t\u00e1ncos szok\u00e1sait. A DVD-ROM gazdag hangz\u00f3- \u00e9s dokumentumanyag\u00e1t kieg\u00e9sz\u00edt\u0151 nyomtatott sz\u00f6vegben sz\u00ednes t\u00f6rt\u00e9neti forr\u00e1sok, interj\u00fa-r\u00e9szletek \u00e9s visszaeml\u00e9kez\u00e9sek hozz\u00e1k el\u00e9rhet\u0151 k\u00f6zels\u00e9gbe azt a vil\u00e1got, mely a folklorista t\u00e1rgyilagos szeml\u00e9let\u00e9ben sem m\u00e1s m\u00e1r, mint \u201ea 20. sz\u00e1zad els\u0151 fel\u00e9ben vir\u00e1gkor\u00e1t \u00e9lt s\u00f3vid\u00e9ki zene eml\u00e9ke\u201d.<\/p>\n<p>Ez a l\u00edrai megfogalmaz\u00e1s nem idegen a kiadv\u00e1ny koncepci\u00f3j\u00e1t\u00f3l, mi t\u00f6bb, a szerz\u0151 kezd\u0151 vallom\u00e1s\u00e1val is tal\u00e1lkozik. A bevezet\u0151 fejezetben P\u00e1vai Istv\u00e1n az \u00e9let\u00e9t, hivat\u00e1s\u00e1t meghat\u00e1roz\u00f3 s\u00f3vid\u00e9ki kapcsolataival ind\u00edt, s a k\u00f6tet sz\u00f6veg\u00e9nek szakmai textusain bel\u00fcl is t\u00f6bb \u00edzben feler\u0151s\u00f6dik a szem\u00e9lyes eml\u00e9kek, vagy a saj\u00e1t megfigyel\u00e9sek szerepe. A szerz\u0151 munk\u00e1it m\u00e9ltat\u00f3k gyakran emelik ki a folklorista \u00e9let- \u00e9s \u00e9lm\u00e9nyszer\u0171 \u00edr\u00e1sait, emberk\u00f6zeli tud\u00f3si habitus\u00e1t, s ez A S\u00f3vid\u00e9k n\u00e9pzen\u00e9je eset\u00e9ben m\u00e9g ink\u00e1bb \u00e9rv\u00e9nyre jut. \u00c9s \u00fagy \u00e9rv\u00e9nyes\u00fcl, hogy k\u00f6zben a hiteles, szakmailag megalapozott k\u00e9pet nem torz\u00edtja \u2013 pedig a szeretett t\u00e1jakr\u00f3l, t\u00e9m\u00e1kr\u00f3l, a t\u00e1gabb sz\u00fcl\u0151f\u00f6ldr\u0151l, a gyermekkori \u00e9lm\u00e9nyek sz\u00ednter\u00e9r\u0151l a tud\u00f3snak (is) neh\u00e9z elfogulatlanul fogalmazni. A szem\u00e9lyes t\u00e9r csak gazdag\u00edtja a szerz\u0151 jelen k\u00f6tet\u00e9t, mely, ak\u00e1rcsak P\u00e1vai Istv\u00e1n eddigi publik\u00e1ci\u00f3i, kiadv\u00e1nyai, internetes \u00e9s hordoz\u00f3anyagon el\u00e9rhet\u0151 adatb\u00e1zisai, \u00a0a kritikai szeml\u00e9let \u00e9s az \u00e1tl\u00e1that\u00f3 strukt\u00far\u00e1k jegy\u00e9ben k\u00e9sz\u00fclt. <\/p>\n<p>A S\u00f3vid\u00e9k n\u00e9pzen\u00e9je a szerz\u0151 sz\u00e1nd\u00e9ka szerint nem monografikus kiadv\u00e1ny, sem puszt\u00e1n egy DVD-mell\u00e9klettel illusztr\u00e1lt k\u00f6nyv. Bemutat\u00e1s\u00e1t a nyomtatott k\u00f6tettel kezdj\u00fck, melyben a fejezetek sz\u00f6veg\u00e9t \u2013 a r\u00f6vid kutat\u00e1st\u00f6rt\u00e9nett\u0151l az \u00e9nekl\u00e9s-rigmus-mond\u00f3ka tri\u00e1sz\u00e1n \u00e1t a hangszeres muzsika \u00e9s t\u00e1nc alkalmai, a hangszeregy\u00fcttesek, a t\u00e1nck\u00e9szlet \u00e9s a napt\u00e1ri \u00e9v szok\u00e1saihoz k\u00f6t\u0151d\u0151 zen\u00e9k le\u00edr\u00e1sa tartozik ide \u2013 f\u00e9nyk\u00e9pek, impoz\u00e1ns jegyzet-appar\u00e1tus, szakszer\u0171 bibliogr\u00e1fia \u00e9s k\u00e9tnyelv\u0171 (magyar-rom\u00e1n) helys\u00e9gn\u00e9vmutat\u00f3 k\u00f6veti.<\/p>\n<p>A ter\u00fclet folkl\u00f3r-eml\u00e9keit kutat\u00f3k \u00e9s eredm\u00e9nyeik v\u00e1zlatos \u00f6sszegz\u00e9s\u00e9t k\u00f6vet\u0151en hi\u00e1nyp\u00f3tl\u00f3, a Sz\u00e9kelyf\u00f6ldre vonatkoz\u00f3 n\u00e9pzenei szempont\u00fa t\u00e1jbeoszt\u00e1st k\u00f6z\u00f6l P\u00e1vai, melyben \u2013 mintegy a tov\u00e1bbi gy\u0171jt\u0151- \u00e9s feldolgoz\u00f3 munka ir\u00e1ny\u00e1t is megadva \u2013 jelzi a \u201efeh\u00e9r foltokat\u201d p\u00e9ld\u00e1ul a B\u00e9k\u00e1s vid\u00e9ke, Fels\u0151- \u00e9s Als\u00f3 H\u00e1romsz\u00e9k, Marostere\/Marosmez\u0151, vagy Szov\u00e1ta eset\u00e9ben. A s\u00f3vid\u00e9ki r\u00e9sz ismertet\u00e9s\u00e9nek felvezet\u00e9s\u00e9ben egy t\u00f6mbben, majd k\u00e9s\u0151bb t\u00f6bb hely\u00fctt is megjelenik a dallamok t\u00f6rt\u00e9neti, a m\u0171zen\u00e9b\u0151l val\u00f3 besziv\u00e1rg\u00e1s\u00e1nak k\u00e9rd\u00e9se, az \u00faj st\u00edlus\u00fa n\u00e9pdalok, m\u0171dalok \u00e1tker\u00fcl\u00e9se a lakodalmi reperto\u00e1rba a 20. sz\u00e1zad elej\u00e9n, ezzel is t\u00e1g\u00edtva a ter\u00fclet dallamkincs\u00e9re vonatkoz\u00f3 adatok szeml\u00e9let\u00e9t.<\/p>\n<p>A szerz\u0151 apr\u00f3l\u00e9kos, a legkisebb egys\u00e9gekben is tartalmat, \u00f6sszef\u00fcgg\u00e9st felfedez\u0151 ir\u00e1nyelvei a s\u00f3vid\u00e9ki n\u00e9pi- \u00e9s t\u00e1nczene elemeinek bemutat\u00e1sakor is \u00e9rv\u00e9nyes\u00fclnek, helyet kap \u00edgy a rigmus, a mond\u00f3ka, a d\u00fadol\u00e1s, a \u201esziszire t\u00e1ncol\u00e1s\u201d (a t\u00e1ncdallamok f\u00fcttysz\u00f3val val\u00f3 megsz\u00f3laltat\u00e1sa), vagy ak\u00e1r a falusi dobosok szerepk\u00f6re \u00e9s a p\u00e1sztorok k\u00fcrtjeleinek eml\u00edt\u00e9se.<\/p>\n<p>A hangszeres zene \u00e9s t\u00e1nc alkalmai, majd a hangszeregy\u00fcttesek bemutat\u00e1sa P\u00e1vai Istv\u00e1n m\u00e1r kor\u00e1bban megfogalmazott, komplex folkl\u00f3r-kutat\u00f3i szeml\u00e9let\u00e9nek megfelel\u0151en a n\u00e9pi t\u00e1nczene funkcion\u00e1lis, tartalmi \u00e9s formai oldalait egym\u00e1ssal \u00f6sszef\u00fcgg\u00e9sben felt\u00e1r\u00f3 rendszerben t\u00f6rt\u00e9nik. \u00a0S\u00f3vid\u00e9ken heged\u0171-cimbalom-b\u0151g\u0151 \u00f6sszet\u00e9tel\u0171 zenekarok muzsik\u00e1ltak \u2013 ez volt k\u00fcl\u00f6nben a hagyom\u00e1nyos n\u00e9pi zenekari forma a Sz\u00e9kelyf\u00f6ld\u00f6n. Az egy\u00fcttesek ismertet\u00e9se r\u00e9v\u00e9n P\u00e1vai \u00faj adatokkal szolg\u00e1l a muzsikus-dinaszti\u00e1k, a m\u00falt sz\u00e1zad n\u00e9pi zen\u00e9sz-egy\u00e9nis\u00e9geit, vagy egyes hangszerek (p\u00e9ld\u00e1ul a cimbalom meghonosod\u00e1s\u00e1t) illet\u0151en. Az alkalmi egy\u00fcttesek, a hagyom\u00e1nyos zenekar b\u0151v\u00edtett v\u00e1ltozatai, majd ezek megsz\u0171n\u00e9sei, a v\u00e1rosi cig\u00e1nyzenekarok \u00e9s a polg\u00e1ri hat\u00e1sok is megjelennek a sz\u00f6vegkorpuszban. <\/p>\n<div style=\"text-align: center;\"><img loading=\"lazy\" decoding=\"async\" src=\"http:\/\/archivum.eloszekelyfold.ro\/wp-content\/uploads\/2021\/12\/Pavai_Nyicu_es_zenekara.jpg\" width=\"600\" height=\"425\" alt=\"\"><\/div>\n<div style=\"text-align: center;\"><em>Paradica Mih\u00e1ly &#8222;Nyicu&#8221; \u00e9s zenekara &#8211; Fels\u0151s\u00f3falva (P\u00e1vai Istv\u00e1n gy\u0171jt\u00e9se)<\/em><\/div>\n<p>\nP\u00e1vai ig\u00e9nyess\u00e9ge, mellyel a cig\u00e1nyzenekarok, a f\u00e9lhivat\u00e1sos muzsikusok tev\u00e9kenys\u00e9g\u00e9t, a 19. sz\u00e1zad v\u00e9gi \u2013 20. sz\u00e1zad eleji s\u00f3vid\u00e9ki f\u00fcrd\u0151\u00e9let zenei reperto\u00e1rj\u00e1t, vagy a hangszert oktat\u00f3 \u00e9rtelmis\u00e9giek kezdem\u00e9nyez\u00e9seit is figyelemmel k\u00eds\u00e9ri, sz\u00e9lesebb horizontot t\u00e1r a kist\u00e1j (n\u00e9p)zenei eml\u00e9keit keres\u0151k el\u00e9.\u00a0A s\u00f3vid\u00e9ki t\u00e1nck\u00e9szlet ismertet\u00e9s\u00e9ben is ugyanez a kiterjesztett, t\u00f6rt\u00e9neti szeml\u00e9let \u00e9rv\u00e9nyes\u00fcl. P\u00e1vai Istv\u00e1n t\u00e1nct\u00f6rt\u00e9neti hivatkoz\u00e1sok \u00e9s anal\u00f3gi\u00e1k figyelembev\u00e9tel\u00e9vel tiszt\u00e1zza a terminol\u00f3gia k\u00e9rd\u00e9seit, \u00edgy p\u00e9ld\u00e1ul a f\u00e9lol\u00e1hos vagy a cs\u0171rd\u00f6ng\u00f6l\u0151 eset\u00e9ben, nyitva hagyja azonban a cs\u0171rd\u00f6ng\u00f6l\u0151-revival dilemm\u00e1j\u00e1t. Az erd\u00e9lyi t\u00e1nczene elismert kutat\u00f3ja, a hazai t\u00e1nch\u00e1z-mozgalom akt\u00edv szerepl\u0151je ebben a k\u00f6tet\u00e9ben is kiemelt fontoss\u00e1got tulajdon\u00edt a t\u00e1ncnak \u00e9s t\u00e1nczen\u00e9nek, n\u00e9zete szerint ugyanis ez a \u201et\u00fal\u00e9l\u0151bb m\u0171faj\u201d nagy szerepet j\u00e1tszik a t\u00e9rs\u00e9g identit\u00e1s\u00e1ban.\u00a0<\/p>\n<div>\u00a0<\/div>\n<div>A kutat\u00f3 megl\u00e1t\u00e1s\u00e1ban a kiemelten t\u00e1nckedvel\u0151 kist\u00e1j t\u00f6rzsreperto\u00e1rj\u00e1t \u2013 verbunk, lass\u00fa cs\u00e1rd\u00e1s, k\u00f6z\u00e9p cs\u00e1rd\u00e1s,\u00a0f\u00e9lol\u00e1hos, sz\u00f6ktet\u0151s, marossz\u00e9ki \u2013 meghat\u00e1roz\u00e1sukkal, t\u00f6rt\u00e9net\u00fckkel egy\u00fctt sorakoztatja el\u00e9nk P\u00e1vai Istv\u00e1n. A m\u00e1r\u00a0j\u00f3r\u00e9szt feled\u00e9sbe mer\u00fclt, besz\u00e9l\u0151 t\u00e1ncneveket \u00e9s le\u00edr\u00e1saikat is k\u00f6zli a szerz\u0151, ilyen a \u201ej\u00e1rtat\u00f3s, ereg\u00e9l\u0151\u201d, a\u00a0szarkat\u00e1nc, vagy serege\/sereg\u00e9lyt\u00e1nc.<br \/>\n\u00a0<\/div>\n<div>A DVD-ROM mell\u00e9kleten a k\u00f6tet teljes sz\u00f6veg\u00e9n fel\u00fcl a S\u00f3vid\u00e9khez kapcsol\u00f3d\u00f3 3460 folkl\u00f3radat, 2500 hangfelv\u00e9tel\u00a0(fonogr\u00e1ft\u00f3l a digit\u00e1lis technik\u00e1ig), 1450 kott\u00e1s \u00e9s sz\u00f6veges n\u00e9pdallejegyz\u00e9s, 124 videoklip (n\u00e9mafilmt\u0151l a\u00a0digit\u00e1lis technik\u00e1ig), 195 fot\u00f3, 334 arch\u00edv dokumentumoldal tal\u00e1lhat\u00f3 egy sokszempont\u00fa, polihierarchikus,\u00a0multim\u00e9di\u00e1s adatb\u00e1zisban, melyben k\u00e9tnyelv\u0171 men\u00fcrendszer seg\u00edti a keres\u00e9st. A nagy volumen\u0171 munka elk\u00e9sz\u00edt\u00e9s\u00e9ben\u00a0P\u00e1vai Istv\u00e1n \u00fatmutat\u00e1sait k\u00f6vetve t\u00f6bb tucat szakember (folklorista, t\u00e1nc-kutat\u00f3, zenet\u00f6rt\u00e9n\u00e9sz \u00e9s impoz\u00e1ns\u00a0informatikus g\u00e1rda) m\u0171k\u00f6d\u00f6tt k\u00f6zre.\u00a0<\/p>\n<p>A P\u00e9ldat\u00e1rban alkalomhoz nem k\u00f6t\u00f6tt sz\u00f6vegm\u0171fajok, a napt\u00e1ri \u00e9v szok\u00e1sai, a munkaalkalmak, az ember\u00e9let fordul\u00f3i,\u00a0t\u00e1ncok \u00e9s zenei m\u0171fajok szerint is lehet keresni 2996, a dallamv\u00e1ltozatokat is jegyz\u0151 p\u00e9lda k\u00f6z\u00f6tt.\u00a0A Dallamcsoportok c\u00edmk\u00e9ben val\u00f3 eligazod\u00e1st seg\u00edti a magyar n\u00e9pzenekutat\u00e1sban haszn\u00e1lt terminol\u00f3gia ismertet\u00e9se,\u00a0mely r\u00f6vid le\u00edr\u00e1sokkal is \u00e9rtelmezi a kateg\u00f3ri\u00e1kat. A zenei szempont\u00fa keres\u00e9si felt\u00e9telek alapj\u00e1n a nem str\u00f3fikus\u00a0dallamokt\u00f3l az \u00faj st\u00edlus\u00fa \u00e9s form\u00e1j\u00fa n\u00e9p- \u00e9s m\u0171dalokig lehet a p\u00e9ld\u00e1k k\u00f6zt kutakodni.\u00a0A Keres\u00e9s men\u00fcpontban a s\u00f3vid\u00e9ki n\u00e9pi zene dallamt\u00e1r\u00e1ban jelzet\/forr\u00e1s\/publik\u00e1ci\u00f3, sz\u00f6veg, megnevez\u00e9s, adatk\u00f6zl\u0151,\u00a0el\u0151ad\u00e1sm\u00f3d, gy\u0171jt\u0151, telep\u00fcl\u00e9s \u00e9s a gy\u0171jt\u00e9s id\u0151pontj\u00e1t megadva is barangolhat az \u00e9rdekl\u0151d\u0151.\u00a0A K\u00e9pek c\u00edmke leg\u00f6rd\u00edt\u00e9s\u00e9vel a k\u00f6tet sz\u00f6veg\u00e9ben szerepl\u0151 adatk\u00f6zl\u0151k fot\u00f3i mellett gy\u0171jt\u0151k, zenekarok, n\u00e9hai\u00a0s\u00f3vid\u00e9kiek mellett cig\u00e1nyok portr\u00e9i, a szok\u00e1sok, munkaalkalmak, sz\u00ednpadi t\u00e1nc \u00e9s zene, a polg\u00e1rosul\u00e1s pillanatai,\u00a0valamint a telep\u00fcl\u00e9sek \u00e9s a kist\u00e1j arch\u00edv \u00e9s \u00faj felv\u00e9telei szeml\u00e9lhet\u0151k. A Filmek alatt pedig dokumentum\u00e9rt\u00e9k\u0171\u00a0felv\u00e9telek tal\u00e1lhat\u00f3k parajdi, als\u00f3- \u00e9s fels\u0151s\u00f3falvi, valamint korondi t\u00e1ncosok \u00e9s n\u00e9pi zenekarok el\u0151ad\u00e1s\u00e1ban.\u00a0A Dokumentumok men\u00fcpont nem csup\u00e1n az etnomuzikol\u00f3gusok sz\u00e1m\u00e1ra n\u00e9lk\u00fcl\u00f6zhetetlen forr\u00e1sokat, hanem \u00e9rt\u00e9kes, a\u00a0kist\u00e1j \u00e9s lak\u00f3i t\u00f6rt\u00e9net\u00e9hez, a szok\u00e1s- \u00e9s t\u00e1nckult\u00fara kutat\u00e1s\u00e1hoz kapcsol\u00f3d\u00f3 adatokat tartalmaz a N\u00e9prajzi M\u00fazeum\u00a0Etnol\u00f3giai Arch\u00edvuma, Magyar Tudom\u00e1nyos Akad\u00e9mia B\u00f6lcs\u00e9szettudom\u00e1nyi Kutat\u00f3k\u00f6zpont Zenetudom\u00e1nyi Int\u00e9zete, a\u00a0Hagyom\u00e1nyok H\u00e1za Folkl\u00f3rdokument\u00e1ci\u00f3s K\u00f6nyvt\u00e1r \u00e9s Arch\u00edvum, mag\u00e1ngy\u0171jtem\u00e9nyek anyagai \u00e9s k\u00fcl\u00f6nb\u00f6z\u0151 publik\u00e1ci\u00f3k\u00a0felsorakoztat\u00e1s\u00e1val.<br \/>\n\u00a0<\/div>\n<div style=\"text-align: center;\"><img loading=\"lazy\" decoding=\"async\" src=\"http:\/\/archivum.eloszekelyfold.ro\/wp-content\/uploads\/2021\/12\/pavai_portre.jpeg\" width=\"180\" height=\"211\" alt=\"\"><br \/>\n<em>P\u00e1vai Istv\u00e1n n\u00e9pzenekutat\u00f3,\u00a0<br \/>\negyetemi tan\u00e1r<\/em><br \/>\n\u00a0<\/div>\n<div>Az archiv\u00e1l\u00e1s, katalogiz\u00e1l\u00e1s prim\u00e9r felt\u00e9telei a kutat\u00e1snak \u2013 a m\u0171hely-dokumentumok ilyen\u00a0teljes k\u00f6r\u0171 k\u00f6zz\u00e9t\u00e9tele meghat\u00e1roz\u00f3 jelleggel b\u00edr, s a tov\u00e1bbi kiadv\u00e1nyok premissz\u00e1j\u00e1t k\u00e9pezi. \u00a0<\/p>\n<p>A kiv\u00e1l\u00f3 folklorista, az erd\u00e9lyi dallamok el\u0151-\u00e9s ut\u00f3\u00e9let\u00e9nek t\u00f6rt\u00e9net\u00e9t ismer\u0151, sz\u00fcl\u0151f\u00f6ldje vonz\u00e1sk\u00f6rzet\u00e9nek\u00a0muzsik\u00e1j\u00e1t \u00e9rz\u0151 zen\u00e9sz \u00e9s \u00e9rt\u0151 tud\u00f3s hiteles adatai mellett \u00fajb\u00f3l hangs\u00falyozn\u00e1m a szem\u00e9lyes t\u00e9r jelenl\u00e9t\u00e9t. P\u00e1vai\u00a0Istv\u00e1n nem csak gy\u0171jt\u00f6tt a Korond vize \u00e9s a Kis-K\u00fck\u00fcll\u0151 fels\u0151 v\u00f6lgye f\u00f6ldrajzi egys\u00e9g\u00e9ben, hanem adott is a\u00a0s\u00f3vid\u00e9ki k\u00f6z\u00f6ss\u00e9gnek. Meg\u00e9nekeltetett, t\u00e1ncra b\u00edrt adatk\u00f6zl\u0151it\u0151l a passz\u00edv eml\u00e9kanyagot is el\u0151csalogatva\u00a0Sz\u00e9kelyf\u00f6ld egyik legkisebb t\u00e1j\u00e1nak v\u00e1ltozatos n\u00e9pi zen\u00e9je \u00e9s t\u00e1ncmuzsik\u00e1ja ker\u00fcl karny\u00fajt\u00e1snyira kiadv\u00e1ny\u00e1ban, s a\u00a0t\u00f6rt\u00e9neti forr\u00e1sok, interj\u00fak, f\u00e9nyk\u00e9p- \u00e9s hangfelv\u00e9telek rendszere \u00e9s \u00e9rtelmez\u00e9se mellett nem csup\u00e1n a gy\u0171jt\u0151k vagy\u00a0\u00e9nekes k\u00f6zl\u0151k, hanem a r\u00e9g eln\u00e9mult s\u00f3vid\u00e9ki zen\u00e9szek \u00e9s t\u00e1ncosok portr\u00e9i is felsejlenek. N\u00e9hai Paradica Mih\u00e1ly\u00a0fels\u0151s\u00f3falvi muzsikus t\u00f6rt\u00e9net\u00e9hez, eml\u00e9k\u00e9hez imm\u00e1r az is hozz\u00e1tartozik, hogy \u201e1989-ben Nyicu temet\u00e9sekor a\u00a0m\u0171vel\u0151d\u00e9si h\u00e1z el\u00e9 hangsz\u00f3r\u00f3kat tettek ki, \u00e9s lemezj\u00e1tsz\u00f3r\u00f3l lej\u00e1tszott\u00e1k azt a hanglemezt, amelyet 1987-ben\u00a0jelentettem meg a zen\u00e9j\u00fckkel. A falu n\u00e9pe ekkor figyelt fel erre a hanglemezre, \u00e9s a helyi boltban t\u00f6bb sz\u00e1zat\u00a0kellett rendeljenek (\u2026).\u201d\u00a0<\/p><\/div>\n<div style=\"text-align: center;\">\n<embed type=\"application\/x-shockwave-flash\" pluginspage=\"http:\/\/www.macromedia.com\/go\/getflashplayer\" src=\"http:\/\/www.youtube.com\/v\/oWiWF4fpf-o%26hl=en%26fs=1%26rel=0%26ap=%2526fmt=18\" width=\"425\" height=\"344\"><\/embed><\/div>\n<div>\u00a0<\/div>\n<div style=\"text-align: center;\">A fenti vide\u00f3t, amennyiben nem indul,\u00a0<a href=\"https:\/\/www.youtube.com\/watch?v=oWiWF4fpf-o\"><strong><span style=\"color: rgb(255, 0, 0);\">ITT<\/span><\/strong><\/a><strong><span style=\"color: rgb(255, 0, 0);\">\u00a0<\/span><\/strong>is megtal\u00e1lja!<\/div>\n<div>\nA S\u00f3vid\u00e9k Telev\u00edzi\u00f3 riportja 2016. j\u00falius 21-\u00e9n k\u00e9sz\u00fclt.<\/p>\n<p>A S\u00f3vid\u00e9k n\u00e9pzen\u00e9je kiadv\u00e1ny komplex szeml\u00e9lete, gazdag adatb\u00e1zisa t\u00f6bbf\u00e9le olvasatot tesz lehet\u0151v\u00e9. A mell\u00e9kleten\u00a0a S\u00f3vid\u00e9k n\u00e9pi muzsik\u00e1j\u00e1nak jelenleg el\u00e9rhet\u0151 teljes arch\u00edv anyaga kereshet\u0151, tanulm\u00e1nyozhat\u00f3 a hang- \u00e9s\u00a0vide\u00f3felv\u00e9telek, valamint a kott\u00e1s, sz\u00f6veges lejegyz\u00e9seket b\u00f6ng\u00e9szve. A s\u00f3vid\u00e9ki gy\u0171jt\u00e9sek tudom\u00e1nyos\u00a0feldolgoz\u00e1sakor a szerz\u0151 nem csup\u00e1n a t\u00e1nc vagy a hangszerek-hangszeregy\u00fcttesek oldal\u00e1r\u00f3l vizsg\u00e1lja a t\u00e9m\u00e1t, hanem\u00a0a t\u00f6rt\u00e9neti r\u00e9tegek, a funkcionalit\u00e1s, a folkl\u00f3r-revival\/survival k\u00e9rd\u00e9sk\u00f6r\u00e9t vagy a muzsikus-egy\u00e9nis\u00e9gek,\u00a0\u00e9rtelmis\u00e9giek, f\u00e9lhivat\u00e1sos zen\u00e9szek szerep\u00e9t is befoglalja \u00e9rtelmez\u00e9s\u00e9be.\u00a0<\/p>\n<p>\u00c9rt \u00e9s meg\u00e9rtet P\u00e1vai Istv\u00e1n, aki \u00edgy Sz\u00e9kelyf\u00f6ld egyik jelent\u0151s kist\u00e1ja, a S\u00f3vid\u00e9k n\u00e9pzen\u00e9j\u00e9nek \u00e1ll\u00edt m\u00e9lt\u00f3\u00a0eml\u00e9ket kiadv\u00e1ny\u00e1val. Az olvas\u00f3nak-hallgat\u00f3nak csak az a dolga, hogy elmer\u00fclj\u00f6n ebben a gazdag t\u00e1rh\u00e1zban: \u00f6rvendjen\u00a0az ismer\u0151s dallamoknak, neveknek, t\u00e1jnak, tanulja a r\u00e9gi-\u00fajat. Eml\u00e9kezzen.<\/p>\n<p><em>A c\u00edmk\u00e9p a k\u00f6tet bor\u00edt\u00f3ja &#8211; P\u00e1vai Istv\u00e1n: A S\u00f3vid\u00e9k n\u00e9pzen\u00e9je\/The folk music of S\u00f3vid\u00e9k. Hagyom\u00e1nyok H\u00e1za &#8211; MTA BTK Zenetudom\u00e1nyi Int\u00e9zet, Budapest, 2016. 258 olda + CD-ROM. (A bor\u00edt\u00f3n: Paradica Mih\u00e1ly &#8222;Nyicu&#8221; (heged\u0171), Fels\u0151s\u00f3falva, 1978.)<br \/>\n<\/em><\/div>\n<div><em>\u00a0<\/em><\/div>\n<div><em>S\u00f3falvi Emese<\/em><\/div>\n<\/p><\/div>\n","protected":false},"excerpt":{"rendered":"<p>P\u00e1vai Istv\u00e1n folklorista leg\u00fajabb kiadv\u00e1nya \u00a0t\u00f6bb \u00e9vtizedes, k\u00f6vetkezetes kutat\u00f3munka eredm\u00e9nyeit \u00f6sszegezve, magyar \u00e9s angol nyelven mutatja be Sz\u00e9kelyf\u00f6ld egyik legkisebb t\u00e1ja, a S\u00f3vid\u00e9k n\u00e9pzen\u00e9j\u00e9t, zen\u00e9s-t\u00e1ncos szok\u00e1sait. A DVD-ROM gazdag hangz\u00f3- \u00e9s dokumentumanyag\u00e1t kieg\u00e9sz\u00edt\u0151 nyomtatott sz\u00f6vegben sz\u00ednes t\u00f6rt\u00e9neti forr\u00e1sok, interj\u00fa-r\u00e9szletek \u00e9s visszaeml\u00e9kez\u00e9sek hozz\u00e1k el\u00e9rhet\u0151 k\u00f6zels\u00e9gbe azt a vil\u00e1got, mely a folklorista t\u00e1rgyilagos szeml\u00e9let\u00e9ben sem m\u00e1s m\u00e1r, [&hellip;]<\/p>\n","protected":false},"author":1,"featured_media":28420,"comment_status":"open","ping_status":"open","sticky":false,"template":"","format":"standard","meta":{"footnotes":""},"categories":[],"tags":[],"class_list":["post-28419","post","type-post","status-publish","format-standard","has-post-thumbnail","hentry"],"_links":{"self":[{"href":"https:\/\/archivum.eloszekelyfold.ro\/index.php\/wp-json\/wp\/v2\/posts\/28419","targetHints":{"allow":["GET"]}}],"collection":[{"href":"https:\/\/archivum.eloszekelyfold.ro\/index.php\/wp-json\/wp\/v2\/posts"}],"about":[{"href":"https:\/\/archivum.eloszekelyfold.ro\/index.php\/wp-json\/wp\/v2\/types\/post"}],"author":[{"embeddable":true,"href":"https:\/\/archivum.eloszekelyfold.ro\/index.php\/wp-json\/wp\/v2\/users\/1"}],"replies":[{"embeddable":true,"href":"https:\/\/archivum.eloszekelyfold.ro\/index.php\/wp-json\/wp\/v2\/comments?post=28419"}],"version-history":[{"count":0,"href":"https:\/\/archivum.eloszekelyfold.ro\/index.php\/wp-json\/wp\/v2\/posts\/28419\/revisions"}],"wp:featuredmedia":[{"embeddable":true,"href":"https:\/\/archivum.eloszekelyfold.ro\/index.php\/wp-json\/wp\/v2\/media\/28420"}],"wp:attachment":[{"href":"https:\/\/archivum.eloszekelyfold.ro\/index.php\/wp-json\/wp\/v2\/media?parent=28419"}],"wp:term":[{"taxonomy":"category","embeddable":true,"href":"https:\/\/archivum.eloszekelyfold.ro\/index.php\/wp-json\/wp\/v2\/categories?post=28419"},{"taxonomy":"post_tag","embeddable":true,"href":"https:\/\/archivum.eloszekelyfold.ro\/index.php\/wp-json\/wp\/v2\/tags?post=28419"}],"curies":[{"name":"wp","href":"https:\/\/api.w.org\/{rel}","templated":true}]}}