{"id":28417,"date":"2021-12-13T05:13:01","date_gmt":"2021-12-13T05:13:01","guid":{"rendered":"http:\/\/archivum.eloszekelyfold.ro\/2021\/12\/13\/szentes-unnepeltje-korond-bajnoka\/"},"modified":"2021-12-13T05:13:01","modified_gmt":"2021-12-13T05:13:01","slug":"szentes-unnepeltje-korond-bajnoka","status":"publish","type":"post","link":"https:\/\/archivum.eloszekelyfold.ro\/index.php\/2021\/12\/13\/szentes-unnepeltje-korond-bajnoka\/","title":{"rendered":"Szentes \u00fcnnepeltje, Korond bajnoka"},"content":{"rendered":"<p><\/p>\n<div style=\"color:#666666; font-family:inherit; font-size:14px;font-style: normal;text-align:left;line-height:24px;\">\n<div style=\"float:left\"><img decoding=\"async\" src=\"http:\/\/archivum.eloszekelyfold.ro\/wp-content\/uploads\/2021\/12\/540_Lorincz_Marton_1936.jpg\" alt=\" Szentes \u00fcnnepeltje, Korond bajnoka\" style=\"padding-right:14px; padding-bottom:6px; padding-top:6px;\" width=\"320px\"><\/div>\n<div>Sz\u00e9kelyf\u00f6ld egyik legismertebb telep\u00fcl\u00e9se Korond. Neve elv\u00e1laszthatatlan a ker\u00e1mi\u00e1t\u00f3l, a n\u00e9pi\u00a0fazekass\u00e1g egyik legismertebb erd\u00e9lyi k\u00f6zpontja. Itt, ebben a Firtos-hegy alatti faluban sz\u00fcletett L\u0151rincz M\u00e1rton\u00a01911. okt\u00f3ber 23-\u00e1n (\u00e9s nem 28-\u00e1n, ahogy a legt\u00f6bb forr\u00e1s eml\u00edti t\u00e9vesen). \u00c9desapja L\u0151rincz (Moln\u00e1r) M\u00f3zes,\u00a0\u00e9desanyja a sz\u00e9kelyp\u00e1lfalvi sz\u00fclet\u00e9s\u0171 Vajda Anna. K\u00e9t le\u00e1nytestv\u00e9re volt: Anna \u00e9s M\u00e1ria. Elemi iskol\u00e1it Korondon\u00a0v\u00e9gezte. R\u00f6vid ideig m\u00e9sz\u00e1rosinas volt egy \u00f6rm\u00e9ny keresked\u0151 \u00fczlet\u00e9ben. K\u00e9s\u0151bb Sz\u00e9kelyudvarhelyre szerz\u0151d\u00f6tt mint\u00a0asztalosinas a Gyarmathy-f\u00e9le asztalosm\u0171helybe.Itt ker\u00fclt kapcsolatba a birk\u00f3z\u00f3sporttal, hiszen Keresztes Lajos\u00a01928-as olimpiai sikere ut\u00e1n meg\u00e9l\u00e9nk\u00fclt az \u00e9rdekl\u0151d\u00e9s a fiatal inasleg\u00e9nyek k\u00f6r\u00e9ben a birk\u00f3z\u00e1s ir\u00e1nt.<br \/>\n<strong><br \/>\nTrianon \u00e1rny\u00e9k\u00e1ban<\/p>\n<p><\/strong>\u00c9desapj\u00e1t kor\u00e1n elvesz\u00edtette, m\u00e9g az els\u0151 vil\u00e1gh\u00e1bor\u00faban. Alig volt t\u00edz\u00e9ves, amikor a trianoni b\u00e9kedikt\u00e1tum\u00a0megv\u00e1ltoztatta a hat\u00e1rokat. J\u00f6tt az imp\u00e9riumv\u00e1lt\u00e1s, a rom\u00e1n hatalom \u00e1tvette a sz\u00e9kelyf\u00f6ldi k\u00f6zigazgat\u00e1st. Sajnos a\u00a0mostohaapa sem b\u00e1nt keszty\u0171s k\u00e9zzel vele, neh\u00e9z gyermekkora volt. Tizenhat \u00e9vesen megkapta a soroz\u00f3pap\u00edrt. Akik\u00a0ismert\u00e9k, azt mondj\u00e1k, j\u00f3 k\u00f6t\u00e9s\u0171 leg\u00e9ny volt, nyughatatlan term\u00e9szet\u0171, nem akart rom\u00e1n katona lenni, ink\u00e1bb a falu\u00a0hat\u00e1r\u00e1ban bujk\u00e1l\u00f3 ifj\u00fa Sz. Domokoshoz \u00e9s t\u00e1rsaihoz csatlakozott bety\u00e1rkodni. M\u00e1rton kalandos \u00faton Magyarorsz\u00e1gra\u00a0menek\u00fclt (1929). A birk\u00f3z\u00e1st Cegl\u00e9den kezdte el, de 20 \u00e9vesen m\u00e1r Budapesten kereste kenyer\u00e9t, a helyi\u00e9rdek\u0171\u00a0vas\u00fatn\u00e1l tal\u00e1lt \u00e1ll\u00e1st. A Magyar Atl\u00e9tikai Club birk\u00f3z\u00f3ja lett \u00e9s mindk\u00e9t fog\u00e1snemben versenyzett. T\u00edz alkalommal\u00a0volt a magyar birk\u00f3z\u00f3 v\u00e1logatott tagja. K\u00f6t\u00f6ttfog\u00e1sban (1934) \u00e9s szabadfog\u00e1sban (1935) is szerzett magyar bajnoki\u00a0c\u00edmet. Szabadfog\u00e1sban Eur\u00f3pa-bajnok (1934) \u00e9s ez\u00fcst\u00e9rmes is volt, legnagyobb siker\u00e9t m\u00e9gis az akkor kev\u00e9sb\u00e9\u00a0eredm\u00e9nyes k\u00f6t\u00f6ttfog\u00e1sban \u00e9rte el: Berlinben olimpi\u00e1t nyert (1936).\u00a0<\/p>\n<p>Korondon sportterem, nev\u00e9vel f\u00e9mjelzett birk\u00f3z\u00f3 egyes\u00fclet, Szentesen k\u00f6zt\u00e9r viseli L\u0151rincz M\u00e1rton birk\u00f3z\u00f3 olimpiai\u00a0bajnok nev\u00e9t, a Pet\u0151fi S\u00e1ndor \u00c1ltal\u00e1nos Iskola el\u0151tt. Ez a Kurca-parti telep\u00fcl\u00e9s fogadta fi\u00e1v\u00e1 a sportol\u00f3t, aki ezt\u00a0a gesztust azzal viszonozta, hogy az 1936-os berlini olimpi\u00e1n az arany\u00e9rem mell\u00e9 kapott t\u00f6lgyfacsemet\u00e9t a v\u00e1rosnak\u00a0aj\u00e1nd\u00e9kozta.\u00a0<\/p>\n<p>J\u00f3 bar\u00e1tja, a szentesi Papp L\u00e1szl\u00f3 mondta 1934-ben, mindj\u00e1rt a stockholmi Eur\u00f3pa-bajnoks\u00e1g ut\u00e1n r\u00f3la:\u00a0\u201eFagy\u00f6k\u00e9rsz\u00edv\u00f3ss\u00e1g\u00fa, ac\u00e9lkem\u00e9ny sz\u00e9kely gyerek.\u201d Ugyanebben az \u00e9vben (1934) magyar bajnok lett, tussal gy\u0151z\u00f6tt le\u00a0majdnem mindenkit.\u00a0<\/p>\n<p><strong>Aranyvonat \u00e9s diadalmenet<\/strong><\/div>\n<div>\u00a0<\/div>\n<div>1936, Berlin \u2013 49 nemzet k\u00f6zel 4000 sportol\u00f3ja k\u00fczd\u00f6tt az olimpiai bajnoki c\u00edmek\u00e9rt. A technika t\u00f6rt\u00e9net\u00e9ben el\u0151sz\u00f6r(!) a telev\u00edzi\u00f3 is jelen volt az\u00a0esem\u00e9nyen, de a r\u00e1di\u00f3 \u00e9s az \u00edrott sajt\u00f3 k\u00e9pvisel\u0151i is nagy sz\u00e1mban vettek r\u00e9szt a j\u00e1t\u00e9kokon. A Deutschlandhalle\u00a0birk\u00f3z\u00f3sz\u0151nyege meghozza a vil\u00e1gh\u00edrnevet. Az alig n\u00e9gy \u00e9ve birk\u00f3z\u00f3 L\u0151rincznek kevesen j\u00f3soltak huszon\u00e9vesen\u00a0olimpiai \u00e9rmet. M\u00e9gis gy\u0151zedelmeskedett a sz\u00e9kely \u0151ser\u0151. A l\u00e9gs\u00falycsoportban L\u0151rincz M\u00e1rton magyar olimpiai bajnok\u00a0m\u00f6g\u00f6tt a m\u00e1sodik a sv\u00e9d Svensson, a harmadik a n\u00e9met Brendel lett. Az arany\u00e9rmet M\u00fazsa Gyula orsz\u00e1ggy\u0171l\u00e9si\u00a0k\u00e9pvisel\u0151, a MOB t\u00e1rseln\u00f6ke, a Nemzetk\u00f6zi Olimpiai Bizotts\u00e1g tagja akasztotta L\u0151rincz M\u00e1rton nyak\u00e1ba.\u00a0<br \/>\n\u00a0<\/div>\n<div style=\"text-align: center;\"><img loading=\"lazy\" decoding=\"async\" src=\"http:\/\/archivum.eloszekelyfold.ro\/wp-content\/uploads\/2021\/12\/Lorincz_Marton_Berlinben(1).jpg\" width=\"600\" height=\"434\" alt=\"\"><\/div>\n<div style=\"text-align: center;\"><em>Berlinben &#8211; kez\u00e9ben a bajnokoknak j\u00e1r\u00f3 olimpiai t\u00f6lggyel<\/em><\/div>\n<div>\n<strong>Aranyfi\u00fa bab\u00e9rkoszor\u00faval<\/strong><\/p>\n<p>\u00a0A Keleti p\u00e1lyaudvaron \u00fcnnep\u00e9lyesen fogadt\u00e1k az aranyvonaton \u00e9rkez\u0151 gy\u0151zteseket. L\u0151rincz M\u00e1rton volt az egyetlen,\u00a0akit nem v\u00e1rt a csal\u00e1dja \u00e9s aki a sz\u00fcl\u0151faluj\u00e1t\u00f3l t\u00e1vol volt k\u00e9nytelen az eml\u00e9kbe kapott t\u00f6lgyfacsemet\u00e9t el\u00fcltetni.\u00a0Szentes is \u00fcnnepelte a bajnok hazat\u00e9rt\u00e9t, az olimpia ut\u00e1n k\u00e9t h\u00e9ttel. <\/p>\n<p>A korabeli f\u00e9nyk\u00e9pek \u00e9s dokumentumok tan\u00fas\u00e1ga\u00a0szerint L\u0151rincz M\u00e1rton olimpiai bajnokot a k\u00eds\u00e9ret\u00e9ben l\u00e9v\u0151 Zombori \u00d6d\u00f6nt \u00e9s dr. Papp L\u00e1szl\u00f3t az eg\u00e9sz v\u00e1ros\u00a0fogadta, a p\u00e1lyaudvart\u00f3l az Erzs\u00e9bet t\u00e9rig diadalmenetben k\u00eds\u00e9rt\u00e9k. L\u0151rincz az ezt k\u00f6vet\u0151 d\u00edszeb\u00e9den v\u00e1laszolt a\u00a0lelkes fogadtat\u00e1sra. Kijelentette: annyira megtetszett neki a v\u00e1ros \u00e9s n\u00e9pe, hogy \u00f6r\u00f6mmel vallja mag\u00e1t Szentes\u00a0fogadott fi\u00e1nak. Ez\u00e9rt viszonz\u00e1sul felaj\u00e1nlja \u00faj sz\u00fcl\u0151f\u00f6ldj\u00e9nek, Szentesnek a berlini olimpi\u00e1n kapott\u00a0t\u00f6lgyfacsemet\u00e9t. A facsemete \u00fcnnep\u00e9lyes el\u00fcltet\u00e9s\u00e9re L\u0151rincz M\u00e1rton jelenl\u00e9t\u00e9ben 1937. m\u00e1rcius 29-\u00e9n, h\u00fasv\u00e9th\u00e9tf\u0151n\u00a0ker\u00fclt sor a Polg\u00e1ri Le\u00e1nyiskola (ma Pet\u0151fi S\u00e1ndor \u00c1ltal\u00e1nos Iskola) el\u0151tti parkban. L\u0151rincz M\u00e1rton \u00edgy k\u00f6sz\u00f6nte\u00a0meg a szentesi emberek szeretet\u00e9t. Mozgalom is indult, hogy h\u00e1zat vegyenek vagy \u00e9p\u00edtsenek az olimpikonnak a\u00a0v\u00e1rosban, \u00e1m L\u0151rincz M\u00e1rton v\u00e9g\u00fcl nem telepedett itt le.\u00a0<\/p>\n<p><strong>Bab\u00e9rral \u00f6vezettek<\/strong><\/p>\n<p>Zombori \u00d6d\u00f6nt \u00e9s L\u0151rincz M\u00e1rtont, a f\u0151v\u00e1ros alkalmaz\u00e1s\u00e1ban l\u00e9v\u0151 k\u00e9t olimpiai bajnokot Szendy K\u00e1roly budapesti\u00a0polg\u00e1rmester javaslat\u00e1ra el\u0151l\u00e9ptett\u00e9k. Akkoriban Zombory \u00d6d\u00f6n az Elektromos M\u0171vek p\u00e9nzbeszed\u0151je, L\u0151rincz M\u00e1rton\u00a0pedig, ideiglenes asztalosk\u00e9nt a H\u00c9V alkalmazottja volt.\n<\/div>\n<div style=\"text-align: center;\"><img loading=\"lazy\" decoding=\"async\" src=\"http:\/\/archivum.eloszekelyfold.ro\/wp-content\/uploads\/2021\/12\/LOrincz_Marton_baloldalt.jpg\" width=\"600\" height=\"460\" alt=\"\"><br \/>\n<em>Fot\u00f3 a szerz\u0151 gy\u0171jtem\u00e9ny\u00e9b\u0151l<\/em><\/div>\n<div style=\"text-align: left;\">\nA Toldi Mikl\u00f3s \u00c9rdem\u00e9rem arany fokozat\u00e1val is kit\u00fcntett\u00e9k\u00a0L\u0151rincz M\u00e1rtont \u2013 ezt Magyarorsz\u00e1g F\u0151m\u00e9lt\u00f3s\u00e1g\u00fa Korm\u00e1nyz\u00f3ja a magyar kir\u00e1lyi vall\u00e1s- \u00e9s k\u00f6zoktat\u00e1s\u00fcgyi miniszter\u00a0el\u0151terjeszt\u00e9s\u00e9re oly polg\u00e1ri egy\u00e9neknek, a magyar kir\u00e1lyi honv\u00e9delmi miniszter el\u0151terjeszt\u00e9s\u00e9re oly honv\u00e9ds\u00e9gi\u00a0egy\u00e9neknek adom\u00e1nyozta, akik a sportol\u00e1sban kimagasl\u00f3 eredm\u00e9nyeket \u00e9rtek el \u00e9s ezzel a kit\u00fcntet\u00e9sre m\u00e9lt\u00f3nak\u00a0bizonyultak.<\/div>\n<div>\nAz \u00e1tad\u00e1si cerem\u00f3ni\u00e1nak a Testnevel\u00e9s H\u00e1za nagytan\u00e1csterme adott otthont 1936. szeptember 22-\u00e9n, nagy\u00a0\u00fcnnepl\u00e9s k\u00f6zepette. Bajnokaink f\u00fcrd\u0151ztek a n\u00e9pszer\u0171s\u00e9g f\u00e9ny\u00e9ben, mindenki hallani, l\u00e1tni akarta \u0151ket.\u00a0<\/p>\n<p><strong>\u201eKicsi magyar vil\u00e1g\u201d\u00a0<br \/>\n<br type=\"_moz\"><br \/>\n<\/strong><\/div>\n<div style=\"text-align: left;\">Mik\u00f6zben L\u0151rincz M\u00e1rton tiszteletbeli sz\u00fcl\u0151v\u00e1ros\u00e1nak tekintette Szentest, a sz\u00fcl\u0151falur\u00f3l sem feledkezett meg, de\u00a0hazamenni nem tudott. Egy \u00e9vtizedet v\u00e1rt a nagy pillanatra, a \u201ekicsi magyar vil\u00e1gban\u201d, a m\u00e1sodik b\u00e9csi d\u00f6nt\u00e9st\u00a0k\u00f6vet\u0151en \u00a0lehet\u0151s\u00e9ge ny\u00edlt \u00e1t\u00f6lelni szeretteit. V\u00e9gre l\u00e1thatta \u00e9desanyj\u00e1t is, akit rajong\u00e1sig szeretett.\u00a0<\/div>\n<div style=\"text-align: center;\">\n<img loading=\"lazy\" decoding=\"async\" src=\"http:\/\/archivum.eloszekelyfold.ro\/wp-content\/uploads\/2021\/12\/Lorincz_Marton_kozepen.jpg\" width=\"600\" height=\"470\" alt=\"\"><\/div>\n<div style=\"text-align: center;\"><em>L\u0151rincz M\u00e1rton (s\u00f6t\u00e9t \u00f6lt\u00f6nyben, k\u00f6z\u00e9pen) bar\u00e1tok \u00e9s t\u00e1mogat\u00f3k k\u00f6r\u00e9ben <br \/>\n(A szerz\u0151 gy\u0171jtem\u00e9ny\u00e9b\u0151l)<\/em><\/div>\n<div>\nB\u00f6z\u00f6di Gy\u00f6rgy \u00edr\u00f3 a kolozsv\u00e1ri<em> Ellenz\u00e9k<\/em> c\u00edm\u0171 lapban <em>A legboldogabb sz\u00e9kelyasszony<\/em> c\u00edmmel k\u00f6z\u00f6lt cikket a berlini\u00a0esem\u00e9nyr\u0151l, a lap 1936. augusztus 20-i sz\u00e1m\u00e1ban.\u00a0<\/div>\n<div>\nA Magyar R\u00e1di\u00f3 els\u0151 alkalommal tud\u00f3s\u00edtott a ny\u00e1ri olimpiai j\u00e1t\u00e9kokr\u00f3l. Mikor a berlini olimpi\u00e1n Pluh\u00e1r Istv\u00e1n\u00a0mikrofonj\u00e1ba besz\u00e9lt, azt k\u00e9rdezte t\u0151le a kiv\u00e1l\u00f3 sportriporter:<\/div>\n<div>\u2013 Mit \u00e9rezt\u00e9l Marci, amikor viaskodt\u00e1l veszedelmes ellenfeleddel? <br \/>\nMarci kem\u00e9ny, hat\u00e1rozott hangon felelt:<\/div>\n<div>\u2013 K\u00fczdelmemben az \u00e9n j\u00f3 \u00f6reg \u00e9desany\u00e1mra gondoltam, meg a sz\u00fcl\u0151falumra, a Hargita alj\u00e1ra, ahol \u00e9desany\u00e1m im\u00e1dkozott\u00a0\u00e9rtem. \u00cdgy seg\u00edtett meg a J\u00f3 Isten, \u00edgy tudtam gy\u0151zni.\u00a0<br \/>\n\u00a0<\/div>\n<div>T\u00f6rt\u00e9nelmi pillanat volt, Pluh\u00e1r Istv\u00e1n, a Magyar R\u00e1di\u00f3 n\u00e9pszer\u0171 riportere mind a t\u00edz magyar arany\u00e9remr\u0151l \u00e9l\u0151ben sz\u00e1molt be. <\/p>\n<p>\u00c9rdekl\u0151dtem, a r\u00e1di\u00f3 arch\u00edvum\u00e1ban sajnos nincs meg a keresett Pluh\u00e1r Istv\u00e1n-riport hangfelv\u00e9tele. Egy\u00e1ltal\u00e1n nincs hangfelv\u00e9tel\u00fck\u00a0L\u0151rincz M\u00e1rtonnal. \u00a0<\/p><\/div>\n<div style=\"text-align: center;\">\n<img loading=\"lazy\" decoding=\"async\" src=\"http:\/\/archivum.eloszekelyfold.ro\/wp-content\/uploads\/2021\/12\/lorincz_zombori.jpg\" width=\"600\" height=\"415\" alt=\"\"><\/div>\n<div><\/p>\n<div><em>A dobog\u00f3 legfels\u0151 fok\u00e1n Zombori \u00d6d\u00f6n (1906-1989) szabadfog\u00e1s\u00fa birk\u00f3z\u00f3 l\u00e1that\u00f3 (fenti k\u00e9p), aki arany\u00e9rmet szerzett Berlinben. \u00c1ll\u00edt\u00f3lag bar\u00e1tai adt\u00e1k \u00f6ssze a r\u00e9szv\u00e9teli d\u00edjat a sz\u00e1m\u00e1ra \u2013 akkoriban az olimpia eg\u00e9szen m\u00e1shogy ment, mint napjainkban. A korabeli fot\u00f3n l\u00e1tszik, ahogy a dobog\u00f3 legfels\u0151 fok\u00e1n \u00e1llva a kez\u00e9ben tartja a facsemet\u00e9t. Az egy\u00e9bk\u00e9nt egyszer\u0171 \u00f3raleolvas\u00f3k\u00e9nt dolgoz\u00f3 fiatalember a vil\u00e1gh\u00e1bor\u00fa ut\u00e1n Argent\u00edn\u00e1ban telepedett le, majd az USA-ba ment, de \u00e9lete v\u00e9g\u00e9n visszat\u00e9rt Magyarorsz\u00e1gra. A t\u00f6lgyet azonban val\u00f3sz\u00edn\u0171leg nem l\u00e1thatta viszont, mivel a haza\u00faton a rep\u00fcl\u0151n rosszul lett, agyv\u00e9rz\u00e9st kapott \u00e9s t\u00f6bbet nem is t\u00e9rt mag\u00e1hoz. <\/em><br \/>\n\u00a0<\/div>\n<div style=\"text-align: center;\"><img loading=\"lazy\" decoding=\"async\" src=\"http:\/\/archivum.eloszekelyfold.ro\/wp-content\/uploads\/2021\/12\/olimpiai emleltolgy.jpg\" width=\"600\" height=\"337\" alt=\"\"><\/div>\n<div style=\"text-align: center; margin-left: 40px;\"><em>A Zombori-f\u00e9le t\u00f6lgy Bud\u00e1n, a II. ker\u00fcletben (Fot\u00f3: Pest-Buda\/ Viczi\u00e1n Zs\u00f3fia)<br \/>\n<br type=\"_moz\"><br \/>\n<\/em><\/div>\n<div><em>A t\u00f6lgynek van n\u00e9h\u00e1ny t\u00e1rsa az orsz\u00e1gban. Kabos Endre, aki egy\u00e9niben \u00e9s csapatban is arany\u00e9rmes lett v\u00edv\u00e1sban, Beretty\u00f3\u00fajfalu k\u00f6zpontj\u00e1ban \u00fcltette el a f\u00e1t, amelyet az\u00f3ta is nagy tisztelet \u00f6vez. (Kabos n\u00e9h\u00e1ny \u00e9vvel k\u00e9s\u0151bb, 1944-ben, a Margit-h\u00edd f\u00f6lrobbant\u00e1sakor halt meg.) Hajd\u00fas\u00e1msonban is \u00e1ll egy olimpiai eml\u00e9kt\u00f6lgy Harangi Imre \u00f6k\u00f6lv\u00edv\u00f3 diadal\u00e1ra eml\u00e9keztetve. K\u00e1rp\u00e1ti K\u00e1roly, szint\u00e9n berlini olimpiai bajnok birk\u00f3z\u00f3 f\u00e1j\u00e1t \u2013 amely a h\u00e1bor\u00faban elpusztult \u2013 p\u00e1r \u00e9ve \u00fcltett\u00e9k \u00fajra a Testnevel\u00e9si F\u0151iskola kertj\u00e9ben.<\/p>\n<p><\/em><\/div>\n<div style=\"text-align: center;\"><img loading=\"lazy\" decoding=\"async\" src=\"http:\/\/archivum.eloszekelyfold.ro\/wp-content\/uploads\/2021\/12\/szentes_tolgy.jpg\" width=\"450\" height=\"289\" alt=\"\"><\/div>\n<div style=\"text-align: center;\"><em>Eml\u00e9kt\u00e1bla &#8211; enyh\u00e9bb helyes\u00edr\u00e1si hib\u00e1kkal &#8211; Szentesen <br \/>\nFot\u00f3: szentes.hu<br \/>\n<br type=\"_moz\"><br \/>\n<\/em><\/div>\n<div><em>\u00c9s volt egy harmadik birk\u00f3z\u00f3 arany is: ezt a j\u00e1t\u00e9kok el\u0151tt Szentesen k\u00e9sz\u00fcl\u0151 L\u0151rincz M\u00e1rton nyerte. Az \u00e9rem mell\u00e9 kapott eml\u00e9kt\u00f6lgyfa a mai napig \u00e9kes\u00edti a v\u00e1rost (sz\u00fcl\u0151faluj\u00e1ba, az elcsatolt erd\u00e9lyi Korondra nem vihette). L\u0151rincz nem csak nagyszer\u0171 sportol\u00f3 volt, hanem b\u00e1tor, egyenes ember is: Zomborihoz hasonl\u00f3an \u0151 is megtagadta, hogy karlend\u00edt\u00e9ssel \u00fcdv\u00f6z\u00f6lje a F\u00fchrert. \u00a0(Forr\u00e1s: Pest-Buda\/ Viczi\u00e1n Zs\u00f3fia)<\/p>\n<p><\/em><\/div>\n<div style=\"text-align: center;\"><img loading=\"lazy\" decoding=\"async\" src=\"http:\/\/archivum.eloszekelyfold.ro\/wp-content\/uploads\/2021\/12\/szentes_tolgy2.jpg\" width=\"600\" height=\"431\" alt=\"\"><\/div>\n<div style=\"text-align: center;\"><em>A t\u00f6lgyre ma is b\u00fcszk\u00e9k a szentesiek &#8211; komoly kultusza van <br \/>\n(A fot\u00f3 a v\u00e1ros hivatalos honlapj\u00e1r\u00f3l val\u00f3)<\/em><\/div>\n<p>\nL\u0151rincz M\u00e1rtont a berlini siker ut\u00e1n t\u00f6bbsz\u00f6r pr\u00f3b\u00e1lt\u00e1k visszacsalogatni Rom\u00e1ni\u00e1ba, hogy\u00a0induljon rom\u00e1n sz\u00ednekben, de a v\u00e1lasz hat\u00e1rozott nem volt. A rokonok elbesz\u00e9l\u00e9se szerint azt felelte: \u201eNem tehetek\u00a0ilyet, mert \u00e9desany\u00e1m sz\u00e9kely asszony.\u201d\u00a0<\/p>\n<p><strong>Bajnokb\u00f3l a n\u00e9vtelens\u00e9gbe<\/p>\n<p><\/strong>B\u00e1r kor\u00e1bban t\u00f6bbsz\u00f6r is meglebegtette, a legend\u00e1s sportol\u00f3 1938-ban hagyott fel v\u00e9gleg a versenysporttal, majd\u00a0leventeoktat\u00f3 lett, a leventeszervezet tagjainak nemzeti szellem\u0171 oktat\u00e1st, katonai kik\u00e9pz\u00e9st tartott. Ez a\u00a0meg\u00e9lhet\u00e9st, a mindennapi kenyeret jelentette. A m\u00e1sodik vil\u00e1gh\u00e1bor\u00fa ut\u00e1n az orosz csapatok\u00a0el\u0151l menek\u00fcl, r\u00f6vid ideig Salzburgban \u00e9l, 1948. \u00e1prilis 29-\u00e9n Marseille-b\u0151l post\u00e1zta a v\u00e9gleges kiv\u00e1ndorl\u00e1st szentes\u00edt\u0151\u00a0level\u00e9t \u00e9desanyj\u00e1nak: \u201eMost Argent\u00edn\u00e1ba megyek, m\u00e9g egyel\u0151re nem tudom, hogy ott maradok-e vagy tov\u00e1bb megyek \u00e9s\u00a0ez\u00e9rt a k\u00e9s\u0151bbi id\u0151pontban mindent meg\u00edrok pontosan. \u00c9des j\u00f3 Any\u00e1m most t\u00f6bbet nem \u00edrok, ugyanis nemsok\u00e1ra indul a\u00a0haj\u00f3m, milli\u00f3szor \u00f6lel \u00e9s cs\u00f3kol szeret\u0151 fia\u201d. Miel\u0151tt elhagyta volna a magyar f\u0151v\u00e1rost, a f\u00e9ltve \u0151rz\u00f6tt kincseket,\u00a0\u00e9rm\u00e9ket, serlegeket \u00e9s kit\u00fcntet\u00e9seket meg\u0151rz\u00e9s v\u00e9gett elvitte a szint\u00e9n korondi sz\u00e1rmaz\u00e1s\u00fa L. \u00c1ronhoz. Az itthon\u00a0maradt relikvi\u00e1k sok\u00e1ig egy \u00fcveges vitrinben voltak l\u00e1that\u00f3ak, mondj\u00e1k a rokonok, majd elt\u0171ntek, s nem kiz\u00e1rt, hogy\u00a0valamelyik bizom\u00e1nyi boltban k\u00f6t\u00f6ttek ki. Sorsuk egyel\u0151re ismeretlen.<\/p>\n<p><strong>Argent\u00ednai keny\u00e9r\u00a0<\/strong><\/p>\n<p>Egyetlen b\u0171ne az volt, hogy a t\u00f6rv\u00e9nytelen\u00fcl feloszlatott MAC sz\u00edneiben versenyzett. Ma sem tudni ok\u00e1t annak, hogy\u00a0mi\u00e9rt v\u00e1lasztotta a kiv\u00e1ndorl\u00e1st, ahonnan t\u00f6bb\u00e9 nem tudott hazat\u00e9rni. <\/p>\n<p>Ottani \u00e9veir\u0151l, \u00e9let\u00e9r\u0151l keveset tudunk.\u00a0<\/p><\/div>\n<div>\u00a0<\/div>\n<div>Argent\u00edn\u00e1ban nem \u00fcnnepelt\u00e9k a kiv\u00e1l\u00f3 sportol\u00f3t, hanem egy volt a sok-sok bev\u00e1ndorl\u00f3 k\u00f6z\u00fcl, aki kenyeret \u00e9s\u00a0\u00e1llampolg\u00e1rs\u00e1got k\u00e9rt. Utols\u00f3 level\u00e9t Kanad\u00e1b\u00f3l post\u00e1zza 1962. december 5-\u00e9n keltezve, ezt is az \u00e9desanyj\u00e1hoz\u00a0c\u00edmezte. Az emigr\u00e1ci\u00f3ban t\u00f6lt\u00f6tt \u00e9veir\u0151l csak annyit tudunk, hogy aut\u00f3f\u00e9nyez\u0151-szerel\u0151 m\u0171helyt nyitott, \u00e9s a sok\u00a0fest\u00e9kt\u0151l g\u00e9ger\u00e1kot kapott. Hal\u00e1lh\u00edr\u00e9t egy k\u00f6zeli ismer\u0151se, Boros M\u00e1rtonn\u00e9 lev\u00e9lben k\u00f6z\u00f6lte a korondi\u00a0hozz\u00e1tartoz\u00f3kkal.\u00a0<\/p>\n<p><strong>J\u00f3 Szelek \u00f6lel\u00e9s\u00e9ben\u00a0<\/strong><\/p>\n<p>\u00d6r\u00f6k \u00e1lm\u00e1t az argent\u00ednai Buenos Aires egyik temet\u0151j\u00e9ben alussza, ahov\u00e1 a v\u00e1ros temettette el, mivel nem volt\u00a0hozz\u00e1tartoz\u00f3ja. L\u0151rincz M\u00e1rton mindig arra k\u00e9sz\u00fclt, ha hazamennek a ruszkik, akkor szabad lesz az \u00fat hazafel\u00e9.\u00a0<\/p><\/div>\n<div>\u00a0<\/div>\n<div>Levelez\u00e9s\u00e9b\u0151l \u2013amelyet \u00e9desanyj\u00e1hoz \u00e9s rokonaihoz \u00edrt\u2013 kider\u00fclt, hogy az\u00e9rt nem akart megn\u0151s\u00fclni, hogy k\u00f6nnyebb\u00a0legyen a visszat\u00e9r\u00e9s. A ruszkik hazamentek, de sokkal k\u00e9s\u0151bb. Korond \u201emikeskelemenje\u201d, a J\u00f3 Szelek \u00farn\u0151j\u00e9nek, Sz\u0171z\u00a0M\u00e1ri\u00e1nak kik\u00f6t\u0151j\u00e9ben pihent meg \u00f6r\u00f6kre, ott lett nehezebb a f\u00f6ld egy sz\u00e9kely r\u00f6ggel.\u00a0<\/p>\n<p><em>C\u00edmk\u00e9pen: L\u0151rincz M\u00e1rton a berlini olimpi\u00e1n (1936)<\/em><\/p>\n<p><em>Bal\u00e1zs \u00c1rp\u00e1d\/ \u00c9l\u0151 Sz\u00e9kelyf\u00f6ld Munkacsoport<\/em><\/div>\n<div>\u00a0<\/div>\n<\/p><\/div>\n","protected":false},"excerpt":{"rendered":"<p>Sz\u00e9kelyf\u00f6ld egyik legismertebb telep\u00fcl\u00e9se Korond. Neve elv\u00e1laszthatatlan a ker\u00e1mi\u00e1t\u00f3l, a n\u00e9pi\u00a0fazekass\u00e1g egyik legismertebb erd\u00e9lyi k\u00f6zpontja. Itt, ebben a Firtos-hegy alatti faluban sz\u00fcletett L\u0151rincz M\u00e1rton\u00a01911. okt\u00f3ber 23-\u00e1n (\u00e9s nem 28-\u00e1n, ahogy a legt\u00f6bb forr\u00e1s eml\u00edti t\u00e9vesen). \u00c9desapja L\u0151rincz (Moln\u00e1r) M\u00f3zes,\u00a0\u00e9desanyja a sz\u00e9kelyp\u00e1lfalvi sz\u00fclet\u00e9s\u0171 Vajda Anna. K\u00e9t le\u00e1nytestv\u00e9re volt: Anna \u00e9s M\u00e1ria. Elemi iskol\u00e1it Korondon\u00a0v\u00e9gezte. R\u00f6vid ideig [&hellip;]<\/p>\n","protected":false},"author":1,"featured_media":28418,"comment_status":"open","ping_status":"open","sticky":false,"template":"","format":"standard","meta":{"footnotes":""},"categories":[],"tags":[],"class_list":["post-28417","post","type-post","status-publish","format-standard","has-post-thumbnail","hentry"],"_links":{"self":[{"href":"https:\/\/archivum.eloszekelyfold.ro\/index.php\/wp-json\/wp\/v2\/posts\/28417","targetHints":{"allow":["GET"]}}],"collection":[{"href":"https:\/\/archivum.eloszekelyfold.ro\/index.php\/wp-json\/wp\/v2\/posts"}],"about":[{"href":"https:\/\/archivum.eloszekelyfold.ro\/index.php\/wp-json\/wp\/v2\/types\/post"}],"author":[{"embeddable":true,"href":"https:\/\/archivum.eloszekelyfold.ro\/index.php\/wp-json\/wp\/v2\/users\/1"}],"replies":[{"embeddable":true,"href":"https:\/\/archivum.eloszekelyfold.ro\/index.php\/wp-json\/wp\/v2\/comments?post=28417"}],"version-history":[{"count":0,"href":"https:\/\/archivum.eloszekelyfold.ro\/index.php\/wp-json\/wp\/v2\/posts\/28417\/revisions"}],"wp:featuredmedia":[{"embeddable":true,"href":"https:\/\/archivum.eloszekelyfold.ro\/index.php\/wp-json\/wp\/v2\/media\/28418"}],"wp:attachment":[{"href":"https:\/\/archivum.eloszekelyfold.ro\/index.php\/wp-json\/wp\/v2\/media?parent=28417"}],"wp:term":[{"taxonomy":"category","embeddable":true,"href":"https:\/\/archivum.eloszekelyfold.ro\/index.php\/wp-json\/wp\/v2\/categories?post=28417"},{"taxonomy":"post_tag","embeddable":true,"href":"https:\/\/archivum.eloszekelyfold.ro\/index.php\/wp-json\/wp\/v2\/tags?post=28417"}],"curies":[{"name":"wp","href":"https:\/\/api.w.org\/{rel}","templated":true}]}}