{"id":28415,"date":"2021-12-13T05:11:01","date_gmt":"2021-12-13T05:11:01","guid":{"rendered":"http:\/\/archivum.eloszekelyfold.ro\/2021\/12\/13\/tankcsapda-boldogfalva-es-arvatfalva-kozott\/"},"modified":"2021-12-13T05:11:01","modified_gmt":"2021-12-13T05:11:01","slug":"tankcsapda-boldogfalva-es-arvatfalva-kozott","status":"publish","type":"post","link":"https:\/\/archivum.eloszekelyfold.ro\/index.php\/2021\/12\/13\/tankcsapda-boldogfalva-es-arvatfalva-kozott\/","title":{"rendered":"&#8222;Tankcsapda&#8221; &#8211; Boldogfalva \u00e9s \u00c1rv\u00e1tfalva k\u00f6z\u00f6tt"},"content":{"rendered":"<p><\/p>\n<div style=\"color:#666666; font-family:inherit; font-size:14px;font-style: normal;text-align:left;line-height:24px;\">\n<div style=\"float:left\"><img decoding=\"async\" src=\"http:\/\/archivum.eloszekelyfold.ro\/wp-content\/uploads\/2021\/12\/541_szakadek1.jpg\" alt=\"\" tankcsapda boldogfalva k style=\"padding-right:14px; padding-bottom:6px; padding-top:6px;\" width=\"320px\"><\/div>\n<p>                              H\u00f3napok \u00f3ta figyelj\u00fck \u00e9s ker\u00fclgetj\u00fck a 131-es sz\u00e1m\u00fa megyei \u00faton a Fels\u0151boldogfalva \u00e9s \u00c1rv\u00e1tfalva k\u00f6z\u00f6tt keletkezett szakad\u00e9kot. <\/p>\n<p>Instabil a talaj szerkezete azon a szakaszon, komolyabb er\u0151s\u00edt\u00e9si \u00e9s rehabilit\u00e1ci\u00f3s munk\u00e1latokra lenne sz\u00fcks\u00e9g, de valami okb\u00f3l kifoly\u00f3lag az ilyen jelleg\u0171 \u00e9p\u00edtkez\u00e9s itt mindig elmarad. <\/p>\n<p>A j\u00faniusi es\u0151z\u00e9sek sor\u00e1n el\u0151bb megrepedt, majd sz\u00e9p lassan &#8211; mintegy k\u00e9t m\u00e9ter sz\u00e9less\u00e9gben &#8211; elt\u0171nt, beszakadt az \u00fattest. Jobb helyeken azonnal lez\u00e1rj\u00e1k ilyenkor a helyet, \u00e9s azonnal hozz\u00e1l\u00e1tnak a jav\u00edt\u00e1shoz. Valami hi\u00e1nyz\u00f3 keretr\u0151l, 240 ezer lejes k\u00f6lts\u00e9gr\u0151l besz\u00e9ltek, amit nem tud honnan el\u0151venni a megyei tan\u00e1cs.<\/p>\n<p>\u00dagy l\u00e1tszik azonban, hogy kies haz\u00e1nk, ahol mindenre van pap\u00edr, t\u00f6rv\u00e9ny \u00e9s szab\u00e1lyoz\u00e1s, nem egy igaz\u00e1n \u00e9lhet\u0151 hely. Itt el\u0151bb meg kell halnia valakinek, hogy a probl\u00e9ma t\u00e9nylegesen el\u00e9rje a hat\u00f3s\u00e1gok \u00e9s hivatalok ingerk\u00fcsz\u00f6b\u00e9t.<\/p>\n<div style=\"text-align: center;\"><img loading=\"lazy\" decoding=\"async\" src=\"http:\/\/archivum.eloszekelyfold.ro\/wp-content\/uploads\/2021\/12\/szakadek4.jpg\" width=\"600\" height=\"360\" alt=\"\"><\/div>\n<div style=\"text-align: center;\"><em>Dr. Szab\u00f3 J\u00f3zsef felv\u00e9tele<\/em><\/div>\n<p>\nKit\u00e1bl\u00e1zt\u00e1k ugyan a szakad\u00e9k k\u00f6zvetlen k\u00f6rnyezet\u00e9t, de az a g\u00e9pkocsivezet\u0151, aki nem j\u00e1r napi rendszeress\u00e9ggel a k\u00f6rny\u00e9ken &#8211; lehet b\u00e1rmennyire el\u0151vigy\u00e1zatos -, komoly \u00e9letvesz\u00e9lyben van, hiszen nincsen az a GPS, amely figyelmeztetn\u00e9. De a helyi lakos is belezuhanhat, ha valami v\u00e1ratlan helyzet ad\u00f3dik, ha megcs\u00faszik a nedves aszfalton&#8230; Ha legal\u00e1bb 50-100 m\u00e9terrel kihelyezn\u00e9nek egy-egy t\u00e1bl\u00e1t, hadd l\u00e1thassa a n\u00e9p, hogy az illet\u00e9kes (a megye) d\u00f6g ugyan l\u00e9pni az \u00fcgyben, de legal\u00e1bb ad a biztons\u00e1gunkra, sz\u00e1m\u00edt arra, hogy t\u00fal\u00e9lhetj\u00fcnk valamik\u00e9pp, ha m\u00e1r erre a szakaszra terelt a balsors.<\/p>\n<p>Hogy per alatt van ez a szakasz? Hogy nincs r\u00e1 p\u00e9nz? Hogy rosszul dolgozott a kor\u00e1bbi \u00fat\u00e9p\u00edt\u0151 v\u00e1llalkoz\u00e1s? Akkor jav\u00edttassa meg a b\u00edr\u00f3s\u00e1g, el\u0151legezze meg a kiad\u00e1sokat, azt\u00e1n perelje vissza&#8230;<\/p>\n<div style=\"text-align: center;\"><img loading=\"lazy\" decoding=\"async\" src=\"http:\/\/archivum.eloszekelyfold.ro\/wp-content\/uploads\/2021\/12\/terkep.jpg\" width=\"600\" height=\"308\" alt=\"\"><\/div>\n<p>\nIdeje lenne, hogy az igen er\u0151s \u00e9s hatalmas appar\u00e1tust foglalkoztat\u00f3 rom\u00e1niai &#8222;ipar\u00e1g&#8221;, az igazs\u00e1gszolg\u00e1ltat\u00e1s precedenst teremtsen, s jav\u00edttassa meg ezt a szakaszt, amelyen mi is elveszni l\u00e1tszunk a jogi \u00fatveszt\u0151k miatt.<\/p>\n<p>Ki tudja, hogy mi a teend\u0151? A rohamment\u0151s\u00f6k? Esetleg a temetkez\u00e9si v\u00e1llalkoz\u00f3k?<\/p>\n<p><em>A c\u00edmk\u00e9p dr. Szab\u00f3 J\u00f3zsef felv\u00e9tele.<\/em><\/p>\n<p><em>Sim\u00f3 M\u00e1rton\/ \u00c9l\u0151 Sz\u00e9kelyf\u00f6ld Munkacsoport<\/em>\n                        <\/div>\n","protected":false},"excerpt":{"rendered":"<p>H\u00f3napok \u00f3ta figyelj\u00fck \u00e9s ker\u00fclgetj\u00fck a 131-es sz\u00e1m\u00fa megyei \u00faton a Fels\u0151boldogfalva \u00e9s \u00c1rv\u00e1tfalva k\u00f6z\u00f6tt keletkezett szakad\u00e9kot. Instabil a talaj szerkezete azon a szakaszon, komolyabb er\u0151s\u00edt\u00e9si \u00e9s rehabilit\u00e1ci\u00f3s munk\u00e1latokra lenne sz\u00fcks\u00e9g, de valami okb\u00f3l kifoly\u00f3lag az ilyen jelleg\u0171 \u00e9p\u00edtkez\u00e9s itt mindig elmarad. A j\u00faniusi es\u0151z\u00e9sek sor\u00e1n el\u0151bb megrepedt, majd sz\u00e9p lassan &#8211; mintegy k\u00e9t m\u00e9ter [&hellip;]<\/p>\n","protected":false},"author":1,"featured_media":28416,"comment_status":"open","ping_status":"open","sticky":false,"template":"","format":"standard","meta":{"footnotes":""},"categories":[],"tags":[],"class_list":["post-28415","post","type-post","status-publish","format-standard","has-post-thumbnail","hentry"],"_links":{"self":[{"href":"https:\/\/archivum.eloszekelyfold.ro\/index.php\/wp-json\/wp\/v2\/posts\/28415","targetHints":{"allow":["GET"]}}],"collection":[{"href":"https:\/\/archivum.eloszekelyfold.ro\/index.php\/wp-json\/wp\/v2\/posts"}],"about":[{"href":"https:\/\/archivum.eloszekelyfold.ro\/index.php\/wp-json\/wp\/v2\/types\/post"}],"author":[{"embeddable":true,"href":"https:\/\/archivum.eloszekelyfold.ro\/index.php\/wp-json\/wp\/v2\/users\/1"}],"replies":[{"embeddable":true,"href":"https:\/\/archivum.eloszekelyfold.ro\/index.php\/wp-json\/wp\/v2\/comments?post=28415"}],"version-history":[{"count":0,"href":"https:\/\/archivum.eloszekelyfold.ro\/index.php\/wp-json\/wp\/v2\/posts\/28415\/revisions"}],"wp:featuredmedia":[{"embeddable":true,"href":"https:\/\/archivum.eloszekelyfold.ro\/index.php\/wp-json\/wp\/v2\/media\/28416"}],"wp:attachment":[{"href":"https:\/\/archivum.eloszekelyfold.ro\/index.php\/wp-json\/wp\/v2\/media?parent=28415"}],"wp:term":[{"taxonomy":"category","embeddable":true,"href":"https:\/\/archivum.eloszekelyfold.ro\/index.php\/wp-json\/wp\/v2\/categories?post=28415"},{"taxonomy":"post_tag","embeddable":true,"href":"https:\/\/archivum.eloszekelyfold.ro\/index.php\/wp-json\/wp\/v2\/tags?post=28415"}],"curies":[{"name":"wp","href":"https:\/\/api.w.org\/{rel}","templated":true}]}}