{"id":28413,"date":"2021-12-13T05:07:00","date_gmt":"2021-12-13T05:07:00","guid":{"rendered":"http:\/\/archivum.eloszekelyfold.ro\/2021\/12\/13\/horvath-zoltan-a-zeneszo-vendege\/"},"modified":"2021-12-13T05:07:00","modified_gmt":"2021-12-13T05:07:00","slug":"horvath-zoltan-a-zeneszo-vendege","status":"publish","type":"post","link":"https:\/\/archivum.eloszekelyfold.ro\/index.php\/2021\/12\/13\/horvath-zoltan-a-zeneszo-vendege\/","title":{"rendered":"Horv\u00e1th Zolt\u00e1n a ZeneSz\u00f3 vend\u00e9ge"},"content":{"rendered":"<p><\/p>\n<div style=\"color:#666666; font-family:inherit; font-size:14px;font-style: normal;text-align:left;line-height:24px;\">\n<div style=\"float:left\"><img decoding=\"async\" src=\"http:\/\/archivum.eloszekelyfold.ro\/wp-content\/uploads\/2021\/12\/542_horvath_balint.jpg\" alt=\"Horv\u00e1th Zolt\u00e1n a ZeneSz\u00f3 vend\u00e9ge\" style=\"padding-right:14px; padding-bottom:6px; padding-top:6px;\" width=\"320px\"><\/div>\n<p>                              A ZeneSz\u00f3 besz\u00e9lget\u0151 sorozat 5. \u00e9vadj\u00e1nak els\u0151 megh\u00edvottja a budapesti Horv\u00e1th B\u00e1lint zeneszerz\u0151, aki m\u00e1r k\u00e9t \u00edzben is sikerrel mutatkozott be a kolozsv\u00e1ri k\u00f6z\u00f6ns\u00e9g el\u0151tt saj\u00e1t szerz\u0151i esttel. 2016. okt\u00f3ber 26-\u00e1n, szerd\u00e1n, 18.00 \u00f3r\u00e1t\u00f3l.<\/p>\n<div>\u00a0<\/div>\n<div>Horv\u00e1th B\u00e1lint zeneszerz\u0151 1986-ban sz\u00fcletett Budapesten. A Bart\u00f3k B\u00e9la Zenem\u0171v\u00e9szeti Szakk\u00f6z\u00e9piskol\u00e1ban Fekete Gy\u0151r\u00a0Istv\u00e1n, a Liszt Ferenc Zenem\u0171v\u00e9szeti Egyetemen Orb\u00e1n Gy\u00f6rgy tan\u00edtv\u00e1nya volt. Kit\u00fcntet\u00e9ses egyetemi diplom\u00e1j\u00e1t 2010-ben vehette k\u00e9zbe. A DLA (Doctor of Liberal Arts) doktori fokozatot 2016 j\u00fanius\u00e1ban szerezte meg<em> A kolinda \u00e9s\u00a0megjelen\u00e9si form\u00e1i a huszadik sz\u00e1zad rom\u00e1n \u00e9s magyar m\u0171zen\u00e9j\u00e9ben<\/em> c\u00edm\u0171 t\u00e9zissel, amelynek programvezet\u0151je Jeney\u00a0Zolt\u00e1n, t\u00e9mavezet\u0151je Vik\u00e1rius L\u00e1szl\u00f3 volt.<\/div>\n<div>\u00a0<\/div>\n<div>Sz\u00f3l\u00f3-, kamarazenei, szimfonikus zenekarra \u00edrott \u00e9s sz\u00ednpadi m\u0171vei elhangoztak a legt\u00f6bb magyarorsz\u00e1gi kort\u00e1rs\u00a0zenei f\u00f3rumon: a Budapesti \u0150szi Fesztiv\u00e1lon, a szombathelyi Bart\u00f3k Fesztiv\u00e1lon, a Mini Fesztiv\u00e1lon, a szegedi\u00a0V\u00e1ntus Istv\u00e1n Kort\u00e1rszenei Napokon, a Magyar R\u00e1di\u00f3ban \u00e9s a Zeneakad\u00e9mia rendezv\u00e9nyein; t\u00f6bbek k\u00f6z\u00f6tt a Magyar R\u00e1di\u00f3\u00a0Szimfonikus Zenekara, a Concerto Budapest, a THReNSeMBle, a New York-i New Juilliard Ensemble, vagy a kolozsv\u00e1ri\u00a0Ansamblul AdHOC el\u0151ad\u00e1s\u00e1ban.<\/div>\n<div>\u00a0<\/div>\n<div>2014-t\u0151l a budapesti Weiner Le\u00f3 Konzervat\u00f3rium zeneszerz\u00e9s-tan\u00e1ra, 2016-t\u00f3l pedig a nagyv\u00e1radi Partiumi Kereszt\u00e9ny\u00a0Egyetemen zeneelm\u00e9letet, formatant \u00e9s szolf\u00e9zst oktat. 2014-t\u0151l az Editio Musica Budapest szerkeszt\u0151je, k\u00fcls\u0151\u00a0munkat\u00e1rsa. A Liszt Ferenc Zenem\u0171v\u00e9szeti Egyetem doktorjel\u00f6ltjek\u00e9nt disszert\u00e1ci\u00f3j\u00e1t rom\u00e1n kolind\u00e1k alapj\u00e1n k\u00e9sz\u00fclt\u00a0zeneszerz\u0151i feldolgoz\u00e1sokb\u00f3l \u00edrja. 2012-ben \u00e9s 2014-ben egy-egy f\u00e9l \u00e9vet Kolozsv\u00e1ron t\u00f6lt\u00f6tt, a Gheorghe Dima\u00a0Zeneakad\u00e9mi\u00e1n Adrian Pop ir\u00e1ny\u00edt\u00e1s\u00e1val v\u00e9gezte munk\u00e1j\u00e1t. 2004-ben az Orsz\u00e1gos Bart\u00f3k B\u00e9la Zeneszerz\u00e9sverseny els\u0151\u00a0helyezettje, az\u00f3ta is t\u00f6bb orsz\u00e1gos p\u00e1ly\u00e1zat d\u00edjazottja. nKutat\u00e1saihoz \u00e9s kompoz\u00edci\u00f3s munk\u00e1j\u00e1hoz t\u00e1mogat\u00e1st ny\u00fajtott a Balassi Int\u00e9zet \u00e9s a Magyar \u00c1llam Doktori- \u00e9s Kod\u00e1ly\u00a0Zolt\u00e1n Alkot\u00f3i \u00d6szt\u00f6nd\u00edja.<\/p>\n<p>MInden kedves \u00e9rdekl\u0151d\u0151t sok szeretettel v\u00e1rnak!<br \/>\n<em><br \/>\nC\u00edmk\u00e9p: info.bmc.hu<\/em><\/p>\n<div style=\"text-align: center;\"><img loading=\"lazy\" decoding=\"async\" src=\"http:\/\/archivum.eloszekelyfold.ro\/wp-content\/uploads\/2021\/12\/emke(11).jpg\" width=\"84\" height=\"84\" alt=\"\"><\/div>\n<div style=\"text-align: center;\">\nGy\u00f6rk\u00f6s M\u00e1nyi Albert Eml\u00e9kh\u00e1z<\/div>\n<div style=\"text-align: center;\">Kolozsv\u00e1r, 400015<br \/>\nRepublicii\/Maj\u00e1lis u. 5.<\/div>\n<div style=\"text-align: center;\">E-mail: emkegyorkoshaz@yahoo.com<\/div>\n<div style=\"text-align: center;\">Mobiltelefon: (+4)-0766-294646<\/div>\n<div style=\"text-align: center;\"><a href=\"http:\/\/www.emke.ro\/\"><strong><span style=\"color: rgb(255, 0, 0);\">www.emke.ro<\/span><\/strong><\/a><\/div>\n<\/div><\/div>\n","protected":false},"excerpt":{"rendered":"<p>A ZeneSz\u00f3 besz\u00e9lget\u0151 sorozat 5. \u00e9vadj\u00e1nak els\u0151 megh\u00edvottja a budapesti Horv\u00e1th B\u00e1lint zeneszerz\u0151, aki m\u00e1r k\u00e9t \u00edzben is sikerrel mutatkozott be a kolozsv\u00e1ri k\u00f6z\u00f6ns\u00e9g el\u0151tt saj\u00e1t szerz\u0151i esttel. 2016. okt\u00f3ber 26-\u00e1n, szerd\u00e1n, 18.00 \u00f3r\u00e1t\u00f3l. \u00a0 Horv\u00e1th B\u00e1lint zeneszerz\u0151 1986-ban sz\u00fcletett Budapesten. A Bart\u00f3k B\u00e9la Zenem\u0171v\u00e9szeti Szakk\u00f6z\u00e9piskol\u00e1ban Fekete Gy\u0151r\u00a0Istv\u00e1n, a Liszt Ferenc Zenem\u0171v\u00e9szeti Egyetemen Orb\u00e1n Gy\u00f6rgy [&hellip;]<\/p>\n","protected":false},"author":1,"featured_media":28414,"comment_status":"open","ping_status":"open","sticky":false,"template":"","format":"standard","meta":{"footnotes":""},"categories":[],"tags":[],"class_list":["post-28413","post","type-post","status-publish","format-standard","has-post-thumbnail","hentry"],"_links":{"self":[{"href":"https:\/\/archivum.eloszekelyfold.ro\/index.php\/wp-json\/wp\/v2\/posts\/28413","targetHints":{"allow":["GET"]}}],"collection":[{"href":"https:\/\/archivum.eloszekelyfold.ro\/index.php\/wp-json\/wp\/v2\/posts"}],"about":[{"href":"https:\/\/archivum.eloszekelyfold.ro\/index.php\/wp-json\/wp\/v2\/types\/post"}],"author":[{"embeddable":true,"href":"https:\/\/archivum.eloszekelyfold.ro\/index.php\/wp-json\/wp\/v2\/users\/1"}],"replies":[{"embeddable":true,"href":"https:\/\/archivum.eloszekelyfold.ro\/index.php\/wp-json\/wp\/v2\/comments?post=28413"}],"version-history":[{"count":0,"href":"https:\/\/archivum.eloszekelyfold.ro\/index.php\/wp-json\/wp\/v2\/posts\/28413\/revisions"}],"wp:featuredmedia":[{"embeddable":true,"href":"https:\/\/archivum.eloszekelyfold.ro\/index.php\/wp-json\/wp\/v2\/media\/28414"}],"wp:attachment":[{"href":"https:\/\/archivum.eloszekelyfold.ro\/index.php\/wp-json\/wp\/v2\/media?parent=28413"}],"wp:term":[{"taxonomy":"category","embeddable":true,"href":"https:\/\/archivum.eloszekelyfold.ro\/index.php\/wp-json\/wp\/v2\/categories?post=28413"},{"taxonomy":"post_tag","embeddable":true,"href":"https:\/\/archivum.eloszekelyfold.ro\/index.php\/wp-json\/wp\/v2\/tags?post=28413"}],"curies":[{"name":"wp","href":"https:\/\/api.w.org\/{rel}","templated":true}]}}