{"id":28411,"date":"2021-12-13T05:05:00","date_gmt":"2021-12-13T05:05:00","guid":{"rendered":"http:\/\/archivum.eloszekelyfold.ro\/2021\/12\/13\/jelzesek-a-muveszet-utvesztoiben\/"},"modified":"2021-12-13T05:05:00","modified_gmt":"2021-12-13T05:05:00","slug":"jelzesek-a-muveszet-utvesztoiben","status":"publish","type":"post","link":"https:\/\/archivum.eloszekelyfold.ro\/index.php\/2021\/12\/13\/jelzesek-a-muveszet-utvesztoiben\/","title":{"rendered":"Jelz\u00e9sek a m\u0171v\u00e9szet \u00fatveszt\u0151iben"},"content":{"rendered":"<p><\/p>\n<div style=\"color:#666666; font-family:inherit; font-size:14px;font-style: normal;text-align:left;line-height:24px;\">\n<div style=\"float:left\"><img decoding=\"async\" src=\"http:\/\/archivum.eloszekelyfold.ro\/wp-content\/uploads\/2021\/12\/543_vetro_a_konyv.jpg\" alt=\"Jelz\u00e9sek a m\u0171v\u00e9szet \u00fatveszt\u0151iben\" style=\"padding-right:14px; padding-bottom:6px; padding-top:6px;\" width=\"320px\"><\/div>\n<p>                              Kerekasztal-besz\u00e9lget\u00e9ssel egybek\u00f6t\u00f6tt k\u00f6nyvbemutat\u00f3t szerveznek okt\u00f3ber 27-\u00e9n, cs\u00fct\u00f6rt\u00f6k\u00f6n a kolozsv\u00e1ri Quadro Gal\u00e9ri\u00e1ban, annak aprop\u00f3j\u00e1n, hogy megjelent Ventro Arthur <em>Jelz\u00e9sek a m\u0171v\u00e9szet \u00fatveszt\u0151iben &#8211; egy szobr\u00e1sz jegyzetei m\u0171v\u00e9szetr\u0151l, m\u0171v\u00e9szekr\u0151l <\/em>c\u00edm\u0171 k\u00f6nyve. <\/p>\n<p>Az est vend\u00e9ge: Vetro Andr\u00e1s, illetve Vetro M\u00e1ria, modr\u00e1tor Sz\u00e9kely Sebesty\u00e9n Gy\u00f6rgy.<\/p>\n<p>Vetro Arthur (1919-1992) szobr\u00e1sz1938\u20131944 k\u00f6z\u00f6tt a Magyar K\u00e9pz\u0151m\u0171v\u00e9szeti F\u0151iskol\u00e1n tanult, ahol mesterei Kisfaludi Strobl Zsigmond \u00e9s Sidl\u00f3 Ferenc voltak. 1948\u20131982 k\u00f6z\u00f6tt Kolozsv\u00e1ron el\u0151sz\u00f6r a Magyar M\u0171v\u00e9szeti Int\u00e9zetben, majd a k\u00e9pz\u0151m\u0171v\u00e9szeti f\u0151iskola szobr\u00e1szati tansz\u00e9k\u00e9n tan\u00edtott. P\u00e1ly\u00e1ja kezdet\u00e9n m\u0171v\u00e9szet\u00e9re er\u0151sen hatott Medgyessy Ferenc ir\u00e1ny\u00edt\u00e1sa. Szobrai emberk\u00f6zpont\u00faak \u00e9s klasszikus fogantat\u00e1s\u00faak.<\/p>\n<div style=\"text-align: center;\">\u00a0<\/div>\n<div style=\"text-align: center;\"><img loading=\"lazy\" decoding=\"async\" src=\"http:\/\/archivum.eloszekelyfold.ro\/wp-content\/uploads\/2021\/12\/Quadro_logo.jpg\" width=\"150\" height=\"40\" alt=\"\"><\/div>\n<div style=\"text-align: center;\">\u00a0<\/div>\n<div style=\"text-align: center;\"><span style=\"text-align: center;\">Quadro Gal\u00e9ria<\/span><\/div>\n<div style=\"text-align: center;\"><span style=\"text-align: center;\">Napoca\/ J\u00f3kai u. 2-4., I. em. 64.<br \/>\n<\/span><\/div>\n<div style=\"text-align: left;\"><em><br \/>\n\u00c9l\u0151 Sz\u00e9kelyf\u00f6ld Munkacsoport<\/em><\/div>\n<\/p><\/div>\n","protected":false},"excerpt":{"rendered":"<p>Kerekasztal-besz\u00e9lget\u00e9ssel egybek\u00f6t\u00f6tt k\u00f6nyvbemutat\u00f3t szerveznek okt\u00f3ber 27-\u00e9n, cs\u00fct\u00f6rt\u00f6k\u00f6n a kolozsv\u00e1ri Quadro Gal\u00e9ri\u00e1ban, annak aprop\u00f3j\u00e1n, hogy megjelent Ventro Arthur Jelz\u00e9sek a m\u0171v\u00e9szet \u00fatveszt\u0151iben &#8211; egy szobr\u00e1sz jegyzetei m\u0171v\u00e9szetr\u0151l, m\u0171v\u00e9szekr\u0151l c\u00edm\u0171 k\u00f6nyve. Az est vend\u00e9ge: Vetro Andr\u00e1s, illetve Vetro M\u00e1ria, modr\u00e1tor Sz\u00e9kely Sebesty\u00e9n Gy\u00f6rgy. Vetro Arthur (1919-1992) szobr\u00e1sz1938\u20131944 k\u00f6z\u00f6tt a Magyar K\u00e9pz\u0151m\u0171v\u00e9szeti F\u0151iskol\u00e1n tanult, ahol mesterei Kisfaludi Strobl [&hellip;]<\/p>\n","protected":false},"author":1,"featured_media":28412,"comment_status":"open","ping_status":"open","sticky":false,"template":"","format":"standard","meta":{"footnotes":""},"categories":[],"tags":[],"class_list":["post-28411","post","type-post","status-publish","format-standard","has-post-thumbnail","hentry"],"_links":{"self":[{"href":"https:\/\/archivum.eloszekelyfold.ro\/index.php\/wp-json\/wp\/v2\/posts\/28411","targetHints":{"allow":["GET"]}}],"collection":[{"href":"https:\/\/archivum.eloszekelyfold.ro\/index.php\/wp-json\/wp\/v2\/posts"}],"about":[{"href":"https:\/\/archivum.eloszekelyfold.ro\/index.php\/wp-json\/wp\/v2\/types\/post"}],"author":[{"embeddable":true,"href":"https:\/\/archivum.eloszekelyfold.ro\/index.php\/wp-json\/wp\/v2\/users\/1"}],"replies":[{"embeddable":true,"href":"https:\/\/archivum.eloszekelyfold.ro\/index.php\/wp-json\/wp\/v2\/comments?post=28411"}],"version-history":[{"count":0,"href":"https:\/\/archivum.eloszekelyfold.ro\/index.php\/wp-json\/wp\/v2\/posts\/28411\/revisions"}],"wp:featuredmedia":[{"embeddable":true,"href":"https:\/\/archivum.eloszekelyfold.ro\/index.php\/wp-json\/wp\/v2\/media\/28412"}],"wp:attachment":[{"href":"https:\/\/archivum.eloszekelyfold.ro\/index.php\/wp-json\/wp\/v2\/media?parent=28411"}],"wp:term":[{"taxonomy":"category","embeddable":true,"href":"https:\/\/archivum.eloszekelyfold.ro\/index.php\/wp-json\/wp\/v2\/categories?post=28411"},{"taxonomy":"post_tag","embeddable":true,"href":"https:\/\/archivum.eloszekelyfold.ro\/index.php\/wp-json\/wp\/v2\/tags?post=28411"}],"curies":[{"name":"wp","href":"https:\/\/api.w.org\/{rel}","templated":true}]}}