{"id":28409,"date":"2021-12-13T05:03:00","date_gmt":"2021-12-13T05:03:00","guid":{"rendered":"http:\/\/archivum.eloszekelyfold.ro\/2021\/12\/13\/nem-a-muszajnak\/"},"modified":"2021-12-13T05:03:00","modified_gmt":"2021-12-13T05:03:00","slug":"nem-a-muszajnak","status":"publish","type":"post","link":"https:\/\/archivum.eloszekelyfold.ro\/index.php\/2021\/12\/13\/nem-a-muszajnak\/","title":{"rendered":"Nem a Musz\u00e1jnak!"},"content":{"rendered":"<p><\/p>\n<div style=\"color:#666666; font-family:inherit; font-size:14px;font-style: normal;text-align:left;line-height:24px;\">\n<div style=\"float:left\"><img decoding=\"async\" src=\"http:\/\/archivum.eloszekelyfold.ro\/wp-content\/uploads\/2021\/12\/546_kolozsvar-cluj-klausenburg-foto-musai-muszaj.jpg\" alt=\"Nem a Musz\u00e1jnak!\" style=\"padding-right:14px; padding-bottom:6px; padding-top:6px;\" width=\"320px\"><\/div>\n<p>                              Kolozsv\u00e1ri k\u00f6z\u00f6ss\u00e9gi k\u00f6zleked\u00e9si eszk\u00f6z\u00f6kben szeretett volna kamp\u00e1nyt folytatni a t\u00f6bbnyelv\u0171 helys\u00e9gn\u00e9vt\u00e1bl\u00e1k \u00fcgy\u00e9ben a Musai-Musz\u00e1j akci\u00f3csoport, de a k\u00f6zleked\u00e9si v\u00e1llalat egyel\u0151re nem tette ezt lehet\u0151v\u00e9, s\u0151t az \u00fcgyben elj\u00e1r\u00f3 civil aktivist\u00e1t meg is fenyegett\u00e9k. <\/p>\n<p>A Musai-Musz\u00e1j akci\u00f3csoport t\u00e1j\u00e9koztat\u00e1si projektje &#8211; egy k\u00f6z\u00f6ss\u00e9gi szavaz\u00e1s nyom\u00e1n &#8211; a kolozsv\u00e1ri polg\u00e1rmesteri hivatalt\u00f3l nyert t\u00e1mogat\u00e1st. \u00cdgy a csoport a v\u00e1ros p\u00e9nz\u00e9n kezdett bele a t\u00f6bbnyelv\u0171 helys\u00e9gn\u00e9vt\u00e1bl\u00e1knak &#8211; a kolozsv\u00e1ri polg\u00e1rmesteri hivatal \u00e1ltal 15 \u00e9ve elutas\u00edtott &#8211; kihelyez\u00e9s\u00e9t el\u0151seg\u00edt\u0151 t\u00e1j\u00e9koztat\u00e1si kamp\u00e1nyba. <\/p>\n<p>Olyan h\u00e1romdimenzi\u00f3s rekl\u00e1mot k\u00e9sz\u00edtett, amelyen egyik oldalr\u00f3l n\u00e9zve egynyelv\u0171, m\u00e1sik oldalr\u00f3l n\u00e9zve pedig t\u00f6bbnyelv\u0171 Kolozsv\u00e1r-t\u00e1bla l\u00e1tszik, a k\u00e9p k\u00e9t oldal\u00e1n pedig rom\u00e1n \u00e9s magyar nyelv\u0171 sz\u00f6veg v\u00e1laszol a t\u00f6bbnyelv\u0171 t\u00e1bl\u00e1kkal szemben leggyakrabban hangoztatott kifog\u00e1sokra.<\/p>\n<p>Amint a csoport illet\u00e9kese az MTI-nek elmondta, a kolozsv\u00e1ri polg\u00e1rmesteri hivatal &#8211; a bels\u0151 szab\u00e1lyoknak megfelel\u0151en &#8211; l\u00e1ttamozta a rekl\u00e1mot, az \u00f6nkorm\u00e1nyzat al\u00e1rendelts\u00e9g\u00e9ben m\u0171k\u00f6d\u0151 k\u00f6zleked\u00e9si v\u00e1llalattal csup\u00e1n a rekl\u00e1mszerz\u0151d\u00e9st kellett volna megk\u00f6tni. A v\u00e1llalat alkalmazottja azonban a sz\u00f6veget megl\u00e1tv\u00e1n elutas\u00edtotta ezt, \u00e9s visszak\u00e9rte a szerz\u0151d\u00e9s &#8211; \u00e1ltala m\u00e9g al\u00e1 nem \u00edrt &#8211; v\u00e1ltozat\u00e1t. Akkor kezdett tettlegess\u00e9ggel fenyegetni, amikor a civil aktivista elutas\u00edtotta a szerz\u0151d\u00e9s visszaad\u00e1s\u00e1t. Ezt csak azut\u00e1n tette meg, hogy lef\u00e9nyk\u00e9pezte a sz\u00f6veget.<\/p>\n<p>Az akci\u00f3csoport rem\u00e9ny\u00e9t fejezte ki, hogy a plak\u00e1tkamp\u00e1ny v\u00e9g\u00fcl pozit\u00edv elb\u00edr\u00e1l\u00e1sban r\u00e9szes\u00fcl, az \u00e9rintett k\u00f6zalkalmazottat pedig felel\u0151ss\u00e9gre vonj\u00e1k fenyeget\u0151 magatart\u00e1s\u00e1\u00e9rt.<\/p>\n<p>A kolozsv\u00e1ri t\u00f6bbnyelv\u0171 helys\u00e9gn\u00e9vt\u00e1bla \u00fcgye \u00e9vek \u00f3ta fesz\u00fclts\u00e9g forr\u00e1sa a helyi magyar k\u00f6z\u00f6ss\u00e9g \u00e9s a v\u00e1rosvezet\u00e9s k\u00f6z\u00f6tt. Az Emil Boc volt minisztereln\u00f6k \u00e1ltal vezetett hivatal mindeddig elutas\u00edt\u00f3an viszonyult a magyar k\u00f6z\u00f6ss\u00e9g erre vonatkoz\u00f3 k\u00e9r\u00e9s\u00e9hez. A t\u00e1bla\u00fcgyben t\u00f6bb pert is ind\u00edtottak.<\/p>\n<p><em>A c\u00edmk\u00e9p a Musai-Musz\u00e1j Akci\u00f3csoport felv\u00e9tele.<\/em><\/p>\n<div><em>Forr\u00e1s: MTI<\/p>\n<p>\u00c9l\u0151 Sz\u00e9kelyf\u00f6ld Munkacsoport<\/em><br \/>\n\u00a0<\/div>\n<div style=\"text-align: center;\"><span style=\"background-color: rgb(255, 255, 255);\"><span style=\"color: rgb(255, 255, 255);\"><a href=\"http:\/\/www.benglass.ro\/\"><span style=\"color: rgb(255, 0, 0);\"><strong>HA T\u00d6BBRE V\u00c1GYSZ<\/strong><\/span><\/a><\/span><\/span><span style=\"color: rgb(255, 0, 0);\"><span style=\"background-color: rgb(255, 255, 255);\"><strong>\u00a0<\/strong>&#8211;\u00a0<\/span><\/span><a href=\"http:\/\/eloszekelyfold.com\/web\/I63--C27--%C3%89let-mod--BenGlass_-_nemes_anyagokkal_a_szep_formakert.html\"><strong><span style=\"color: rgb(0, 0, 128);\">BENGLASS<span style=\"color: rgb(255, 0, 0);\">!<\/span><br \/>\n<img loading=\"lazy\" decoding=\"async\" src=\"http:\/\/archivum.eloszekelyfold.ro\/wp-content\/uploads\/2021\/12\/1639371780_472_benglass_logo(1).jpg\" width=\"225\" height=\"66\" alt=\"\"><br type=\"_moz\"><br \/>\n<\/span><\/strong><\/a><\/div>\n<\/p><\/div>\n","protected":false},"excerpt":{"rendered":"<p>Kolozsv\u00e1ri k\u00f6z\u00f6ss\u00e9gi k\u00f6zleked\u00e9si eszk\u00f6z\u00f6kben szeretett volna kamp\u00e1nyt folytatni a t\u00f6bbnyelv\u0171 helys\u00e9gn\u00e9vt\u00e1bl\u00e1k \u00fcgy\u00e9ben a Musai-Musz\u00e1j akci\u00f3csoport, de a k\u00f6zleked\u00e9si v\u00e1llalat egyel\u0151re nem tette ezt lehet\u0151v\u00e9, s\u0151t az \u00fcgyben elj\u00e1r\u00f3 civil aktivist\u00e1t meg is fenyegett\u00e9k. A Musai-Musz\u00e1j akci\u00f3csoport t\u00e1j\u00e9koztat\u00e1si projektje &#8211; egy k\u00f6z\u00f6ss\u00e9gi szavaz\u00e1s nyom\u00e1n &#8211; a kolozsv\u00e1ri polg\u00e1rmesteri hivatalt\u00f3l nyert t\u00e1mogat\u00e1st. \u00cdgy a csoport a v\u00e1ros [&hellip;]<\/p>\n","protected":false},"author":1,"featured_media":28410,"comment_status":"open","ping_status":"open","sticky":false,"template":"","format":"standard","meta":{"footnotes":""},"categories":[],"tags":[],"class_list":["post-28409","post","type-post","status-publish","format-standard","has-post-thumbnail","hentry"],"_links":{"self":[{"href":"https:\/\/archivum.eloszekelyfold.ro\/index.php\/wp-json\/wp\/v2\/posts\/28409","targetHints":{"allow":["GET"]}}],"collection":[{"href":"https:\/\/archivum.eloszekelyfold.ro\/index.php\/wp-json\/wp\/v2\/posts"}],"about":[{"href":"https:\/\/archivum.eloszekelyfold.ro\/index.php\/wp-json\/wp\/v2\/types\/post"}],"author":[{"embeddable":true,"href":"https:\/\/archivum.eloszekelyfold.ro\/index.php\/wp-json\/wp\/v2\/users\/1"}],"replies":[{"embeddable":true,"href":"https:\/\/archivum.eloszekelyfold.ro\/index.php\/wp-json\/wp\/v2\/comments?post=28409"}],"version-history":[{"count":0,"href":"https:\/\/archivum.eloszekelyfold.ro\/index.php\/wp-json\/wp\/v2\/posts\/28409\/revisions"}],"wp:featuredmedia":[{"embeddable":true,"href":"https:\/\/archivum.eloszekelyfold.ro\/index.php\/wp-json\/wp\/v2\/media\/28410"}],"wp:attachment":[{"href":"https:\/\/archivum.eloszekelyfold.ro\/index.php\/wp-json\/wp\/v2\/media?parent=28409"}],"wp:term":[{"taxonomy":"category","embeddable":true,"href":"https:\/\/archivum.eloszekelyfold.ro\/index.php\/wp-json\/wp\/v2\/categories?post=28409"},{"taxonomy":"post_tag","embeddable":true,"href":"https:\/\/archivum.eloszekelyfold.ro\/index.php\/wp-json\/wp\/v2\/tags?post=28409"}],"curies":[{"name":"wp","href":"https:\/\/api.w.org\/{rel}","templated":true}]}}