{"id":28407,"date":"2021-12-13T05:01:00","date_gmt":"2021-12-13T05:01:00","guid":{"rendered":"http:\/\/archivum.eloszekelyfold.ro\/2021\/12\/13\/elkelt-a-nepszabadsag-kiadoja\/"},"modified":"2021-12-13T05:01:00","modified_gmt":"2021-12-13T05:01:00","slug":"elkelt-a-nepszabadsag-kiadoja","status":"publish","type":"post","link":"https:\/\/archivum.eloszekelyfold.ro\/index.php\/2021\/12\/13\/elkelt-a-nepszabadsag-kiadoja\/","title":{"rendered":"Elkelt a N\u00e9pszabads\u00e1g kiad\u00f3ja"},"content":{"rendered":"<p><\/p>\n<div style=\"color:#666666; font-family:inherit; font-size:14px;font-style: normal;text-align:left;line-height:24px;\">\n<div style=\"float:left\"><img decoding=\"async\" src=\"http:\/\/archivum.eloszekelyfold.ro\/wp-content\/uploads\/2021\/12\/547_nepszabadsag_hetivalasz.jpg\" alt=\" Elkelt a N\u00e9pszabads\u00e1g kiad\u00f3ja\" style=\"padding-right:14px; padding-bottom:6px; padding-top:6px;\" width=\"320px\"><\/div>\n<p>                              Eladt\u00e1k a N\u00e9pszabads\u00e1got is kiad\u00f3 Mediaworks Zrt., t\u00e1j\u00e9loztatott okt\u00f3ber 25-\u00e9n a Budapesti \u00c9rt\u00e9kt\u0151zsde. A Mediaworks r\u00e9szv\u00e9nyeinek 100 sz\u00e1zal\u00e9k\u00e1t az Opimus Press Zrt., az Opimus Group Nyrt. le\u00e1nyv\u00e1llalata v\u00e1s\u00e1rolta meg. A versenyhivatal j\u00f3v\u00e1hagyta a tranzakci\u00f3t \u00e9s az \u00faj tulajdonos m\u00e1r gyakorolhatja is a r\u00e9szv\u00e9nyesi jogait. Az Opimus sajt\u00f3h\u00edrek szerint M\u00e9sz\u00e1ros L\u0151rinc felcs\u00fati polg\u00e1rmester \u00e9rdekk\u00f6r\u00e9be tartozik.\u00a0<\/p>\n<div>\u00a0<\/div>\n<div>A Mediaworks Magyarorsz\u00e1g egyik legnagyobb lapkiad\u00f3ja. 2014 v\u00e9g\u00e9n megv\u00e1s\u00e1rolta a Ringier \u00e9s az Axel Springer\u00a0magyarorsz\u00e1gi \u00e9rdekelts\u00e9geinek jelent\u0151s r\u00e9sz\u00e9t. A Mediaworks adja ki t\u00f6bbek k\u00f6zt a Nemzeti Sportot \u00e9s a\u00a0Vil\u00e1ggazdas\u00e1got, valamint 12 megyei napilapot.<\/div>\n<div>\u00a0<\/div>\n<div>A sz\u00e1mos lehet\u0151s\u00e9g k\u00f6z\u00fcl az\u00e9rt az Opimus Pressre esett a d\u00f6nt\u00e9s, mert kinyilv\u00e1n\u00edtott\u00e1k sz\u00e1nd\u00e9kukat, hogy hajland\u00f3k\u00a0a felf\u00fcggesztett N\u00e9pszabads\u00e1g \u00e1ltalunk tervezett \u00fajraind\u00edt\u00e1s\u00e1nak lehet\u0151s\u00e9g\u00e9t komolyan megvizsg\u00e1lni.\u00a0<\/div>\n<div>\u00a0<\/div>\n<div>Amint azt kor\u00e1bban\u00a0<a href=\"https:\/\/eszm.ro\/2016\/10\/10\/szunetel-a-nepszabadsag-megjelenese\/\"><strong><span style=\"color: rgb(255, 0, 0);\">ITT<\/span><\/strong><\/a><strong><span style=\"color: rgb(255, 0, 0);\">\u00a0<\/span><\/strong>\u00edrtuk, a Mediaworks kiad\u00f3 okt\u00f3ber 8-\u00e1n jelentette be, hogy felf\u00fcggesztette a N\u00e9pszabads\u00e1g nyomtatott \u00e9s internetes\u00a0form\u00e1ban t\u00f6rt\u00e9n\u0151 kiad\u00e1s\u00e1t a lap \u00faj koncepci\u00f3j\u00e1nak kialak\u00edt\u00e1s\u00e1ig, illetve megval\u00f3s\u00edt\u00e1s\u00e1ig. A kiad\u00f3 a d\u00f6nt\u00e9s\u00e9t\u00a0k\u00f6zlem\u00e9ny\u00e9ben azzal indokolta, hogy a N\u00e9pszabads\u00e1g p\u00e9ld\u00e1nysz\u00e1ma az elm\u00falt t\u00edz \u00e9vben 74 sz\u00e1zal\u00e9kkal, azaz 100 ezer\u00a0p\u00e9ld\u00e1nyt meghalad\u00f3 m\u00e9rt\u00e9kben cs\u00f6kkent, aminek k\u00f6vetkezt\u00e9ben a lap 2007 \u00f3ta t\u00f6bb mint 5 milli\u00e1rd forint vesztes\u00e9get\u00a0termelt, \u00e9s id\u00e9n is jelent\u0151s vesztes\u00e9 get halmozott fel. \u00a0<br \/>\n<em><br \/>\nForr\u00e1s: MTI<\/p>\n<p>\u00c9l\u0151 Sz\u00e9kelyf\u00f6ld MUnkacsoport<\/p>\n<p><\/em><\/div>\n<div style=\"text-align: center;\"><em><br \/>\n<\/em><span style='box-sizing: border-box; color: rgb(102, 102, 102); font-family: \"Open Sans\", Arial, sans-serif; font-size: 14px; line-height: 24px; text-align: center;'><span style=\"box-sizing: border-box; color: rgb(255, 255, 255);\"><a href=\"http:\/\/www.benglass.ro\/\" style=\"box-sizing: border-box; color: rgb(53, 53, 53); text-decoration: none; outline: none !important; background-color: transparent;\"><span style=\"box-sizing: border-box; color: rgb(255, 0, 0);\"><span style=\"box-sizing: border-box; font-weight: 700;\">HA T\u00d6BBRE V\u00c1GYSZ<\/span><\/span><\/a><\/span><\/span><span style='box-sizing: border-box; font-family: \"Open Sans\", Arial, sans-serif; font-size: 14px; line-height: 24px; text-align: center; color: rgb(255, 0, 0);'><span style=\"box-sizing: border-box;\"><span style=\"box-sizing: border-box; font-weight: 700;\">\u00a0<\/span>&#8211;\u00a0<\/span><\/span><a href=\"http:\/\/eloszekelyfold.com\/web\/I63--C27--%C3%89let-mod--BenGlass_-_nemes_anyagokkal_a_szep_formakert.html\" style='box-sizing: border-box; color: rgb(83, 83, 83); outline: -webkit-focus-ring-color auto 5px; outline-offset: -2px; font-family: \"Open Sans\", Arial, sans-serif; font-size: 14px; line-height: 24px; text-align: center;'><span style=\"box-sizing: border-box; font-weight: 700;\"><span style=\"box-sizing: border-box; color: rgb(0, 0, 128);\">BENGLASS<span style=\"box-sizing: border-box; color: rgb(255, 0, 0);\">!<\/span><br style=\"box-sizing: border-box;\"><br \/>\n<\/span><\/span><\/a><\/div>\n<div><a href=\"http:\/\/eloszekelyfold.com\/web\/I63--C27--%C3%89let-mod--BenGlass_-_nemes_anyagokkal_a_szep_formakert.html\" style='box-sizing: border-box; color: rgb(83, 83, 83); outline: -webkit-focus-ring-color auto 5px; outline-offset: -2px; font-family: \"Open Sans\", Arial, sans-serif; font-size: 14px; line-height: 24px; text-align: center;'><\/a><\/div>\n<div style=\"text-align: center;\"><a href=\"http:\/\/eloszekelyfold.com\/web\/I63--C27--%C3%89let-mod--BenGlass_-_nemes_anyagokkal_a_szep_formakert.html\" style='box-sizing: border-box; color: rgb(83, 83, 83); outline: -webkit-focus-ring-color auto 5px; outline-offset: -2px; font-family: \"Open Sans\", Arial, sans-serif; font-size: 14px; line-height: 24px; text-align: center;'><span style=\"box-sizing: border-box; font-weight: 700;\"><span style=\"box-sizing: border-box; color: rgb(0, 0, 128);\"><img loading=\"lazy\" decoding=\"async\" src=\"http:\/\/archivum.eloszekelyfold.ro\/wp-content\/uploads\/2021\/12\/benglass_logo(1).jpg\" width=\"225\" height=\"66\" alt=\"\" style=\"box-sizing: border-box; border: 0px; vertical-align: middle;\"><\/span><\/span><\/a><\/div>\n<\/p><\/div>\n","protected":false},"excerpt":{"rendered":"<p>Eladt\u00e1k a N\u00e9pszabads\u00e1got is kiad\u00f3 Mediaworks Zrt., t\u00e1j\u00e9loztatott okt\u00f3ber 25-\u00e9n a Budapesti \u00c9rt\u00e9kt\u0151zsde. A Mediaworks r\u00e9szv\u00e9nyeinek 100 sz\u00e1zal\u00e9k\u00e1t az Opimus Press Zrt., az Opimus Group Nyrt. le\u00e1nyv\u00e1llalata v\u00e1s\u00e1rolta meg. A versenyhivatal j\u00f3v\u00e1hagyta a tranzakci\u00f3t \u00e9s az \u00faj tulajdonos m\u00e1r gyakorolhatja is a r\u00e9szv\u00e9nyesi jogait. Az Opimus sajt\u00f3h\u00edrek szerint M\u00e9sz\u00e1ros L\u0151rinc felcs\u00fati polg\u00e1rmester \u00e9rdekk\u00f6r\u00e9be tartozik.\u00a0 \u00a0 [&hellip;]<\/p>\n","protected":false},"author":1,"featured_media":28408,"comment_status":"open","ping_status":"open","sticky":false,"template":"","format":"standard","meta":{"footnotes":""},"categories":[],"tags":[],"class_list":["post-28407","post","type-post","status-publish","format-standard","has-post-thumbnail","hentry"],"_links":{"self":[{"href":"https:\/\/archivum.eloszekelyfold.ro\/index.php\/wp-json\/wp\/v2\/posts\/28407","targetHints":{"allow":["GET"]}}],"collection":[{"href":"https:\/\/archivum.eloszekelyfold.ro\/index.php\/wp-json\/wp\/v2\/posts"}],"about":[{"href":"https:\/\/archivum.eloszekelyfold.ro\/index.php\/wp-json\/wp\/v2\/types\/post"}],"author":[{"embeddable":true,"href":"https:\/\/archivum.eloszekelyfold.ro\/index.php\/wp-json\/wp\/v2\/users\/1"}],"replies":[{"embeddable":true,"href":"https:\/\/archivum.eloszekelyfold.ro\/index.php\/wp-json\/wp\/v2\/comments?post=28407"}],"version-history":[{"count":0,"href":"https:\/\/archivum.eloszekelyfold.ro\/index.php\/wp-json\/wp\/v2\/posts\/28407\/revisions"}],"wp:featuredmedia":[{"embeddable":true,"href":"https:\/\/archivum.eloszekelyfold.ro\/index.php\/wp-json\/wp\/v2\/media\/28408"}],"wp:attachment":[{"href":"https:\/\/archivum.eloszekelyfold.ro\/index.php\/wp-json\/wp\/v2\/media?parent=28407"}],"wp:term":[{"taxonomy":"category","embeddable":true,"href":"https:\/\/archivum.eloszekelyfold.ro\/index.php\/wp-json\/wp\/v2\/categories?post=28407"},{"taxonomy":"post_tag","embeddable":true,"href":"https:\/\/archivum.eloszekelyfold.ro\/index.php\/wp-json\/wp\/v2\/tags?post=28407"}],"curies":[{"name":"wp","href":"https:\/\/api.w.org\/{rel}","templated":true}]}}