{"id":28405,"date":"2021-12-13T04:59:00","date_gmt":"2021-12-13T04:59:00","guid":{"rendered":"http:\/\/archivum.eloszekelyfold.ro\/2021\/12\/13\/elhunyt-bara-margit\/"},"modified":"2021-12-13T04:59:00","modified_gmt":"2021-12-13T04:59:00","slug":"elhunyt-bara-margit","status":"publish","type":"post","link":"https:\/\/archivum.eloszekelyfold.ro\/index.php\/2021\/12\/13\/elhunyt-bara-margit\/","title":{"rendered":"Elhunyt Bara Margit"},"content":{"rendered":"<p><\/p>\n<div style=\"color:#666666; font-family:inherit; font-size:14px;font-style: normal;text-align:left;line-height:24px;\">\n<div style=\"float:left\"><img decoding=\"async\" src=\"http:\/\/archivum.eloszekelyfold.ro\/wp-content\/uploads\/2021\/12\/548_baramargit_150x200.jpg\" alt=\"Elhunyt Bara Margit \" style=\"padding-right:14px; padding-bottom:6px; padding-top:6px;\" width=\"320px\"><\/div>\n<p>                              A Kossuth- \u00e9s Bal\u00e1zs B\u00e9la-d\u00edjas sz\u00edn\u00e9szn\u0151 hosszan tart\u00f3, s\u00falyos betegs\u00e9g ut\u00e1n, \u00e9let\u00e9nek 89. \u00e9v\u00e9ben hunyt el Budapesten.<\/p>\n<p>Bara Margit 1928-ban sz\u00fcletett Kolozsv\u00e1ron, 1955-ben \u00e9rkezett Magyarorsz\u00e1gra, j\u00e1tszott t\u00f6bbek k\u00f6z\u00f6tt Bessenyei Ferenc, Sinkovits Imre \u00e9s Darvas Iv\u00e1n oldal\u00e1n is. <\/p>\n<p>1977-ben v\u00e9glegesen visszavonult, 1992-ben megkapta a Magyar K\u00f6zt\u00e1rsas\u00e1gi \u00c9rdemrend tisztikeresztj\u00e9t. Els\u0151 f\u00e9rje Hal\u00e1sz g\u00e9za (1919.1957), a m\u00e1sodik Gyarmati Dezs\u0151 (1927-2013) v\u00edzilabd\u00e1z\u00f3, szakedz\u0151 volt.<\/p>\n<div>\u00a0<\/div>\n<div>Bara Margit h\u00e9tf\u0151r\u0151l keddre virrad\u00f3 hajnalban halt meg.<\/p>\n<p>A sz\u00edn\u00e9szn\u0151 \u00e9letp\u00e1ly\u00e1ja ismertet\u00e9s\u00e9re a tov\u00e1bbiakban m\u00e9g visszat\u00e9r\u00fcnk!<\/p><\/div>\n<\/p><\/div>\n","protected":false},"excerpt":{"rendered":"<p>A Kossuth- \u00e9s Bal\u00e1zs B\u00e9la-d\u00edjas sz\u00edn\u00e9szn\u0151 hosszan tart\u00f3, s\u00falyos betegs\u00e9g ut\u00e1n, \u00e9let\u00e9nek 89. \u00e9v\u00e9ben hunyt el Budapesten. Bara Margit 1928-ban sz\u00fcletett Kolozsv\u00e1ron, 1955-ben \u00e9rkezett Magyarorsz\u00e1gra, j\u00e1tszott t\u00f6bbek k\u00f6z\u00f6tt Bessenyei Ferenc, Sinkovits Imre \u00e9s Darvas Iv\u00e1n oldal\u00e1n is. 1977-ben v\u00e9glegesen visszavonult, 1992-ben megkapta a Magyar K\u00f6zt\u00e1rsas\u00e1gi \u00c9rdemrend tisztikeresztj\u00e9t. Els\u0151 f\u00e9rje Hal\u00e1sz g\u00e9za (1919.1957), a m\u00e1sodik Gyarmati [&hellip;]<\/p>\n","protected":false},"author":1,"featured_media":28406,"comment_status":"open","ping_status":"open","sticky":false,"template":"","format":"standard","meta":{"footnotes":""},"categories":[],"tags":[],"class_list":["post-28405","post","type-post","status-publish","format-standard","has-post-thumbnail","hentry"],"_links":{"self":[{"href":"https:\/\/archivum.eloszekelyfold.ro\/index.php\/wp-json\/wp\/v2\/posts\/28405","targetHints":{"allow":["GET"]}}],"collection":[{"href":"https:\/\/archivum.eloszekelyfold.ro\/index.php\/wp-json\/wp\/v2\/posts"}],"about":[{"href":"https:\/\/archivum.eloszekelyfold.ro\/index.php\/wp-json\/wp\/v2\/types\/post"}],"author":[{"embeddable":true,"href":"https:\/\/archivum.eloszekelyfold.ro\/index.php\/wp-json\/wp\/v2\/users\/1"}],"replies":[{"embeddable":true,"href":"https:\/\/archivum.eloszekelyfold.ro\/index.php\/wp-json\/wp\/v2\/comments?post=28405"}],"version-history":[{"count":0,"href":"https:\/\/archivum.eloszekelyfold.ro\/index.php\/wp-json\/wp\/v2\/posts\/28405\/revisions"}],"wp:featuredmedia":[{"embeddable":true,"href":"https:\/\/archivum.eloszekelyfold.ro\/index.php\/wp-json\/wp\/v2\/media\/28406"}],"wp:attachment":[{"href":"https:\/\/archivum.eloszekelyfold.ro\/index.php\/wp-json\/wp\/v2\/media?parent=28405"}],"wp:term":[{"taxonomy":"category","embeddable":true,"href":"https:\/\/archivum.eloszekelyfold.ro\/index.php\/wp-json\/wp\/v2\/categories?post=28405"},{"taxonomy":"post_tag","embeddable":true,"href":"https:\/\/archivum.eloszekelyfold.ro\/index.php\/wp-json\/wp\/v2\/tags?post=28405"}],"curies":[{"name":"wp","href":"https:\/\/api.w.org\/{rel}","templated":true}]}}