{"id":28403,"date":"2021-12-13T04:57:01","date_gmt":"2021-12-13T04:57:01","guid":{"rendered":"http:\/\/archivum.eloszekelyfold.ro\/2021\/12\/13\/az-ukanya-testvere-konyv-petofi-festo-baratjarol\/"},"modified":"2021-12-13T04:57:01","modified_gmt":"2021-12-13T04:57:01","slug":"az-ukanya-testvere-konyv-petofi-festo-baratjarol","status":"publish","type":"post","link":"https:\/\/archivum.eloszekelyfold.ro\/index.php\/2021\/12\/13\/az-ukanya-testvere-konyv-petofi-festo-baratjarol\/","title":{"rendered":"Az \u00fckanya testv\u00e9re &#8211; k\u00f6nyv Pet\u0151fi fest\u0151-bar\u00e1tj\u00e1r\u00f3l"},"content":{"rendered":"<p><\/p>\n<div style=\"color:#666666; font-family:inherit; font-size:14px;font-style: normal;text-align:left;line-height:24px;\">\n<div style=\"float:left\"><img decoding=\"async\" src=\"http:\/\/archivum.eloszekelyfold.ro\/wp-content\/uploads\/2021\/12\/549_mezei_jozsef_allo.jpg\" alt=\"Az \u00fckanya testv\u00e9re - k\u00f6nyv Pet\u0151fi fest\u0151-bar\u00e1tj\u00e1r\u00f3l\" style=\"padding-right:14px; padding-bottom:6px; padding-top:6px;\" width=\"320px\"><\/div>\n<p>                              Mezei J\u00f3zsefet (1823-1882) m\u00e9ltatlanul feledte el az ut\u00f3kor. \u00c9let\u00e9nek egy hosszabb szakasz\u00e1ban &#8211; a biztos keny\u00e9rkereset v\u00e9gett &#8211; elismert egyh\u00e1zi fest\u0151v\u00e9 v\u00e1lt, r\u00f3mai katolikus templomok sz\u00e1m\u00e1ra k\u00e9sz\u00edtett olt\u00e1rk\u00e9peket a szatm\u00e1ri egyh\u00e1zmegy\u00e9ben, de ugyanakkor g\u00f6r\u00f6g katolikus \u00e9s g\u00f6r\u00f6gkeleti egyh\u00e1zk\u00f6zs\u00e9geknek is dolgozott &#8211; sok helyen megfordult h\u00e1nyatott \u00e9lete sor\u00e1n: r\u00e9szt vett a szabads\u00e1gharcban, Pet\u0151fi, Orb\u00e1n Bal\u00e1zs bar\u00e1ts\u00e1g\u00e1t \u00e9lvezte. <\/p>\n<p>A sz\u00e9pirodalmi munk\u00e1ss\u00e1got is felmutat\u00f3 fest\u0151m\u0171v\u00e9sz alapfoglalkoz\u00e1sa szerint m\u00e9rn\u00f6k volt. A k\u00e9pz\u0151m\u0171v\u00e9szet ter\u00e9n &#8211; edesapja korai hal\u00e1la miatt &#8211; csak mag\u00e1nszorgalomb\u00f3l fejleszthette mag\u00e1t, majd \u00e9lete del\u00e9n, amikor l\u00e1t\u00e1sa megromlott, a kor \u00edzl\u00e9s\u00e9hez ill\u0151, meglep\u0151en sz\u00ednvonalas k\u00f6ltem\u00e9nyeket is \u00edrt.\u00a0<\/p>\n<p>A Cs\u00edkszered\u00e1ban \u00e9l\u0151 Nagy Gy\u00f6ngyv\u00e9r, amikor kutatni kezdte \u00fckanyja testv\u00e9r\u00e9nek \u00e9letp\u00e1ly\u00e1j\u00e1t, nem hagyta annyiban a dolgot, s a csal\u00e1di legend\u00e1riumb\u00f3l, s\u0151t a kultur\u00e1lis k\u00f6ztudatb\u00f3l is kies\u0151 el\u0151dr\u0151l minden fellelhet\u0151 dokumentumot \u00f6sszegy\u0171jt\u00f6tt, ennek eredm\u00e9nye lett a Muhi S\u00e1ndor k\u00e9pz\u0151m\u0171v\u00e9sz-m\u0171v\u00e9szett\u00f6rt\u00e9n\u00e9sszel k\u00f6z\u00f6sen \u00f6ssze\u00e1ll\u00edtott k\u00f6tet.<\/p>\n<div><em>Az al\u00e1bbiakban Sebesty\u00e9n P\u00e9ter recenzi\u00f3j\u00e1t olvashatj\u00e1k.<\/em><br \/>\n\u00a0<\/div>\n<div style=\"text-align: center;\"><img loading=\"lazy\" decoding=\"async\" src=\"http:\/\/archivum.eloszekelyfold.ro\/wp-content\/uploads\/2021\/12\/Mezei_Jozsef_Muhi_Sandor.jpg\" width=\"250\" height=\"354\" alt=\"\">\u00a0<\/div>\n<div style=\"text-align: center;\"><em>Muhi S\u00e1ndor: Mezei J\u00f3zsef.<br \/>\nPallas-Akad\u00e9mia K\u00f6nyvkiad\u00f3 Cs\u00edkszereda, 2015. Kismonogr\u00e1fia. <br \/>\nA dokument\u00e1ci\u00f3s anyagot\u00a0\u00f6sszegy\u0171jt\u00f6tte: Nagy Gy\u00f6ngyv\u00e9r<br \/>\n<br type=\"_moz\"><br \/>\n<\/em><\/div>\n<div>Divatba j\u00f6ttek a csal\u00e1dfakutat\u00e1sok. Egy\u00e9nileg is sokan veselkednek neki, hogy visszasz\u00e1rmaztass\u00e1k magukat min\u00e9l\u00a0kor\u00e1bbi id\u0151kre. <\/p>\n<p>Az anekdota szerint Pistike is vitatkozik oszt\u00e1lyt\u00e1rs\u00e1val, melyik\u00fcknek sz\u00fclettek r\u00e9gebben \u0151sei.\u00a0Bar\u00e1tja megjegyzi: \u201eaz \u00e9n \u0151seim m\u00e1r Szent Istv\u00e1n kor\u00e1ban \u00e9ltek\u201d. Mire Pistike: \u201eAz \u00e9n \u0151seim akkorra m\u00e1r r\u00e9g\u00a0kihaltak\u201d&#8230;<\/p>\n<p>Nagy Gy\u00f6ngyv\u00e9r nem ilyen \u2019ki volt itt hamar\u00e1bb\u2019-f\u00e9le dacb\u00f3l v\u00e1gott neki Mezei J\u00f3zsef fest\u0151 \u00e9let\u00fatj\u00e1t kutatni. B\u00e1r\u00a0k\u00e9ts\u00e9gtelen, amikor felfedezni v\u00e9lte benne \u00fckanyj\u00e1nak testv\u00e9r\u00e9t, eggyel t\u00f6bb indoka lett elsz\u00e1nts\u00e1g\u00e1nak, s a rokoni\u00a0sz\u00e1lak m\u00e9g kiv\u00e1ncsibb\u00e1 tett\u00e9k a m\u00e9ltatlanul elfelejtett fest\u0151m\u0171v\u00e9sz \u00e9letp\u00e1ly\u00e1ja ir\u00e1nt.<\/p>\n<p>A szerz\u0151 \u201egyan\u00faj\u00e1t\u201d egy 1870-es kiad\u00e1s\u00fa versesk\u00f6tet keltette fel, ami csal\u00e1di \u00f6r\u00f6ks\u00e9gk\u00e9nt porosodott a h\u00e1zi\u00a0k\u00f6nyvt\u00e1r k\u00f6nyvespolc\u00e1n, amelybe \u00fckanyj\u00e1nak Mezei M\u00e1ri\u00e1nak a k\u00f6lt\u0151-testv\u00e9r egy kedves sort dedik\u00e1lt. De t\u00fal a dedik\u00e1ci\u00f3n, a versekben t\u00f6bbsz\u00f6r szerepelt a fest\u00e9szet, mint m\u00fazsa. Nagy Gy\u00f6ngyv\u00e9r, a Cs\u00edki Sz\u00e9kely M\u00fazeum munkat\u00e1rsa\u00a0ett\u0151l kezdve Mezei J\u00f3zsef fest\u0151 ut\u00e1n kezdett \u201enyomozni\u201d. 2014 ut\u00e1n azt\u00e1n felgyorsultak az esem\u00e9nyek. A k\u00f6l\u00f6nf\u00e9le\u00a0kutat\u00e1sok \u2013 a szatm\u00e1ri katolikus templomok olt\u00e1rk\u00e9pei, a Mezei J\u00f3zsefhez int\u00e9zett Orb\u00e1n Bal\u00e1zs dedik\u00e1l\u00e1s\u00a0megtal\u00e1l\u00e1sa a Sz<em>\u00e9kelyf\u00f6ld k\u00e9pekben<\/em> c\u00edm\u0171 k\u00f6tetben, Pet\u0151fi S\u00e1ndorral k\u00f6z\u00f6s szabads\u00e1gharci eml\u00e9kek, a Magyar Nemzeti\u00a0Gal\u00e9ria gy\u0171jtem\u00e9nye stb. \u2013 folyt\u00e1n lassan \u00f6ssze\u00e1llt a mozaikk\u00e9p.<br \/>\n\u00a0<\/div>\n<div style=\"text-align: center;\"><img loading=\"lazy\" decoding=\"async\" src=\"http:\/\/archivum.eloszekelyfold.ro\/wp-content\/uploads\/2021\/12\/mezei_jozsef_kislanyaval.jpg\" width=\"400\" height=\"556\" alt=\"\"><\/div>\n<div style=\"text-align: center;\"><em>Mezei J\u00f3zsef kisl\u00e1ny\u00e1val, aki 1853 m\u00e1rcius\u00e1ban sz\u00fcletett <br \/>\n\u00e9s Francisca Anna Maria Serena neveket kapta a kereszts\u00e9gben\u00a0<br \/>\n&#8211; a felv\u00e9tel 1860 t\u00e1j\u00e1n k\u00e9sz\u00fclhetett (Moln\u00e1r Attila gy\u0171jt\u00e9s\u00e9b\u0151l)<\/em><\/div>\n<div>\nMezei J\u00f3zsef &#8211; Nagy Gy\u00f6ngyv\u00e9r oldal\u00e1gi rokona &#8211; nem\u00a0m\u00e1s, mint Pet\u0151fi kort\u00e1rsa \u00e9s fest\u0151-bar\u00e1tja, k\u00f6lt\u0151 \u00e9s fotogr\u00e1fus,\u00a0aki\u00a0szabads\u00e1gharcos katonak\u00e9nt harcol Bem ap\u00f3 oldal\u00e1n, \u00e9s aki arck\u00e9p-festm\u00e9nyeivel (Pet\u0151fi, Bem, Damjanich) \u00e9s olt\u00e1rk\u00e9peivel \u00f6r\u00f6kre be\u00edrta mag\u00e1t a magyar fest\u00e9szet arck\u00e9pcsarnok\u00e1ba, s aki Orb\u00e1n Bal\u00e1zzsal v\u00e9gigj\u00e1rja \u00a0Sz\u00e9kelyf\u00f6ldet. Nemcsak kult\u00fart\u00f6rt\u00e9neti szerepl\u0151, hanem\u00a0sokoldal\u00faan tehets\u00e9ges, m\u00e9ltatlanul elfelejtett alakja a negyvennyolcas esem\u00e9nyeknek. Olyan m\u0171v\u00e9sz-honv\u00e9dtiszt,\u00a0akinek Pet\u0151fihez f\u0171z\u0151d\u0151 bar\u00e1ts\u00e1ga nem az\u00e9rt volt fontos, mert Pet\u0151fi volt a \u201eh\u00faz\u00f3ember\u201d, hanem, mert kora meg\u00fajul\u00f3\u00a0vil\u00e1g\u00e1val is k\u00e9pes volt haladni. Szorgalm\u00e1val p\u00e1rosul\u00f3 tehets\u00e9ge pedig a mai \u201edigit\u00e1lis ifj\u00fas\u00e1gnak\u201d is p\u00e9ldak\u00e9p\u00fcl\u00a0szolg\u00e1lhat.<\/p>\n<p>A k\u00e9s\u0151i lesz\u00e1rmazottnak\u00a0e kismonogr\u00e1fia l\u00e9trej\u00f6tt\u00e9ben Muhi S\u00e1ndor szatm\u00e1rn\u00e9meti m\u0171kritikus volt seg\u00edts\u00e9g\u00e9re.\u00a0Egy\u00fcttm\u0171k\u00f6d\u00e9s\u00fckb\u0151l \u00fcgyes, olvasm\u00e1nyos, k\u00e9pekkel, jegyzetekkel illusztr\u00e1lt, praktikusan szerkesztett, \u00edzl\u00e9ses\u00a0kiadv\u00e1ny kerekedett, mely nem annyira a k\u00e9pz\u0151m\u0171v\u00e9szek szakmai ik\u00faj\u00e1t hivatott n\u00f6velni, ink\u00e1bb a m\u0171v\u00e9szetet kedvel\u0151,\u00a0\u00e9rt\u0151 \u00a0nagyk\u00f6z\u00f6ns\u00e9gnek sz\u00f3l. Azokat c\u00e9lozza meg, akiknek t\u00f6rt\u00e9nelm\u00fcnk nagyjainak \u201eh\u00e9tk\u00f6znapjai\u201d is fontosak.\u00a0Ihletforr\u00e1sk\u00e9nt, de er\u0151t ad\u00f3 \u00fatmutat\u00f3k\u00e9nt is.<\/p>\n<p>Megkap\u00f3 a k\u00f6nyvben \u00a0a fest\u0151 Mezei J\u00f3zsef amb\u00edci\u00f3ja, al\u00e1zata \u00e9s munkab\u00edr\u00e1sa. Amikor \u00e9lete del\u00e9n, szembetegs\u00e9ge miatt\u00a0f\u00e9lbeszakad m\u0171v\u00e9szi p\u00e1ly\u00e1ja, k\u00f6lt\u0151k\u00e9nt folytatja. S \u00fagy sem lebecs\u00fclend\u0151 az \u00e9letm\u0171. K\u00f6lt\u0151k\u00e9nt is szerethet\u0151 \u00e9s\u00a0figyelemre m\u00e9lt\u00f3.<br \/>\n\u00a0<\/div>\n<div style=\"text-align: center;\"><embed type=\"application\/x-shockwave-flash\" pluginspage=\"http:\/\/www.macromedia.com\/go\/getflashplayer\" src=\"http:\/\/www.youtube.com\/v\/YBaQ-DqC3e0%26hl=en%26fs=1%26rel=0%26ap=%2526fmt=18\" width=\"425\" height=\"344\"><\/embed><\/div>\n<div>\nAmennyiben nem iddul a fenti vide\u00f3, <a href=\"https:\/\/www.youtube.com\/watch?v=YBaQ-DqC3e0\"><strong><span style=\"color: rgb(255, 0, 0);\">ITT<\/span><\/strong><\/a>\u00a0is megtekintheti!<\/p>\n<p>K\u00f6sz\u00f6net a k\u00f6nyv szerz\u0151j\u00e9nek, hogy felcsig\u00e1zta az olvas\u00f3 k\u00edv\u00e1ncsis\u00e1g\u00e1t, s\u0151t siker\u00fclt megkedveltetni azt, akit\u00a0bemutat. K\u00f6sz\u00f6net a kutat\u00e1sok\u00e9rt, a hi\u00e1nyp\u00f3tl\u00f3 adatok\u00e9rt, a lev\u00e9lt\u00e1rosi prec\u00edz munk\u00e1\u00e9rt, a sok ut\u00e1naj\u00e1r\u00e1s\u00e9rt \u00e9s\u00a0adatellen\u0151rz\u00e9s\u00e9rt. Tal\u00e1n az is a Gondvisel\u00e9s m\u0171ve, hogy Nagy Gy\u00f6ngyv\u00e9r \u00e9desanyja kisl\u00e1nyk\u00e9nt ott \u00fclhetett\u00a0(mindannyian l\u00e1ttuk azon a megs\u00e1rgult k\u00e9pen, szerk.megj.) a magyar katona \u00f6l\u00e9ben, amikor \u00fajra magyar vil\u00e1g lett.\u00a0<\/p><\/div>\n<div>\u00a0<\/div>\n<div>T\u00fal a politik\u00e1n \u2013 hisz ez m\u00e1r a nemzettudat er\u0151s\u00edt\u00e9se \u2013 illett is, hogyn\u00e9h\u00e1ny \u00e9ve \u0151 kapja k\u00e9szhez els\u0151k\u00e9nt,\u00a0szem\u00e9lyesen a HONpolg\u00e1rs\u00e1g dokumentum\u00e1t. De mindenk\u00e9pp el\u00e9gt\u00e9tel.<br \/>\n\u00a0<\/div>\n<div><em>Sebesty\u00e9n P\u00e9ter<\/em><em> <\/p>\n<p><\/em><strong>A csal\u00e1dban van m\u00e9g egy rendk\u00edv\u00fcli t\u00f6rt\u00e9net<\/p>\n<p><\/strong>M\u00e9g 2011-ben j\u00e1rta be a sajt\u00f3t egy meghat\u00f3 eset, amely abb\u00f3l indult, hogy egy Cs\u00edkszered\u00e1ban szolg\u00e1l\u00f3 fiatal magyar diplomata egy 1940 \u0151sz\u00e9n k\u00e9sz\u00fclt k\u00e9pet n\u00e9zegetve, saj\u00e1t nagyapj\u00e1ra ismert, aki egy kisl\u00e1nyt tart az \u00f6l\u00e9ben. Az &#8222;\u00fcgyf\u00e9l&#8221;, az \u00e1llampolg\u00e1s\u00e1g\u00e1t \u00fajra k\u00e9relmez\u0151 asszony fontosnak tartotta, hogy \u00e9pp ezt a fot\u00f3t mell\u00e9kelje az iratcsom\u00f3hoz. Az id\u0151s h\u00f6lgy, aki nem volt m\u00e1s, mint az egykori t\u00edz\u00e9ves kisl\u00e1ny, a magyarok bevonul\u00e1sakor verset mondott&#8230; Azt a pillanatot \u00f6r\u00f6k\u00edtette meg a felv\u00e9tel. A k\u00e9p kapcs\u00e1n azt\u00e1n ismerets\u00e9g \u00e9s bar\u00e1ts\u00e1g sz\u00f6v\u0151d\u00f6tt a h\u00f6lgy \u00e9s a konzul k\u00f6z\u00f6tt, a t\u00f6rt\u00e9netet pedig Vujity Vrtko dolgoza fel egy eml\u00e9kezets riportban.<br \/>\n\u00a0<\/div>\n<div style=\"text-align: center;\"><embed type=\"application\/x-shockwave-flash\" pluginspage=\"http:\/\/www.macromedia.com\/go\/getflashplayer\" src=\"http:\/\/www.youtube.com\/v\/7H_Tr1l9h9s%26hl=en%26fs=1%26rel=0%26ap=%2526fmt=18\" width=\"425\" height=\"344\"><\/embed><em><\/p>\n<p><\/em><\/div>\n<div style=\"text-align: left;\">Amennyiben nem indul a vide\u00f3,\u00a0<a href=\"https:\/\/www.youtube.com\/watch?v=7H_Tr1l9h9s\"><strong><span style=\"color: rgb(255, 0, 0);\">ITT<\/span><\/strong><\/a><strong><span style=\"color: rgb(255, 0, 0);\">\u00a0<\/span><\/strong>is megtal\u00e1lja!<br \/>\n\u00a0<\/div>\n<div style=\"text-align: left;\"><em> C\u00edmk\u00e9p: Mezei J\u00f3zsef \u00f6narck\u00e9pe.<\/p>\n<p><\/em><\/div>\n<\/p><\/div>\n","protected":false},"excerpt":{"rendered":"<p>Mezei J\u00f3zsefet (1823-1882) m\u00e9ltatlanul feledte el az ut\u00f3kor. \u00c9let\u00e9nek egy hosszabb szakasz\u00e1ban &#8211; a biztos keny\u00e9rkereset v\u00e9gett &#8211; elismert egyh\u00e1zi fest\u0151v\u00e9 v\u00e1lt, r\u00f3mai katolikus templomok sz\u00e1m\u00e1ra k\u00e9sz\u00edtett olt\u00e1rk\u00e9peket a szatm\u00e1ri egyh\u00e1zmegy\u00e9ben, de ugyanakkor g\u00f6r\u00f6g katolikus \u00e9s g\u00f6r\u00f6gkeleti egyh\u00e1zk\u00f6zs\u00e9geknek is dolgozott &#8211; sok helyen megfordult h\u00e1nyatott \u00e9lete sor\u00e1n: r\u00e9szt vett a szabads\u00e1gharcban, Pet\u0151fi, Orb\u00e1n Bal\u00e1zs bar\u00e1ts\u00e1g\u00e1t [&hellip;]<\/p>\n","protected":false},"author":1,"featured_media":28404,"comment_status":"open","ping_status":"open","sticky":false,"template":"","format":"standard","meta":{"footnotes":""},"categories":[],"tags":[],"class_list":["post-28403","post","type-post","status-publish","format-standard","has-post-thumbnail","hentry"],"_links":{"self":[{"href":"https:\/\/archivum.eloszekelyfold.ro\/index.php\/wp-json\/wp\/v2\/posts\/28403","targetHints":{"allow":["GET"]}}],"collection":[{"href":"https:\/\/archivum.eloszekelyfold.ro\/index.php\/wp-json\/wp\/v2\/posts"}],"about":[{"href":"https:\/\/archivum.eloszekelyfold.ro\/index.php\/wp-json\/wp\/v2\/types\/post"}],"author":[{"embeddable":true,"href":"https:\/\/archivum.eloszekelyfold.ro\/index.php\/wp-json\/wp\/v2\/users\/1"}],"replies":[{"embeddable":true,"href":"https:\/\/archivum.eloszekelyfold.ro\/index.php\/wp-json\/wp\/v2\/comments?post=28403"}],"version-history":[{"count":0,"href":"https:\/\/archivum.eloszekelyfold.ro\/index.php\/wp-json\/wp\/v2\/posts\/28403\/revisions"}],"wp:featuredmedia":[{"embeddable":true,"href":"https:\/\/archivum.eloszekelyfold.ro\/index.php\/wp-json\/wp\/v2\/media\/28404"}],"wp:attachment":[{"href":"https:\/\/archivum.eloszekelyfold.ro\/index.php\/wp-json\/wp\/v2\/media?parent=28403"}],"wp:term":[{"taxonomy":"category","embeddable":true,"href":"https:\/\/archivum.eloszekelyfold.ro\/index.php\/wp-json\/wp\/v2\/categories?post=28403"},{"taxonomy":"post_tag","embeddable":true,"href":"https:\/\/archivum.eloszekelyfold.ro\/index.php\/wp-json\/wp\/v2\/tags?post=28403"}],"curies":[{"name":"wp","href":"https:\/\/api.w.org\/{rel}","templated":true}]}}