{"id":28401,"date":"2021-12-13T04:55:00","date_gmt":"2021-12-13T04:55:00","guid":{"rendered":"http:\/\/archivum.eloszekelyfold.ro\/2021\/12\/13\/provincialis-rmdsz\/"},"modified":"2021-12-13T04:55:00","modified_gmt":"2021-12-13T04:55:00","slug":"provincialis-rmdsz","status":"publish","type":"post","link":"https:\/\/archivum.eloszekelyfold.ro\/index.php\/2021\/12\/13\/provincialis-rmdsz\/","title":{"rendered":"Provinci\u00e1lis RMDSZ?"},"content":{"rendered":"<p><\/p>\n<div style=\"color:#666666; font-family:inherit; font-size:14px;font-style: normal;text-align:left;line-height:24px;\">\n<div style=\"float:left\"><img decoding=\"async\" src=\"http:\/\/archivum.eloszekelyfold.ro\/wp-content\/uploads\/2021\/12\/551_cluj_kolozsvar.jpg\" alt=\"Provinci\u00e1lis RMDSZ?\" style=\"padding-right:14px; padding-bottom:6px; padding-top:6px;\" width=\"320px\"><\/div>\n<p>                              Rom\u00e1ni\u00e1ban folyamatos a v\u00e1laszt\u00e1si kamp\u00e1ny. A k\u00f6zelg\u0151 parlamenti v\u00e1laszt\u00e1sok el\u0151tt azonban m\u00e9g jobban ki\u00e9lez\u0151dnek az ellent\u00e9tek, a bal \u00e9s a jobboldal egyar\u00e1nt helyezkedni pr\u00f3b\u00e1l, szer\u00e9ny k\u00edn\u00e1lat mellett keresi azokat a hiteles embereket, akik expon\u00e1lhat\u00f3k. <\/p>\n<p>Hogyha a magyar p\u00e1rtok kiss\u00e9 megh\u00f6kkent\u0151 vagy hat\u00e1svad\u00e1sz, azonban a val\u00f3s\u00e1gra reflekt\u00e1l\u00f3 plak\u00e1tokkal rukkolnak el\u0151, m\u00e1ris borul a bili a Bukarestben \u00e9s a helyi hivatalokban. Mindj\u00e1rt el\u0151ker\u00fcl a kett\u0151s m\u00e9rce \u00e9s a nagyrom\u00e1n, nemzetf\u00e9lt\u0151 retorika.\u00a0<\/p>\n<p>Egyetlen rom\u00e1niai r\u00e9gi\u00f3t sem kell &#8222;megmenteni&#8221; \u00e9s elszigetelni Bukarestt\u0151l, hanem a r\u00e9gi\u00f3kat min\u00e9l jobban \u00f6ssze kell k\u00f6tni egym\u00e1ssal &#8211; jelentette ki p\u00e9nteken Dacian Ciolos rom\u00e1n minisztereln\u00f6k. A korm\u00e1nyf\u0151t a Rom\u00e1niai Magyar Demokrata Sz\u00f6vets\u00e9g (RMDSZ) t\u00f6bb erd\u00e9lyi nagyv\u00e1rosban kihelyezett, vit\u00e1t kiv\u00e1lt\u00f3 rekl\u00e1mmolin\u00f3ir\u00f3l k\u00e9rdezt\u00e9k \u00fajs\u00e1g\u00edr\u00f3k. Kifejtette: meg kell tal\u00e1lni a m\u00f3dj\u00e1t, hogy az infrastruktur\u00e1baan \u00e9s m\u00e1s ter\u00fcleteken is min\u00e9l jobban \u00f6sszek\u00f6ss\u00e9k egym\u00e1ssal Rom\u00e1nia r\u00e9gi\u00f3it, ahelyett hogy elszigeteln\u00e9k egym\u00e1st\u00f3l \u0151ket, ahogyan Ciolos szerint az RMDSZ szlogenje \u00e1ll\u00edtja.<\/p>\n<p>A szil\u00e1gys\u00e1gi sz\u00e1rmaz\u00e1s\u00fa Ciolos szerint az erd\u00e9lyieknek nincs okuk igaz\u00e1n panaszra, hiszen Erd\u00e9ly \u00e9s B\u00e1ns\u00e1g j\u00f3 \u00fctemben fejl\u0151d\u00f6tt a rendszerv\u00e1ltoz\u00e1s ut\u00e1n. A gazdas\u00e1gi fejl\u0151d\u00e9s egyenl\u0151tlens\u00e9geinek felsz\u00e1mol\u00e1s\u00e1t nevezte meg fontos feladatk\u00e9nt a korm\u00e1nyf\u0151, aki szerint f\u0151leg Rom\u00e1nia d\u00e9li \u00e9s keleti r\u00e9sz\u00e9n jelent ez kih\u00edv\u00e1st.<\/p>\n<p>Cs\u00fct\u00f6rt\u00f6k\u00f6n Klaus Iohannis rom\u00e1n \u00e1llamf\u0151 is nyilatkozott a t\u00e9m\u00e1r\u00f3l, &#8222;vid\u00e9kies&#8221;, &#8222;provinci\u00e1lis&#8221; \u00fczenetnek min\u0151s\u00edtve az RMDSZ-nek a helyben befizetett ad\u00f3k helyi hasznos\u00edt\u00e1s\u00e1t k\u00f6vetel\u0151 \u00fczeneteit. Az RMDSZ t\u00f6bb erd\u00e9lyi nagyv\u00e1rosban szerelt fel &#8222;Megmentj\u00fck Kolozsv\u00e1rt (Nagyv\u00e1radot)! Bukarestt\u0151l. Az ad\u00f3ink Erd\u00e9lyt gazdag\u00edts\u00e1k. Ne a f\u0151v\u00e1rost!&#8221; felirat\u00fa rekl\u00e1mmolin\u00f3kat.<\/p>\n<p>A rom\u00e1n m\u00e9dia egy r\u00e9sze szakad\u00e1r t\u00f6rekv\u00e9sk\u00e9nt \u00e9rtelmezte az akci\u00f3t, m\u00edg az RMDSZ szerint az a decentraliz\u00e1l\u00e1sr\u00f3l \u00e9s szubszidiarit\u00e1sr\u00f3l (\u00fcgyk\u00f6zeli d\u00f6nt\u00e9shozatalr\u00f3l) sz\u00f3l, hiszen azt k\u00e9rik, hogy az erd\u00e9lyiek ad\u00f3i ne Bukarestet gazdag\u00edts\u00e1k &#8211; olvassuk az MTI jelent\u00e9s\u00e9ben.<\/p>\n<p>A kolozsv\u00e1ri v\u00e1rosi rend\u0151rs\u00e9g parancnoka, Marcel Bontidean, \u00fajs\u00e1g\u00edr\u00f3i k\u00e9rd\u00e9sre azt v\u00e1laszolta, hogy kedden sz\u00f3l\u00edtott\u00e1k fel az RMDSZ k\u00e9t Kolozsv\u00e1ron kihelyezett rekl\u00e1mt\u00e1bla elt\u00e1vol\u00edt\u00e1s\u00e1ra. A rend\u0151rs\u00e9gi el\u00f6lj\u00e1r\u00f3 arra hivatkozott, hogy a rekl\u00e1m\u00e9rt\u00e9kes\u00edt\u0151 c\u00e9gnek, amellyel az \u00e9rdekv\u00e9delmi sz\u00f6vets\u00e9g meg\u00e1llapodott, nincsen \u00e9p\u00edtkez\u00e9si enged\u00e9lye. Miut\u00e1n azonban megt\u00f6rt\u00e9nt a molin\u00f3 elt\u00e1vol\u00edt\u00e1sa, az illet\u0151 c\u00e9g v\u00e1llalkoz\u00e1sokat, term\u00e9keket, illet\u0151leg rom\u00e1n p\u00e1rtok v\u00e1laszt\u00e1si felh\u00edv\u00e1sait tartalmaz\u00f3 rekl\u00e1mjai tov\u00e1bbra is a hely\u00fck\u00f6n maradtak, Bontidean tov\u00e1bbra is azzal \u00e9rvelt, hogy emberei az elm\u00falt napokban k\u00e9t m\u00e1sik c\u00e9get is megb\u00fcntettek enged\u00e9ly n\u00e9lk\u00fcli rekl\u00e1moz\u00e1s\u00e9rt. \u00a0<\/p>\n<p><em>Forr\u00e1s: MTI<\/p>\n<p>\u00c9l\u0151 Sz\u00e9kelyf\u00f6ld Munkacsoport<\/em>\n                        <\/div>\n","protected":false},"excerpt":{"rendered":"<p>Rom\u00e1ni\u00e1ban folyamatos a v\u00e1laszt\u00e1si kamp\u00e1ny. A k\u00f6zelg\u0151 parlamenti v\u00e1laszt\u00e1sok el\u0151tt azonban m\u00e9g jobban ki\u00e9lez\u0151dnek az ellent\u00e9tek, a bal \u00e9s a jobboldal egyar\u00e1nt helyezkedni pr\u00f3b\u00e1l, szer\u00e9ny k\u00edn\u00e1lat mellett keresi azokat a hiteles embereket, akik expon\u00e1lhat\u00f3k. Hogyha a magyar p\u00e1rtok kiss\u00e9 megh\u00f6kkent\u0151 vagy hat\u00e1svad\u00e1sz, azonban a val\u00f3s\u00e1gra reflekt\u00e1l\u00f3 plak\u00e1tokkal rukkolnak el\u0151, m\u00e1ris borul a bili a Bukarestben [&hellip;]<\/p>\n","protected":false},"author":1,"featured_media":28402,"comment_status":"open","ping_status":"open","sticky":false,"template":"","format":"standard","meta":{"footnotes":""},"categories":[],"tags":[],"class_list":["post-28401","post","type-post","status-publish","format-standard","has-post-thumbnail","hentry"],"_links":{"self":[{"href":"https:\/\/archivum.eloszekelyfold.ro\/index.php\/wp-json\/wp\/v2\/posts\/28401","targetHints":{"allow":["GET"]}}],"collection":[{"href":"https:\/\/archivum.eloszekelyfold.ro\/index.php\/wp-json\/wp\/v2\/posts"}],"about":[{"href":"https:\/\/archivum.eloszekelyfold.ro\/index.php\/wp-json\/wp\/v2\/types\/post"}],"author":[{"embeddable":true,"href":"https:\/\/archivum.eloszekelyfold.ro\/index.php\/wp-json\/wp\/v2\/users\/1"}],"replies":[{"embeddable":true,"href":"https:\/\/archivum.eloszekelyfold.ro\/index.php\/wp-json\/wp\/v2\/comments?post=28401"}],"version-history":[{"count":0,"href":"https:\/\/archivum.eloszekelyfold.ro\/index.php\/wp-json\/wp\/v2\/posts\/28401\/revisions"}],"wp:featuredmedia":[{"embeddable":true,"href":"https:\/\/archivum.eloszekelyfold.ro\/index.php\/wp-json\/wp\/v2\/media\/28402"}],"wp:attachment":[{"href":"https:\/\/archivum.eloszekelyfold.ro\/index.php\/wp-json\/wp\/v2\/media?parent=28401"}],"wp:term":[{"taxonomy":"category","embeddable":true,"href":"https:\/\/archivum.eloszekelyfold.ro\/index.php\/wp-json\/wp\/v2\/categories?post=28401"},{"taxonomy":"post_tag","embeddable":true,"href":"https:\/\/archivum.eloszekelyfold.ro\/index.php\/wp-json\/wp\/v2\/tags?post=28401"}],"curies":[{"name":"wp","href":"https:\/\/api.w.org\/{rel}","templated":true}]}}