{"id":28399,"date":"2021-12-13T04:53:01","date_gmt":"2021-12-13T04:53:01","guid":{"rendered":"http:\/\/archivum.eloszekelyfold.ro\/2021\/12\/13\/roman-viktor-munkai-a-pesti-vigadoban\/"},"modified":"2021-12-13T04:53:01","modified_gmt":"2021-12-13T04:53:01","slug":"roman-viktor-munkai-a-pesti-vigadoban","status":"publish","type":"post","link":"https:\/\/archivum.eloszekelyfold.ro\/index.php\/2021\/12\/13\/roman-viktor-munkai-a-pesti-vigadoban\/","title":{"rendered":"Rom\u00e1n Viktor munk\u00e1i a Pesti Vigad\u00f3ban"},"content":{"rendered":"<p><\/p>\n<div style=\"color:#666666; font-family:inherit; font-size:14px;font-style: normal;text-align:left;line-height:24px;\">\n<div style=\"float:left\"><img decoding=\"async\" src=\"http:\/\/archivum.eloszekelyfold.ro\/wp-content\/uploads\/2021\/12\/552_roman_viktor_plakat.jpg\" alt=\"Rom\u00e1n Viktor munk\u00e1i a Pesti Vigad\u00f3ban\" style=\"padding-right:14px; padding-bottom:6px; padding-top:6px;\" width=\"320px\"><\/div>\n<p>                              P\u00e9nteken ny\u00edlott meg Budapesten Rom\u00e1n Viktor Homor\u00f3dszentm\u00e1rtont\u00f3l P\u00e1rizsig c\u00edm\u0171 ki\u00e1ll\u00edt\u00e1sa a Pesti Vigad\u00f3ban, a Magyar M\u0171v\u00e9szeti Akad\u00e9mia (MMA) sz\u00e9kh\u00e1z\u00e1ban. <\/p>\n<p>A ki\u00e1ll\u00edt\u00e1st Fekete Gy\u00f6rgy \u00e9p\u00edt\u00e9sz, m\u0171v\u00e9szett\u00f6rt\u00e9n\u00e9sz, az MMA eln\u00f6ke \u00e9s Veress Ferenc m\u0171v\u00e9szett\u00f6rt\u00e9n\u00e9sz nyitotta meg. <\/p>\n<p>A nyit\u00f3\u00fcnneps\u00e9gen levet\u00edtett\u00e9k az Attila szekere a Szajna partj\u00e1n (r. Boros Zolt\u00e1n, MTVA, 2014) c\u00edm\u0171 dokumentumfilmet is, amely a m\u0171v\u00e9sz p\u00e1ly\u00e1j\u00e1t k\u00eds\u00e9ri v\u00e9gig a gy\u00f6kerekt\u0151l a nemzetk\u00f6zi szint\u0171 elismerts\u00e9gig.<\/p>\n<p>A ki\u00e1ll\u00edt\u00e1s november 23-ig tekinthet\u0151 meg, naponta 10.00 \u00e9s 19.00 \u00f3ra k\u00f6z\u00f6tt a Vigad\u00f3 Gal\u00e9ri\u00e1ban (1051 Budapest, Vigad\u00f3 t\u00e9r 2,).<\/p>\n<div>Noha Rom\u00e1n a homor\u00f3dszentm\u00e1rtoni sz\u00e1rmaz\u00e1s\u00fa, vil\u00e1gh\u00edr\u0171 szobr\u00e1sz P\u00e1rizsba telepedett alkot\u00f3k\u00e9nt mindv\u00e9gig\u00a0ragaszkodott itthoni k\u00f6rnyezet\u00e9hez, n\u00e9p\u00e9hez, Erd\u00e9lyben, Sz\u00e9kelyf\u00f6ld\u00f6n \u00e9s Magyarorsz\u00e1gon alig ismerik.<\/div>\n<div>Hogy ez a m\u00e9ltatlan \u00e1llapot v\u00e1ltozz\u00e9k, n\u00e9h\u00e1ny kezdem\u00e9nyez\u0151 \u2013 k\u00f6zt\u00fck a m\u0171v\u00e9sz b\u00e1tyja, Rom\u00e1n Elem\u00e9r \u2013\u00a0v\u00e1ndorki\u00e1ll\u00edt\u00e1st szervezett, amellyel a K\u00e1rp\u00e1t-medence k\u00fcl\u00f6nb\u00f6z\u0151 ki\u00e1ll\u00edt\u00f3termeiben mutatja be a m\u0171v\u00e9sz alkot\u00e1sainak\u00a0legjav\u00e1t.<\/div>\n<div>\u00a0<\/div>\n<div>Rom\u00e1n Viktor szobr\u00e1szata egyed\u00fcl\u00e1ll\u00f3 szint\u00e9zis, melynek jelk\u00e9prendszere m\u00faltb\u00f3l \u00e9s j\u00f6v\u0151b\u0151l t\u00e1pl\u00e1lkozik.\u00a0Munk\u00e1ss\u00e1g\u00e1nak ezt a vonatkoz\u00e1s\u00e1t m\u00e1r a m\u00falt sz\u00e1zad &#8217;60-as \u00e9veiben \u00e9szlelt\u00e9k kolozsv\u00e1ri \u00e9s bukaresti eszt\u00e9t\u00e1k,\u00a0k\u00e9s\u0151bb majd P\u00e1rizsban is, illetve azt is, hogy alkot\u00e1sait kiv\u00e1l\u00f3an lehet k\u00f6ztereken alkalmazni. Szobrainak minden\u00a0sz\u00e9kelyf\u00f6ldi \u00e9s magyar v\u00e1rosban helye van, lehetne helye.<\/div>\n<div>\u00a0<\/div>\n<div>A m\u0171v\u00e9sz b\u00e1tyja a Homor\u00f3dszentm\u00e1rton melletti B\u00fckkfalv\u00e1n szabadt\u00e9ri szoborparkot hozott l\u00e9tre, amely minden\u00a0\u00e9vszakban l\u00e1togathat\u00f3. A K\u00e1rp\u00e1t-medenc\u00e9ben szervezett ki\u00e1ll\u00edt\u00e1ssorozat &#8211; rem\u00e9nyeink szerint &#8211; nagym\u00e9rt\u00e9kben\u00a0hozz\u00e1 fog j\u00e1rulni ahhoz, hogy az \u00e9letm\u0171 val\u00f3s\u00e1gosan is betagoz\u00f3dj\u00e9k az \u00f6sszmagyar kult\u00far\u00e1ba.<br \/>\n\u00a0<\/div>\n<div style=\"text-align: center;\"><img loading=\"lazy\" decoding=\"async\" src=\"http:\/\/archivum.eloszekelyfold.ro\/wp-content\/uploads\/2021\/12\/fekete_veress_mti.jpg\" width=\"600\" height=\"407\" alt=\"\"><\/div>\n<div style=\"text-align: center;\"><em>Fekete Gy\u00f6rgy \u00e9s Veress Ferenc a megnyit\u00f3n (Fot\u00f3: Mohai Bal\u00e1zs\/ MTI)<\/em><br \/>\n\u00a0<\/div>\n<div>Rom\u00e1n Viktornak A szek\u00e9r c\u00edmet visel\u0151 szobra &#8211; pontosabban annak m\u00e1solata &#8211; ma m\u00e1r k\u00f6zt\u00e9ren l\u00e1that\u00f3\u00a0Sz\u00e9kelyudvarhelyen.<\/p>\n<p><em>Sim\u00f3 M\u00e1rton\/ \u00c9l\u0151 Sz\u00e9kelyf\u00f6ld Munkacsoport<\/p>\n<p><\/em><strong>Kapcsol\u00f3d\u00f3 \u00edr\u00e1sok:<\/p>\n<p><a href=\"http:\/\/artportal.hu\/lexikon\/muveszek\/roman-viktor-994\"><span style=\"color: rgb(0, 0, 255);\">Rom\u00e1n Viktor az Art Port\u00e1lon<\/span><\/a><span style=\"color: rgb(0, 0, 255);\"><\/p>\n<p><\/span><a href=\"https:\/\/eszm.ro\/2016\/09\/15\/homorodszentmartontol-parizsig\/\"><span style=\"color: rgb(0, 0, 255);\">Egy \u00e9ve ny\u00edlott neg a M\u00falt Id\u0151k H\u00e1za<\/p>\n<p><\/span><\/a><\/strong><a href=\"http:\/\/artportal.hu\/lexikon\/muveszek\/roman-viktor-994\"><span style=\"color: rgb(0, 0, 255);\"><strong>Rom\u00e1n Viktor ki\u00e1ll\u00edt\u00e1s Sopronban<br \/>\n<\/strong><\/span><strong> <\/p>\n<p>\n<\/strong><\/a><strong><em><br \/>\n<\/em><\/strong><em><br \/>\n<br type=\"_moz\"><br \/>\n<\/em><\/div>\n<p><br type=\"_moz\">\n                        <\/div>\n","protected":false},"excerpt":{"rendered":"<p>P\u00e9nteken ny\u00edlott meg Budapesten Rom\u00e1n Viktor Homor\u00f3dszentm\u00e1rtont\u00f3l P\u00e1rizsig c\u00edm\u0171 ki\u00e1ll\u00edt\u00e1sa a Pesti Vigad\u00f3ban, a Magyar M\u0171v\u00e9szeti Akad\u00e9mia (MMA) sz\u00e9kh\u00e1z\u00e1ban. A ki\u00e1ll\u00edt\u00e1st Fekete Gy\u00f6rgy \u00e9p\u00edt\u00e9sz, m\u0171v\u00e9szett\u00f6rt\u00e9n\u00e9sz, az MMA eln\u00f6ke \u00e9s Veress Ferenc m\u0171v\u00e9szett\u00f6rt\u00e9n\u00e9sz nyitotta meg. A nyit\u00f3\u00fcnneps\u00e9gen levet\u00edtett\u00e9k az Attila szekere a Szajna partj\u00e1n (r. Boros Zolt\u00e1n, MTVA, 2014) c\u00edm\u0171 dokumentumfilmet is, amely a m\u0171v\u00e9sz p\u00e1ly\u00e1j\u00e1t [&hellip;]<\/p>\n","protected":false},"author":1,"featured_media":28400,"comment_status":"open","ping_status":"open","sticky":false,"template":"","format":"standard","meta":{"footnotes":""},"categories":[],"tags":[],"class_list":["post-28399","post","type-post","status-publish","format-standard","has-post-thumbnail","hentry"],"_links":{"self":[{"href":"https:\/\/archivum.eloszekelyfold.ro\/index.php\/wp-json\/wp\/v2\/posts\/28399","targetHints":{"allow":["GET"]}}],"collection":[{"href":"https:\/\/archivum.eloszekelyfold.ro\/index.php\/wp-json\/wp\/v2\/posts"}],"about":[{"href":"https:\/\/archivum.eloszekelyfold.ro\/index.php\/wp-json\/wp\/v2\/types\/post"}],"author":[{"embeddable":true,"href":"https:\/\/archivum.eloszekelyfold.ro\/index.php\/wp-json\/wp\/v2\/users\/1"}],"replies":[{"embeddable":true,"href":"https:\/\/archivum.eloszekelyfold.ro\/index.php\/wp-json\/wp\/v2\/comments?post=28399"}],"version-history":[{"count":0,"href":"https:\/\/archivum.eloszekelyfold.ro\/index.php\/wp-json\/wp\/v2\/posts\/28399\/revisions"}],"wp:featuredmedia":[{"embeddable":true,"href":"https:\/\/archivum.eloszekelyfold.ro\/index.php\/wp-json\/wp\/v2\/media\/28400"}],"wp:attachment":[{"href":"https:\/\/archivum.eloszekelyfold.ro\/index.php\/wp-json\/wp\/v2\/media?parent=28399"}],"wp:term":[{"taxonomy":"category","embeddable":true,"href":"https:\/\/archivum.eloszekelyfold.ro\/index.php\/wp-json\/wp\/v2\/categories?post=28399"},{"taxonomy":"post_tag","embeddable":true,"href":"https:\/\/archivum.eloszekelyfold.ro\/index.php\/wp-json\/wp\/v2\/tags?post=28399"}],"curies":[{"name":"wp","href":"https:\/\/api.w.org\/{rel}","templated":true}]}}