{"id":28397,"date":"2021-12-13T04:51:00","date_gmt":"2021-12-13T04:51:00","guid":{"rendered":"http:\/\/archivum.eloszekelyfold.ro\/2021\/12\/13\/ortuzek-szekelyfoldert\/"},"modified":"2021-12-13T04:51:00","modified_gmt":"2021-12-13T04:51:00","slug":"ortuzek-szekelyfoldert","status":"publish","type":"post","link":"https:\/\/archivum.eloszekelyfold.ro\/index.php\/2021\/12\/13\/ortuzek-szekelyfoldert\/","title":{"rendered":"\u0150rt\u00fczek Sz\u00e9kelyf\u00f6ld\u00e9rt!"},"content":{"rendered":"<p><\/p>\n<div style=\"color:#666666; font-family:inherit; font-size:14px;font-style: normal;text-align:left;line-height:24px;\">\n<div style=\"float:left\"><img decoding=\"async\" src=\"http:\/\/archivum.eloszekelyfold.ro\/wp-content\/uploads\/2021\/12\/553_ortuzek_mti.jpg\" alt=\"\u0150rt\u00fczek Sz\u00e9kelyf\u00f6ld\u00e9rt!\" style=\"padding-right:14px; padding-bottom:6px; padding-top:6px;\" width=\"320px\"><\/div>\n<p>                              Sz\u00e9kelyf\u00f6ld auton\u00f3mi\u00e1j\u00e1\u00e9rt im\u00e1dkoznak vas\u00e1rnap azokban a templomokban, amelyek eleget tesznek a Sz\u00e9kely Nemzeti Tan\u00e1cs (SZNT) felh\u00edv\u00e1s\u00e1nak. Az esti \u00f3r\u00e1kban az auton\u00f3miak\u00f6vetel\u00e9s jelek\u00e9nt \u0151rt\u00fczeket gy\u00fajtanak a sz\u00e9kelyf\u00f6ldi telep\u00fcl\u00e9seken. Az SZNT szeptember v\u00e9g\u00e9n Sz\u00e9kelyf\u00f6ld Auton\u00f3mi\u00e1j\u00e1nak Napj\u00e1v\u00e1 nyilv\u00e1n\u00edtotta okt\u00f3ber utols\u00f3 vas\u00e1rnapj\u00e1t. <\/p>\n<p>Felh\u00edv\u00e1ssal fordult a nagyvil\u00e1g kereszt\u00e9ny, magyar gy\u00fclekezeteihez, hogy az idei auton\u00f3mianapon templomaikban im\u00e1dkozzanak a sz\u00e9kely szabads\u00e1g\u00e9rt, Sz\u00e9kelyf\u00f6ld auton\u00f3mi\u00e1j\u00e1\u00e9rt. Izs\u00e1k Bal\u00e1zs SZNT-eln\u00f6k felh\u00edv\u00e1s\u00e1ban \u00fagy \u00e9rvelt: a k\u00f6z\u00f6s im\u00e1ban kialakul\u00f3 lelki egys\u00e9g az auton\u00f3miak\u00fczdelem folytat\u00e1s\u00e1nak tart\u00f3s alapja lehet. <\/p>\n<p>Az SZNT ugyanakkor azzal a k\u00e9r\u00e9ssel fordult a sz\u00e9kelyf\u00f6ldi \u00f6nkorm\u00e1nyzatokhoz, egyh\u00e1zakhoz, civil szervezetekhez, k\u00f6zbirtokoss\u00e1gokhoz, v\u00e1llalkoz\u00e1sokhoz, hogy okt\u00f3ber 30-\u00e1n, helyi id\u0151 szerinti 17.30 \u00f3rakor az \u00e1ltaluk meghat\u00e1rozott helyen \u00e9s m\u00f3don &#8222;l\u00e1rmaf\u00e1k, f\u00e1kly\u00e1k, gyerty\u00e1k ezreinek fellobbant\u00e1s\u00e1val tegy\u00e9k k\u00f6z\u00f6ss\u00e9gi \u00e9lm\u00e9nny\u00e9 Sz\u00e9kelyf\u00f6ld Auton\u00f3mi\u00e1j\u00e1nak Napj\u00e1t&#8221;. <\/p>\n<p>&#8222;Az elm\u00falt \u00e9vek sor\u00e1n bebizonyosodott, hogy az auton\u00f3mi\u00e1\u00e9rt folytatott k\u00fczdelem hossz\u00fa lesz, \u00e9s pr\u00f3b\u00e1ra teszi mag\u00e1nak az \u00e9rintett k\u00f6z\u00f6ss\u00e9gnek a kitart\u00e1s\u00e1t, elk\u00f6telezetts\u00e9g\u00e9t. Ez\u00e9rt van sz\u00fcks\u00e9g arra is, hogy Sz\u00e9kelyf\u00f6ld falvaiban \u00e9s v\u00e1rosaiban, de &#8211; a szolidarit\u00e1s jel\u00e9\u00fcl &#8211; b\u00e1rhol a nagyvil\u00e1gban a k\u00f6z\u00f6ss\u00e9gek, s min\u00e9l t\u00f6bb k\u00f6z\u00f6ss\u00e9g tagja bels\u0151 meggy\u0151z\u0151d\u00e9ssel, hittel vegyen r\u00e9szt az auton\u00f3miak\u00fczdelemben&#8221; &#8211; olvashat\u00f3 az Izs\u00e1k Bal\u00e1zs felh\u00edv\u00e1s\u00e1ban.<br \/>\n<em><br \/>\nForr\u00e1s: MTI<br \/>\nC\u00edmk\u00e9p\u00fcnk az MTI arch\u00edvum\u00e1b\u00f3l val\u00f3.<\/p>\n<p>\u00c9l\u0151 Sz\u00e9kelyf\u00f6ld Munkacsoport<\/em>\n                        <\/div>\n","protected":false},"excerpt":{"rendered":"<p>Sz\u00e9kelyf\u00f6ld auton\u00f3mi\u00e1j\u00e1\u00e9rt im\u00e1dkoznak vas\u00e1rnap azokban a templomokban, amelyek eleget tesznek a Sz\u00e9kely Nemzeti Tan\u00e1cs (SZNT) felh\u00edv\u00e1s\u00e1nak. Az esti \u00f3r\u00e1kban az auton\u00f3miak\u00f6vetel\u00e9s jelek\u00e9nt \u0151rt\u00fczeket gy\u00fajtanak a sz\u00e9kelyf\u00f6ldi telep\u00fcl\u00e9seken. Az SZNT szeptember v\u00e9g\u00e9n Sz\u00e9kelyf\u00f6ld Auton\u00f3mi\u00e1j\u00e1nak Napj\u00e1v\u00e1 nyilv\u00e1n\u00edtotta okt\u00f3ber utols\u00f3 vas\u00e1rnapj\u00e1t. Felh\u00edv\u00e1ssal fordult a nagyvil\u00e1g kereszt\u00e9ny, magyar gy\u00fclekezeteihez, hogy az idei auton\u00f3mianapon templomaikban im\u00e1dkozzanak a sz\u00e9kely szabads\u00e1g\u00e9rt, Sz\u00e9kelyf\u00f6ld [&hellip;]<\/p>\n","protected":false},"author":1,"featured_media":28398,"comment_status":"open","ping_status":"open","sticky":false,"template":"","format":"standard","meta":{"footnotes":""},"categories":[],"tags":[],"class_list":["post-28397","post","type-post","status-publish","format-standard","has-post-thumbnail","hentry"],"_links":{"self":[{"href":"https:\/\/archivum.eloszekelyfold.ro\/index.php\/wp-json\/wp\/v2\/posts\/28397","targetHints":{"allow":["GET"]}}],"collection":[{"href":"https:\/\/archivum.eloszekelyfold.ro\/index.php\/wp-json\/wp\/v2\/posts"}],"about":[{"href":"https:\/\/archivum.eloszekelyfold.ro\/index.php\/wp-json\/wp\/v2\/types\/post"}],"author":[{"embeddable":true,"href":"https:\/\/archivum.eloszekelyfold.ro\/index.php\/wp-json\/wp\/v2\/users\/1"}],"replies":[{"embeddable":true,"href":"https:\/\/archivum.eloszekelyfold.ro\/index.php\/wp-json\/wp\/v2\/comments?post=28397"}],"version-history":[{"count":0,"href":"https:\/\/archivum.eloszekelyfold.ro\/index.php\/wp-json\/wp\/v2\/posts\/28397\/revisions"}],"wp:featuredmedia":[{"embeddable":true,"href":"https:\/\/archivum.eloszekelyfold.ro\/index.php\/wp-json\/wp\/v2\/media\/28398"}],"wp:attachment":[{"href":"https:\/\/archivum.eloszekelyfold.ro\/index.php\/wp-json\/wp\/v2\/media?parent=28397"}],"wp:term":[{"taxonomy":"category","embeddable":true,"href":"https:\/\/archivum.eloszekelyfold.ro\/index.php\/wp-json\/wp\/v2\/categories?post=28397"},{"taxonomy":"post_tag","embeddable":true,"href":"https:\/\/archivum.eloszekelyfold.ro\/index.php\/wp-json\/wp\/v2\/tags?post=28397"}],"curies":[{"name":"wp","href":"https:\/\/api.w.org\/{rel}","templated":true}]}}