{"id":28393,"date":"2021-12-13T04:47:00","date_gmt":"2021-12-13T04:47:00","guid":{"rendered":"http:\/\/archivum.eloszekelyfold.ro\/2021\/12\/13\/szekelyfold-autonomiat-szeretne\/"},"modified":"2021-12-13T04:47:00","modified_gmt":"2021-12-13T04:47:00","slug":"szekelyfold-autonomiat-szeretne","status":"publish","type":"post","link":"https:\/\/archivum.eloszekelyfold.ro\/index.php\/2021\/12\/13\/szekelyfold-autonomiat-szeretne\/","title":{"rendered":"Sz\u00e9kelyf\u00f6ld auton\u00f3mi\u00e1t szeretne"},"content":{"rendered":"<p><\/p>\n<div style=\"color:#666666; font-family:inherit; font-size:14px;font-style: normal;text-align:left;line-height:24px;\">\n<div style=\"float:left\"><img decoding=\"async\" src=\"http:\/\/archivum.eloszekelyfold.ro\/wp-content\/uploads\/2021\/12\/555_csikszereda_veres_nandor.jpg\" alt=\"Sz\u00e9kelyf\u00f6ld auton\u00f3mi\u00e1t szeretne\" style=\"padding-right:14px; padding-bottom:6px; padding-top:6px;\" width=\"320px\"><\/div>\n<p>                              Ki\u00e1ltv\u00e1nyban k\u00e9rt\u00e9k Sz\u00e9kelyf\u00f6ld ter\u00fcleti auton\u00f3mi\u00e1j\u00e1t azok a sz\u00e9kelyek, akik a Sz\u00e9kely Nemzeti Tan\u00e1cs (SZNT) h\u00edv\u00e1s\u00e1ra \u0151rt\u00fczeket gy\u00fajtottak vas\u00e1rnap este a sz\u00e9kelyf\u00f6ldi telep\u00fcl\u00e9sek k\u00f6rny\u00e9k\u00e9n lev\u0151 magaslatokon. A valamennyi \u0151rt\u0171z mellett felolvasott ki\u00e1ltv\u00e1nyban a megmozdul\u00e1sok r\u00e9sztvev\u0151i kijelentett\u00e9k: \u00e9lni akarnak az \u00f6nrendelkez\u00e9s jog\u00e1val, \u00e9s e jog alapj\u00e1n k\u00f6vetelik Sz\u00e9kelyf\u00f6ld \u00e1llamon bel\u00fcli \u00f6nkorm\u00e1nyz\u00e1s\u00e1t! <\/p>\n<p>&#8222;Ragaszkodunk a nyolc sz\u00e9kely sz\u00e9ket \u00e9s 149 \u00f6nkorm\u00e1nyzatot mag\u00e1ba foglal\u00f3 Sz\u00e9kelyf\u00f6ld hat\u00e1raihoz, amelyet a helyi k\u00f6z\u00f6ss\u00e9gek n\u00e9pszavaz\u00e1sa tesz majd v\u00e9glegess\u00e9. K\u00f6vetelj\u00fck, hogy az Eur\u00f3p\u00e1ban gyakorolt norm\u00e1k \u00e9rv\u00e9nyes\u00fcljenek \u00e9s a Sz\u00e9kely N\u00e9p &#8211; Eur\u00f3pa auton\u00f3m k\u00f6z\u00f6ss\u00e9geihez hasonl\u00f3an &#8211; meg\u00e9lhesse \u00f6nrendelkez\u00e9s\u00e9t Sz\u00e9kelyf\u00f6ld auton\u00f3mi\u00e1ja r\u00e9v\u00e9n&#8221; &#8211; \u00e1ll a ki\u00e1ltv\u00e1nyban. <\/p>\n<p>A ki\u00e1ltv\u00e1nyban utaltak r\u00e1: Rom\u00e1nia korm\u00e1nya nem mondott le arr\u00f3l, hogy Sz\u00e9kelyf\u00f6ldet egy rom\u00e1n t\u00f6bbs\u00e9g\u0171 \u00f3ri\u00e1s-r\u00e9gi\u00f3ba olvassza be, vagy feldarabolja. Azt is megeml\u00edtett\u00e9k, hogy a Sz\u00e9kelyf\u00f6ld auton\u00f3mi\u00e1j\u00e1ra vonatkoz\u00f3, t\u00f6bb alkalommal \u00e9s t\u00f6bb form\u00e1ban kinyilv\u00e1n\u00edtott ig\u00e9nyt a rom\u00e1n \u00e1llam \u00e9vek \u00f3ta figyelmen k\u00edv\u00fcl hagyja, a p\u00e1rbesz\u00e9dre vonatkoz\u00f3 sz\u00e9kelyf\u00f6ldi kezdem\u00e9nyez\u00e9sek rendre v\u00e1lasz n\u00e9lk\u00fcl maradnak. <\/p>\n<p>Izs\u00e1k Bal\u00e1zs SZNT-eln\u00f6k a Farkaslaka f\u00f6l\u00f6tti Gordon-tet\u0151n meggy\u00fajtott \u0151rt\u0171z mellett olvasta fel a ki\u00e1ltv\u00e1nyt.\u00a0<\/p>\n<div>\u00a0<\/div>\n<div>Elmondta, az\u00e9rt v\u00e1lasztotta Tam\u00e1si \u00c1ron sz\u00fcl\u0151faluj\u00e1t, mert a sz\u00e9kely \u00edr\u00f3 \u00e1ltal v\u00e1lt ismertt\u00e9 a sz\u00e9kelys\u00e9g az eg\u00e9sz\u00a0vil\u00e1gon.\u00a0<\/p>\n<p>Kov\u00e1cs Lehel, Farkaslaka polg\u00e1rmestere arra biztatta az \u00f6sszegy\u0171lteket, hogy a sors f\u00f6l\u00f6tti sir\u00e1nkoz\u00e1s helyett\u00a0dolgozzanak, haszn\u00e1lj\u00e1k ki azokat a k\u00f6z\u00f6ss\u00e9g\u00e9p\u00edt\u0151 lehet\u0151s\u00e9geket, amelyeket a jelenlegi t\u00f6rv\u00e9nyek is lehet\u0151v\u00e9\u00a0tesznek.\u00a0<\/p>\n<p>A szeles hideg ellen\u00e9re mintegy k\u00e9tsz\u00e1zan m\u00e1sztak ki a hegytet\u0151re, mintegy \u00f6tvenen l\u00f3h\u00e1ton vett\u00e9k k\u00f6r\u00fcl a\u00a0t\u00fczet. Az \u00fcnnepi besz\u00e9dek elhangz\u00e1sa ut\u00e1n a r\u00e9sztvev\u0151k k\u00f6z\u00f6s \u00e9nekl\u00e9ssel tett\u00e9k k\u00f6z\u00f6ss\u00e9gi \u00e9lm\u00e9nny\u00e9 a\u00a0l\u00e1rmafagy\u00fajt\u00e1st.\n<\/div>\n<div style=\"text-align: left;\">Az SZNT szeptember v\u00e9g\u00e9n Sz\u00e9kelyf\u00f6ld Auton\u00f3mi\u00e1j\u00e1nak Napj\u00e1v\u00e1 nyilv\u00e1n\u00edtotta okt\u00f3ber utols\u00f3 vas\u00e1rnapj\u00e1t.\u00a0<\/div>\n<div style=\"text-align: center;\">\n<embed type=\"application\/x-shockwave-flash\" pluginspage=\"http:\/\/www.macromedia.com\/go\/getflashplayer\" src=\"http:\/\/www.youtube.com\/v\/lKMACSb3tSE&#038;feature=autoshare%26hl=en%26fs=1%26rel=0%26ap=%2526fmt=18\" width=\"425\" height=\"344\"><\/embed><\/div>\n<div>\u00a0<\/div>\n<div>Felh\u00edv\u00e1ssal fordult a nagyvil\u00e1g kereszt\u00e9ny, magyar gy\u00fclekezeteihez, hogy az idei auton\u00f3mianapot templomaikban\u00a0im\u00e1dkozzanak a sz\u00e9kely szabads\u00e1g\u00e9rt, Sz\u00e9kelyf\u00f6ld auton\u00f3mi\u00e1j\u00e1\u00e9rt, Sz\u00e9kelyf\u00f6ld lak\u00f3it pedig arra k\u00e9rte, hogy\u00a0gy\u00fajtsanak \u0151rt\u00fczeket a telep\u00fcl\u00e9seik melletti magaslatokon.<\/p>\n<p><em>A mell\u00e9kelt fot\u00f3k az SZNT \u0151rt\u0171zgy\u00fajt\u00e1ssal egybek\u00f6t\u00f6tt rendezv\u00e9nyein k\u00e9sz\u00fcltek Budapesten (MTI\/ Balogh Zolt\u00e1n felv\u00e9tele) \u00e9s Cs\u00edkszered\u00e1ban (MTI\/ Veres N\u00e1ndor felv\u00e9tele).<\/p>\n<p>Forr\u00e1s: MTI<\/em><\/div>\n<\/p><\/div>\n","protected":false},"excerpt":{"rendered":"<p>Ki\u00e1ltv\u00e1nyban k\u00e9rt\u00e9k Sz\u00e9kelyf\u00f6ld ter\u00fcleti auton\u00f3mi\u00e1j\u00e1t azok a sz\u00e9kelyek, akik a Sz\u00e9kely Nemzeti Tan\u00e1cs (SZNT) h\u00edv\u00e1s\u00e1ra \u0151rt\u00fczeket gy\u00fajtottak vas\u00e1rnap este a sz\u00e9kelyf\u00f6ldi telep\u00fcl\u00e9sek k\u00f6rny\u00e9k\u00e9n lev\u0151 magaslatokon. A valamennyi \u0151rt\u0171z mellett felolvasott ki\u00e1ltv\u00e1nyban a megmozdul\u00e1sok r\u00e9sztvev\u0151i kijelentett\u00e9k: \u00e9lni akarnak az \u00f6nrendelkez\u00e9s jog\u00e1val, \u00e9s e jog alapj\u00e1n k\u00f6vetelik Sz\u00e9kelyf\u00f6ld \u00e1llamon bel\u00fcli \u00f6nkorm\u00e1nyz\u00e1s\u00e1t! &#8222;Ragaszkodunk a nyolc sz\u00e9kely sz\u00e9ket \u00e9s [&hellip;]<\/p>\n","protected":false},"author":1,"featured_media":28394,"comment_status":"open","ping_status":"open","sticky":false,"template":"","format":"standard","meta":{"footnotes":""},"categories":[],"tags":[],"class_list":["post-28393","post","type-post","status-publish","format-standard","has-post-thumbnail","hentry"],"_links":{"self":[{"href":"https:\/\/archivum.eloszekelyfold.ro\/index.php\/wp-json\/wp\/v2\/posts\/28393","targetHints":{"allow":["GET"]}}],"collection":[{"href":"https:\/\/archivum.eloszekelyfold.ro\/index.php\/wp-json\/wp\/v2\/posts"}],"about":[{"href":"https:\/\/archivum.eloszekelyfold.ro\/index.php\/wp-json\/wp\/v2\/types\/post"}],"author":[{"embeddable":true,"href":"https:\/\/archivum.eloszekelyfold.ro\/index.php\/wp-json\/wp\/v2\/users\/1"}],"replies":[{"embeddable":true,"href":"https:\/\/archivum.eloszekelyfold.ro\/index.php\/wp-json\/wp\/v2\/comments?post=28393"}],"version-history":[{"count":0,"href":"https:\/\/archivum.eloszekelyfold.ro\/index.php\/wp-json\/wp\/v2\/posts\/28393\/revisions"}],"wp:featuredmedia":[{"embeddable":true,"href":"https:\/\/archivum.eloszekelyfold.ro\/index.php\/wp-json\/wp\/v2\/media\/28394"}],"wp:attachment":[{"href":"https:\/\/archivum.eloszekelyfold.ro\/index.php\/wp-json\/wp\/v2\/media?parent=28393"}],"wp:term":[{"taxonomy":"category","embeddable":true,"href":"https:\/\/archivum.eloszekelyfold.ro\/index.php\/wp-json\/wp\/v2\/categories?post=28393"},{"taxonomy":"post_tag","embeddable":true,"href":"https:\/\/archivum.eloszekelyfold.ro\/index.php\/wp-json\/wp\/v2\/tags?post=28393"}],"curies":[{"name":"wp","href":"https:\/\/api.w.org\/{rel}","templated":true}]}}