{"id":28391,"date":"2021-12-13T04:45:01","date_gmt":"2021-12-13T04:45:01","guid":{"rendered":"http:\/\/archivum.eloszekelyfold.ro\/2021\/12\/13\/makarov-a-szovjet-helytarto\/"},"modified":"2021-12-13T04:45:01","modified_gmt":"2021-12-13T04:45:01","slug":"makarov-a-szovjet-helytarto","status":"publish","type":"post","link":"https:\/\/archivum.eloszekelyfold.ro\/index.php\/2021\/12\/13\/makarov-a-szovjet-helytarto\/","title":{"rendered":"Makarov, a szovjet helytart\u00f3"},"content":{"rendered":"<p><\/p>\n<div style=\"color:#666666; font-family:inherit; font-size:14px;font-style: normal;text-align:left;line-height:24px;\">\n<div style=\"float:left\"><img decoding=\"async\" src=\"http:\/\/archivum.eloszekelyfold.ro\/wp-content\/uploads\/2021\/12\/557_harom_szovjet_tiszt.jpg\" alt=\"Makarov, a szovjet helytart\u00f3\" style=\"padding-right:14px; padding-bottom:6px; padding-top:6px;\" width=\"320px\"><\/div>\n<p>                              A rom\u00e1nok m\u00e1sodik vil\u00e1gh\u00e1bor\u00fab\u00f3l val\u00f3 kiugr\u00e1sa ut\u00e1n a szovjet \u00e9s a rom\u00e1n hadsereg fokozatosan kiszor\u00edtotta a n\u00e9met-magyar csapatokat a Sz\u00e9kelyf\u00f6ld ter\u00fclet\u00e9r\u0151l.<\/p>\n<p>1944 szeptember m\u00e1sodik fel\u00e9ben, illet\u0151leg okt\u00f3ber\u00e9ben, miut\u00e1n a f\u00e9lkatonai Maniu-g\u00e1rd\u00e1k v\u00e9rengz\u00e9sekkel egybek\u00f6t\u00f6tt fosztogat\u00e1sokkal lehetetlen\u00edtett\u00e9k el az \u00e9letet, az els\u0151 demokratikus v\u00e1laszt\u00e1sokig a szovjet hadsereg saj\u00e1t hat\u00e1sk\u00f6rbe vonta a megsz\u00e1llt ter\u00fcletek k\u00f6zigazgat\u00e1s\u00e1t. <\/p>\n<p>Ebben az id\u0151szakban &#8211; az 1944 okt\u00f3bere \u00e9s 1945 m\u00e1rciusa k\u00f6z\u00f6tti f\u00e9l esztend\u0151ben &#8211; szovjet parancsnoka volt Sz\u00e9kelyudvarhelynek, egy bizonyos Makarov alezredes, aki a rendfenntart\u00e1s mellett ez id\u0151 alatt mindennem\u0171 adminisztr\u00e1ci\u00f3s feladatot is ell\u00e1tott. \u00a0\u00a0<\/p>\n<p>Makarovr\u00f3l k\u00e9t t\u00f6rt\u00e9netet is hallottam, egyik vid\u00e1m, a m\u00e1sik szomor\u00fa. Mind kett\u0151 ebben az \u00e1tmeneti id\u0151ben t\u00f6rt\u00e9nt. <\/p>\n<p>Az udvarhelyi sz\u00ednj\u00e1tsz\u00f3k a J\u00e1nos vit\u00e9zt vitt\u00e9k sz\u00ednre, amelynek egyik jelenetben husz\u00e1rok j\u00f6nnek be a sz\u00ednre a magyar z\u00e1szl\u00f3val. Ehhez azonban enged\u00e9ly kellett Makarov elvt\u00e1rst\u00f3l. <\/p>\n<p>Fel is ment a k\u00fcld\u00f6tts\u00e9g a v\u00e1rosh\u00e1z\u00e1ra enged\u00e9lyt k\u00e9rni a szovjet helytart\u00f3t\u00f3l. Egy oroszul tud\u00f3 tolm\u00e1cs &#8211; v\u00e9lhet\u0151en id\u0151sebb ember, aki az els\u0151 vil\u00e1gh\u00e1bor\u00fat k\u00f6vet\u0151en orosz fogs\u00e1gban t\u00f6lthetetett hosszabb id\u0151t, ahol \u00f6nhib\u00e1j\u00e1n k\u00edv\u00fcl saj\u00e1t\u00edthatta el a nyelvet &#8211; el\u0151adta a sz\u00ednj\u00e1tsz\u00f3k \u00f3haj\u00e1t. <\/p>\n<p>Makarov v\u00e9gigp\u00e1szt\u00e1zta szem\u00e9vel az el\u0151tte sorakoz\u00f3 m\u0171kedvel\u0151 sz\u00edn\u00e9szeket, kedvesen b\u00f3logatott, majd a tintatart\u00f3ba m\u00e1rtotta penn\u00e1j\u00e1t. Egy mozdulattal kih\u00fazta a k\u00e9r\u00e9sen szerepl\u0151 r\u00f3mai egyest, \u00e9s oda\u00edrta, hogy &#8216;dv\u00e1&#8217;, vagyis kett\u0151.\u00a0Ily m\u00f3don k\u00e9t magyar nemzeti z\u00e1szl\u00f3val vonulhattak be a husz\u00e1rok a sz\u00ednpadra.<\/p>\n<div style=\"text-align: center;\"><img loading=\"lazy\" decoding=\"async\" src=\"http:\/\/archivum.eloszekelyfold.ro\/wp-content\/uploads\/2021\/12\/szovjet_zabralok.jpg\" width=\"500\" height=\"376\" alt=\"\"><\/div>\n<p>\nA m\u00e1sik t\u00f6rt\u00e9net szomor\u00fabb. <\/p>\n<p>Szombatfalv\u00e1n, az Ugron-k\u00fari\u00e1val szemben l\u00e9v\u0151 telken tal\u00e1lhat\u00f3k az 1944 \u0151sz\u00e9n Udvarhely k\u00f6rny\u00e9k\u00e9n elesett szovjet katon\u00e1k s\u00edreml\u00e9kei. <\/p>\n<p>Azt mes\u00e9lik, azok k\u00f6z\u00fcl n\u00e9h\u00e1nyan elesettet kor\u00e1bban a k\u00f6zponti parkban temettek el. Ugyanis az orosz katon\u00e1k a v\u00e1rosba \u00e9rkezve azt hitt\u00e9k, nekik itt mindent szabad. Egyre m\u00e1sra fogdost\u00e1k \u00f6ssze a l\u00e1nyokat, asszonyokat az utc\u00e1n, \u00e9s cs\u00fafot \u0171ztek bel\u0151l\u00fck. Az a sz\u00f3besz\u00e9d j\u00e1rja, hogy Makarov megel\u00e9gelte a katon\u00e1k gar\u00e1zd\u00e1lkod\u00e1s\u00e1t, \u00e9s maga \u00edt\u00e9lkezett a b\u0171n\u00f6s\u00f6k felett, a stat\u00e1ri\u00e1lis \u00e1llapotban \u00e1ll\u00edt\u00f3lag saj\u00e1t fegyver\u00e9vel l\u0151tte le az er\u0151szakoskod\u00f3kat.<\/p>\n<div style=\"text-align: center;\"><img loading=\"lazy\" decoding=\"async\" src=\"http:\/\/archivum.eloszekelyfold.ro\/wp-content\/uploads\/2021\/12\/szovjet_eroszakoskodok.jpg\" width=\"500\" height=\"282\" alt=\"\"><\/div>\n<p>\n<em>K\u00e9peink illusztr\u00e1ci\u00f3k. A felv\u00e9telek b\u00e1rmelyik erd\u00e9lyi vagy magyarorsz\u00e1gi v\u00e1rosban k\u00e9sz\u00fclhettek volna.<\/em><\/p>\n<div><em>Bal\u00e1zs \u00c1rp\u00e1d\/ \u00c9l\u0151 Sz\u00e9kelyf\u00f6ld Munkacsoport<\/em><\/div>\n<div>\u00a0<\/div>\n<\/p><\/div>\n","protected":false},"excerpt":{"rendered":"<p>A rom\u00e1nok m\u00e1sodik vil\u00e1gh\u00e1bor\u00fab\u00f3l val\u00f3 kiugr\u00e1sa ut\u00e1n a szovjet \u00e9s a rom\u00e1n hadsereg fokozatosan kiszor\u00edtotta a n\u00e9met-magyar csapatokat a Sz\u00e9kelyf\u00f6ld ter\u00fclet\u00e9r\u0151l. 1944 szeptember m\u00e1sodik fel\u00e9ben, illet\u0151leg okt\u00f3ber\u00e9ben, miut\u00e1n a f\u00e9lkatonai Maniu-g\u00e1rd\u00e1k v\u00e9rengz\u00e9sekkel egybek\u00f6t\u00f6tt fosztogat\u00e1sokkal lehetetlen\u00edtett\u00e9k el az \u00e9letet, az els\u0151 demokratikus v\u00e1laszt\u00e1sokig a szovjet hadsereg saj\u00e1t hat\u00e1sk\u00f6rbe vonta a megsz\u00e1llt ter\u00fcletek k\u00f6zigazgat\u00e1s\u00e1t. Ebben az id\u0151szakban [&hellip;]<\/p>\n","protected":false},"author":1,"featured_media":28392,"comment_status":"open","ping_status":"open","sticky":false,"template":"","format":"standard","meta":{"footnotes":""},"categories":[],"tags":[],"class_list":["post-28391","post","type-post","status-publish","format-standard","has-post-thumbnail","hentry"],"_links":{"self":[{"href":"https:\/\/archivum.eloszekelyfold.ro\/index.php\/wp-json\/wp\/v2\/posts\/28391","targetHints":{"allow":["GET"]}}],"collection":[{"href":"https:\/\/archivum.eloszekelyfold.ro\/index.php\/wp-json\/wp\/v2\/posts"}],"about":[{"href":"https:\/\/archivum.eloszekelyfold.ro\/index.php\/wp-json\/wp\/v2\/types\/post"}],"author":[{"embeddable":true,"href":"https:\/\/archivum.eloszekelyfold.ro\/index.php\/wp-json\/wp\/v2\/users\/1"}],"replies":[{"embeddable":true,"href":"https:\/\/archivum.eloszekelyfold.ro\/index.php\/wp-json\/wp\/v2\/comments?post=28391"}],"version-history":[{"count":0,"href":"https:\/\/archivum.eloszekelyfold.ro\/index.php\/wp-json\/wp\/v2\/posts\/28391\/revisions"}],"wp:featuredmedia":[{"embeddable":true,"href":"https:\/\/archivum.eloszekelyfold.ro\/index.php\/wp-json\/wp\/v2\/media\/28392"}],"wp:attachment":[{"href":"https:\/\/archivum.eloszekelyfold.ro\/index.php\/wp-json\/wp\/v2\/media?parent=28391"}],"wp:term":[{"taxonomy":"category","embeddable":true,"href":"https:\/\/archivum.eloszekelyfold.ro\/index.php\/wp-json\/wp\/v2\/categories?post=28391"},{"taxonomy":"post_tag","embeddable":true,"href":"https:\/\/archivum.eloszekelyfold.ro\/index.php\/wp-json\/wp\/v2\/tags?post=28391"}],"curies":[{"name":"wp","href":"https:\/\/api.w.org\/{rel}","templated":true}]}}