{"id":28389,"date":"2021-12-13T04:43:00","date_gmt":"2021-12-13T04:43:00","guid":{"rendered":"http:\/\/archivum.eloszekelyfold.ro\/2021\/12\/13\/digitalis-vezetok-strategiai-liderek-konferencia\/"},"modified":"2021-12-13T04:43:00","modified_gmt":"2021-12-13T04:43:00","slug":"digitalis-vezetok-strategiai-liderek-konferencia","status":"publish","type":"post","link":"https:\/\/archivum.eloszekelyfold.ro\/index.php\/2021\/12\/13\/digitalis-vezetok-strategiai-liderek-konferencia\/","title":{"rendered":"Digit\u00e1lis vezet\u0151k, strat\u00e9giai l\u00edderek &#8211; konferencia"},"content":{"rendered":"<p><\/p>\n<div style=\"color:#666666; font-family:inherit; font-size:14px;font-style: normal;text-align:left;line-height:24px;\">\n<div style=\"float:left\"><img decoding=\"async\" src=\"http:\/\/archivum.eloszekelyfold.ro\/wp-content\/uploads\/2021\/12\/558_rmue_logo.jpg\" alt=\"Digit\u00e1lis vezet\u0151k, strat\u00e9giai l\u00edderek - konferencia \" style=\"padding-right:14px; padding-bottom:6px; padding-top:6px;\" width=\"320px\"><\/div>\n<p>                              A Rom\u00e1niai Magyar \u00dczletemberek Egyes\u00fclete (RM\u00dcE) gazdas\u00e1gi konferenci\u00e1t \u00e9s \u00fczletember-konferenci\u00e1t szervez Marosv\u00e1s\u00e1rhelyen november 17-18-\u00e1n, a K\u00f6peczi-Teleki H\u00e1zban (Szentgy\u00f6rgy\/ T. Vladimirescu u. 1.).\u00a0<\/p>\n<p>Ez a program az RM\u00dcE \u00e9s Magyarorsz\u00e1g Cs\u00edkszeredai F\u0151konzul\u00e1tus\u00e1val egy\u00fcttm\u0171k\u00f6d\u00e9sben val\u00f3sul meg.\u00a0<\/p>\n<p>A r\u00e9szletes program <a href=\"http:\/\/85.204.99.154\/~hungarianbusines\/wp-content\/uploads\/2016\/10\/RM%C3%9CE-Program-Marosv%C3%A1s%C3%A1hely-nov.-17-18..pdf\"><strong><span style=\"color: rgb(255, 0, 0);\">ITT<\/span><\/strong><\/a>\u00a0tal\u00e1lhat\u00f3.<\/p>\n<p>Ez a program az RM\u00dcE \u00e9s Magyarorsz\u00e1g Cs\u00edkszeredai F\u0151konzul\u00e1tus\u00e1val egy\u00fcttm\u0171k\u00f6d\u00e9sben val\u00f3sul meg.\u00a0<\/p>\n<div>\u00a0<\/div>\n<div>A Digit\u00e1lis vezet\u0151k, strat\u00e9giai l\u00edderek c\u00edmet visel\u0151\u00a0rendezv\u00e9ny f\u0151 t\u00e9m\u00e1ja a v\u00e1llalatvezet\u0151k k\u00f6r\u00e9 fon\u00f3dik: vezet\u0151i strat\u00e9gi\u00e1k, a vezet\u0151k kih\u00edv\u00e1sai a rohamosan fejl\u0151d\u0151 digit\u00e1lis korban, valamint k\u00fcl\u00f6nb\u00f6z\u0151 vezet\u0151i st\u00edlusokr\u00f3l is l\u00e1thatnak p\u00e9ld\u00e1kat a r\u00e9sztvev\u0151k.<\/div>\n<div>\u00a0<\/div>\n<div><strong>A bejelentkez\u00e9s hat\u00e1rideje november 15.\u00a0<\/strong><\/div>\n<div>\u00a0<\/div>\n<div>Regisztr\u00e1lni a k\u00f6vetkez\u0151 linken lehet <a href=\"https:\/\/docs.google.com\/forms\/d\/e\/1FAIpQLSdzK2qHPerPPK5D7oVfPsieo5mYuM9Y5U03nQBYiTs6JoQo1Q\/viewform?c=0&#038;w=1\"><strong><span style=\"color: rgb(255, 0, 0);\">ITT<\/span><\/strong><\/a>.<br \/>\n\u00a0<\/div>\n<div style=\"text-align: center;\"><img loading=\"lazy\" decoding=\"async\" src=\"http:\/\/archivum.eloszekelyfold.ro\/wp-content\/uploads\/2021\/12\/rmue_konferencia.jpg\" width=\"580\" height=\"221\" alt=\"\"><\/div>\n<div>\u00a0<\/div>\n<div><strong>Az el\u0151ad\u00f3kr\u00f3l \u00e9s t\u00e9m\u00e1kr\u00f3l<\/strong><\/div>\n<div>\u00a0<\/div>\n<div><em>Kosza Al\u00edz \u00fczleti mentor, strat\u00e9ga &#8211; Strat\u00e9giai leadership<\/em><\/div>\n<div>\u00a0<\/div>\n<div>Kosza Al\u00edz egy olyan egyedi \u00e9s praktikus el\u0151ad\u00e1ssal, interakt\u00edv programmal k\u00e9sz\u00fcl, amelyben kit\u00e9r a H2H (human to human) koncepci\u00f3j\u00e1ra, a v\u00e1llalaton bel\u00fcli param\u00e9terek k\u00f6zti egyens\u00falyra (hard\/soft param\u00e9terek), valamint tippeket ad az ide\u00e1lis vezet\u0151v\u00e9 v\u00e1l\u00e1shoz p\u00e9ld\u00e1k, esettanulm\u00e1nyok seg\u00edts\u00e9g\u00e9vel.<\/div>\n<div>\u00a0<\/div>\n<div>A t\u00f6bb mint 36 \u00e9v szakmai tapasztalattal rendelkez\u0151 Kosza Al\u00edz \u00fczleti mentor \u00e9s strat\u00e9ga Rom\u00e1nia \u00a0egyik legtapasztaltabb \u00fczletasszonya, aki 25 \u00e9v alatt olyan nagy v\u00e1llalkoz\u00e1sokat vezetett, mint az Orkla Foods Romania, MOL Romania vagy a Fabryo Corporation. Emellett 16 m\u00e1s ipar\u00e1g v\u00e1llalkoz\u00e1sainak fejleszt\u00e9s\u00e9hez \u00e9s innov\u00e1l\u00e1s\u00e1hoz j\u00e1rult hozz\u00e1.<\/div>\n<div>\u00a0<\/div>\n<div>2012 \u00f3ta \u00fczleti mentor \u00e9s strat\u00e9ga, tapasztalatait \u00e9s \u00fczleti elveit \u00e1tadva azoknak a v\u00e1llalkoz\u00f3knak \u00e9s menedzsereknek, akik a v\u00e1llalatvezet\u00e9s, az \u00e1tszervez\u00e9s, a helyesen be\u00e9p\u00edtett strat\u00e9gi\u00e1k \u00e9s a hossz\u00fat\u00e1von fenntarthat\u00f3 \u00fczleti modellekre alapul\u00f3 hat\u00e9kony \u00e9s gyakorlatias megk\u00f6zel\u00edt\u00e9s \u00e1ltal szeretn\u00e9k \u00fajraszabni v\u00e1llalkoz\u00e1sukat.<\/div>\n<div>\u00a0<\/div>\n<div>Al\u00edz a m\u00e1r h\u00e1rom \u00e9ve l\u00e9tez\u0151 L\u00e9lek az \u00dczletben Konferenci\u00e1k (Conferin\u021bele Sufletul \u00een Business) m\u00e1rka megalkot\u00f3ja.<\/div>\n<div>\u00a0<\/div>\n<div><em>Botha Levente \u00e9s T\u00f3th Attila &#8211; Digit\u00e1lis vezet\u0151k<\/em><\/div>\n<div>\u00a0<\/div>\n<div>Botha Levente (Skype bejelentkez\u00e9s) \u00e9s T\u00f3th Attila egy olyan el\u0151ad\u00e1ssal k\u00e9sz\u00fclnek, amely hangs\u00falyozza a vezet\u0151k \u00e1talakul\u00e1s\u00e1nak, igazod\u00e1s\u00e1nak fontoss\u00e1g\u00e1t a digit\u00e1lis v\u00e1ltoz\u00e1sok kor\u00e1ban. A praktikus, esettanulm\u00e1nyokra alapul\u00f3 el\u0151ad\u00e1s gyakorlati tippeket ad a v\u00e1llalatvezet\u0151knek a digitaliz\u00e1ci\u00f3s folyamatban val\u00f3 navig\u00e1l\u00e1shoz, a digitaliz\u00e1l\u00e1s ny\u00fajtotta lehet\u0151s\u00e9gek felismer\u00e9s\u00e9hez \u00e9s kiakn\u00e1z\u00e1s\u00e1hoz, valamint a digit\u00e1lis rendszerekbe bevitt adathalmazok hat\u00e9kony felhaszn\u00e1l\u00e1s\u00e1hoz.<\/div>\n<div>\u00a0<\/div>\n<div><em>Panelbesz\u00e9lget\u00e9s: Vezet\u0151i st\u00edlusok ment\u00e9n<\/em><\/div>\n<div>\u00a0<\/div>\n<div>Besz\u00e9lgetnek: Di\u00f3si L\u00e1szl\u00f3 eln\u00f6k, RM\u00dcE, vez\u00e9rigazgat\u00f3, OTP Bank Rom\u00e1nia; Albert Attila vez\u00e9rigazgat\u00f3, Bioeel; Mosneagu Andrea, Eurolog Network Logistics Services (a sor a k\u00f6vetkez\u0151kben tov\u00e1bb b\u0151v\u00fcl).<br \/>\n\u00a0<\/div>\n<div style=\"text-align: center;\"><a href=\"http:\/\/www.hungarianbusiness.ro\/\"><span style=\"color: rgb(255, 0, 0);\"><strong>www.hungarianbusiness.ro<\/strong><\/span><\/a><\/div>\n<div>\u00a0<\/div>\n<div>R\u00e9szletes program hamarosan!<\/p>\n<p><em>\u00c9l\u0151 Sz\u00e9kelyf\u00f6ld Munkacsoport<\/em><\/div>\n<\/p><\/div>\n","protected":false},"excerpt":{"rendered":"<p>A Rom\u00e1niai Magyar \u00dczletemberek Egyes\u00fclete (RM\u00dcE) gazdas\u00e1gi konferenci\u00e1t \u00e9s \u00fczletember-konferenci\u00e1t szervez Marosv\u00e1s\u00e1rhelyen november 17-18-\u00e1n, a K\u00f6peczi-Teleki H\u00e1zban (Szentgy\u00f6rgy\/ T. Vladimirescu u. 1.).\u00a0 Ez a program az RM\u00dcE \u00e9s Magyarorsz\u00e1g Cs\u00edkszeredai F\u0151konzul\u00e1tus\u00e1val egy\u00fcttm\u0171k\u00f6d\u00e9sben val\u00f3sul meg.\u00a0 A r\u00e9szletes program ITT\u00a0tal\u00e1lhat\u00f3. Ez a program az RM\u00dcE \u00e9s Magyarorsz\u00e1g Cs\u00edkszeredai F\u0151konzul\u00e1tus\u00e1val egy\u00fcttm\u0171k\u00f6d\u00e9sben val\u00f3sul meg.\u00a0 \u00a0 A Digit\u00e1lis vezet\u0151k, strat\u00e9giai [&hellip;]<\/p>\n","protected":false},"author":1,"featured_media":28390,"comment_status":"open","ping_status":"open","sticky":false,"template":"","format":"standard","meta":{"footnotes":""},"categories":[],"tags":[],"class_list":["post-28389","post","type-post","status-publish","format-standard","has-post-thumbnail","hentry"],"_links":{"self":[{"href":"https:\/\/archivum.eloszekelyfold.ro\/index.php\/wp-json\/wp\/v2\/posts\/28389","targetHints":{"allow":["GET"]}}],"collection":[{"href":"https:\/\/archivum.eloszekelyfold.ro\/index.php\/wp-json\/wp\/v2\/posts"}],"about":[{"href":"https:\/\/archivum.eloszekelyfold.ro\/index.php\/wp-json\/wp\/v2\/types\/post"}],"author":[{"embeddable":true,"href":"https:\/\/archivum.eloszekelyfold.ro\/index.php\/wp-json\/wp\/v2\/users\/1"}],"replies":[{"embeddable":true,"href":"https:\/\/archivum.eloszekelyfold.ro\/index.php\/wp-json\/wp\/v2\/comments?post=28389"}],"version-history":[{"count":0,"href":"https:\/\/archivum.eloszekelyfold.ro\/index.php\/wp-json\/wp\/v2\/posts\/28389\/revisions"}],"wp:featuredmedia":[{"embeddable":true,"href":"https:\/\/archivum.eloszekelyfold.ro\/index.php\/wp-json\/wp\/v2\/media\/28390"}],"wp:attachment":[{"href":"https:\/\/archivum.eloszekelyfold.ro\/index.php\/wp-json\/wp\/v2\/media?parent=28389"}],"wp:term":[{"taxonomy":"category","embeddable":true,"href":"https:\/\/archivum.eloszekelyfold.ro\/index.php\/wp-json\/wp\/v2\/categories?post=28389"},{"taxonomy":"post_tag","embeddable":true,"href":"https:\/\/archivum.eloszekelyfold.ro\/index.php\/wp-json\/wp\/v2\/tags?post=28389"}],"curies":[{"name":"wp","href":"https:\/\/api.w.org\/{rel}","templated":true}]}}