{"id":28387,"date":"2021-12-13T04:41:00","date_gmt":"2021-12-13T04:41:00","guid":{"rendered":"http:\/\/archivum.eloszekelyfold.ro\/2021\/12\/13\/szilagyi-domokos-napok-2016\/"},"modified":"2021-12-13T04:41:00","modified_gmt":"2021-12-13T04:41:00","slug":"szilagyi-domokos-napok-2016","status":"publish","type":"post","link":"https:\/\/archivum.eloszekelyfold.ro\/index.php\/2021\/12\/13\/szilagyi-domokos-napok-2016\/","title":{"rendered":"Szil\u00e1gyi Domokos-napok 2016"},"content":{"rendered":"<p><\/p>\n<div style=\"color:#666666; font-family:inherit; font-size:14px;font-style: normal;text-align:left;line-height:24px;\">\n<div style=\"float:left\"><img decoding=\"async\" src=\"http:\/\/archivum.eloszekelyfold.ro\/wp-content\/uploads\/2021\/12\/559_szisz.jpg\" alt=\"Szil\u00e1gyi Domokos-napok 2016\" style=\"padding-right:14px; padding-bottom:6px; padding-top:6px;\" width=\"320px\"><\/div>\n<p>                              \u00a0A XI. Szil\u00e1gyi Domokos Napok november 3-\u00e1n veszi kezdet\u00e9t Szatm\u00e1rn\u00e9metiben a k\u00f6lt\u0151 hal\u00e1l\u00e1nak 40. \u00e9vfordul\u00f3ja alkalm\u00e1b\u00f3l. <\/p>\n<p>El\u0151ad\u00f3k lesznek t\u00f6bbek k\u00f6zt Bertha Zolt\u00e1n, D\u00e1vid Gyula, J\u00e1nosi Zolt\u00e1n, Korpa Tam\u00e1s, Muzsnay \u00c1rp\u00e1d, P\u00e9csi Gy\u00f6rgyi \u00e9s Pomog\u00e1ts B\u00e9la.<\/p>\n<p>A programsorozat keret\u00e9ben megeml\u00e9kez\u00e9st tartanak Nagysomk\u00faton, Batizon, Szatm\u00e1ron \u00e9s Kolozsv\u00e1ron. <\/p>\n<p>Konferenci\u00e1val, kerekasztal-besz\u00e9lget\u00e9ssel, \u00f6kumenikus istentisztelettel \u00e9s koszor\u00faz\u00e1ssal is eml\u00e9keznek a tragikus k\u00f6r\u00fclm\u00e9nyek k\u00f6z\u00f6tt, \u00e9let\u00e9nek 39. \u00e9v\u00e9ben, 1976. november 2-\u00e1n elhunyt k\u00f6lt\u0151re.<\/p>\n<div style=\"text-align: center;\">\n<img loading=\"lazy\" decoding=\"async\" src=\"http:\/\/archivum.eloszekelyfold.ro\/wp-content\/uploads\/2021\/12\/szilagyi_plakat(3).jpg\" width=\"700\" height=\"985\" alt=\"\"><br \/>\n\u00a0<\/div>\n<\/p><\/div>\n","protected":false},"excerpt":{"rendered":"<p>\u00a0A XI. Szil\u00e1gyi Domokos Napok november 3-\u00e1n veszi kezdet\u00e9t Szatm\u00e1rn\u00e9metiben a k\u00f6lt\u0151 hal\u00e1l\u00e1nak 40. \u00e9vfordul\u00f3ja alkalm\u00e1b\u00f3l. El\u0151ad\u00f3k lesznek t\u00f6bbek k\u00f6zt Bertha Zolt\u00e1n, D\u00e1vid Gyula, J\u00e1nosi Zolt\u00e1n, Korpa Tam\u00e1s, Muzsnay \u00c1rp\u00e1d, P\u00e9csi Gy\u00f6rgyi \u00e9s Pomog\u00e1ts B\u00e9la. A programsorozat keret\u00e9ben megeml\u00e9kez\u00e9st tartanak Nagysomk\u00faton, Batizon, Szatm\u00e1ron \u00e9s Kolozsv\u00e1ron. Konferenci\u00e1val, kerekasztal-besz\u00e9lget\u00e9ssel, \u00f6kumenikus istentisztelettel \u00e9s koszor\u00faz\u00e1ssal is eml\u00e9keznek a tragikus [&hellip;]<\/p>\n","protected":false},"author":1,"featured_media":28388,"comment_status":"open","ping_status":"open","sticky":false,"template":"","format":"standard","meta":{"footnotes":""},"categories":[],"tags":[],"class_list":["post-28387","post","type-post","status-publish","format-standard","has-post-thumbnail","hentry"],"_links":{"self":[{"href":"https:\/\/archivum.eloszekelyfold.ro\/index.php\/wp-json\/wp\/v2\/posts\/28387","targetHints":{"allow":["GET"]}}],"collection":[{"href":"https:\/\/archivum.eloszekelyfold.ro\/index.php\/wp-json\/wp\/v2\/posts"}],"about":[{"href":"https:\/\/archivum.eloszekelyfold.ro\/index.php\/wp-json\/wp\/v2\/types\/post"}],"author":[{"embeddable":true,"href":"https:\/\/archivum.eloszekelyfold.ro\/index.php\/wp-json\/wp\/v2\/users\/1"}],"replies":[{"embeddable":true,"href":"https:\/\/archivum.eloszekelyfold.ro\/index.php\/wp-json\/wp\/v2\/comments?post=28387"}],"version-history":[{"count":0,"href":"https:\/\/archivum.eloszekelyfold.ro\/index.php\/wp-json\/wp\/v2\/posts\/28387\/revisions"}],"wp:featuredmedia":[{"embeddable":true,"href":"https:\/\/archivum.eloszekelyfold.ro\/index.php\/wp-json\/wp\/v2\/media\/28388"}],"wp:attachment":[{"href":"https:\/\/archivum.eloszekelyfold.ro\/index.php\/wp-json\/wp\/v2\/media?parent=28387"}],"wp:term":[{"taxonomy":"category","embeddable":true,"href":"https:\/\/archivum.eloszekelyfold.ro\/index.php\/wp-json\/wp\/v2\/categories?post=28387"},{"taxonomy":"post_tag","embeddable":true,"href":"https:\/\/archivum.eloszekelyfold.ro\/index.php\/wp-json\/wp\/v2\/tags?post=28387"}],"curies":[{"name":"wp","href":"https:\/\/api.w.org\/{rel}","templated":true}]}}