{"id":28385,"date":"2021-12-13T04:39:00","date_gmt":"2021-12-13T04:39:00","guid":{"rendered":"http:\/\/archivum.eloszekelyfold.ro\/2021\/12\/13\/nyugtaval-dicserd-a-napot\/"},"modified":"2021-12-13T04:39:00","modified_gmt":"2021-12-13T04:39:00","slug":"nyugtaval-dicserd-a-napot","status":"publish","type":"post","link":"https:\/\/archivum.eloszekelyfold.ro\/index.php\/2021\/12\/13\/nyugtaval-dicserd-a-napot\/","title":{"rendered":"Nyugt\u00e1val dics\u00e9rd a napot!"},"content":{"rendered":"<p><\/p>\n<div style=\"color:#666666; font-family:inherit; font-size:14px;font-style: normal;text-align:left;line-height:24px;\">\n<div style=\"float:left\"><img decoding=\"async\" src=\"http:\/\/archivum.eloszekelyfold.ro\/wp-content\/uploads\/2021\/12\/560_Nyugta_daruind_vei_dobandi.jpg\" alt=\"Nyugt\u00e1val dics\u00e9rd a napot!\" style=\"padding-right:14px; padding-bottom:6px; padding-top:6px;\" width=\"320px\"><\/div>\n<p>                              Gyermekeink elismerv\u00e9nnyel \u00e9rkeztek haza p\u00e1r nappal kor\u00e1bban az iskol\u00e1b\u00f3l. <\/p>\n<p>Elmondt\u00e1k, hogy az oszt\u00e1lyban, tan\u00f3r\u00e1n kereste fel \u0151ket egy civil aktivista. A t\u00e1jidegen ember t\u00e1voli szerencs\u00e9tlenekr\u0151l besz\u00e9lt, hat\u00e1svad\u00e1sz fot\u00f3kat mutatott olyan felebar\u00e1tainkr\u00f3l, akiknek seg\u00edts\u00e9gre van sz\u00fcks\u00e9ge. <\/p>\n<p>A m\u00f3dszert \u00edzl\u00e9stelennek \u00e9s agressz\u00edvnek tal\u00e1lom. Vagy m\u00e9gsem az? Sz\u00fcl\u0151k\u00e9nt t\u00fal vaskalapos \u00e9s konzervat\u00edv vagyok?<\/p>\n<p>De m\u00e9gis munk\u00e1l bennem a k\u00edv\u00e1ncsis\u00e1g: mit keresett kiskor\u00faak k\u00f6r\u00e9ben ez az ember? Ki engedte be \u0151t az \u00f3r\u00e1kra? Mi\u00e9rt hagynak j\u00f3v\u00e1 ilyesmit azokban az int\u00e9zm\u00e9nyekben, amelyek fel\u00faj\u00edt\u00e1sa \u00e9vek \u00f3ta v\u00e1rat mag\u00e1ra, s f\u00e9l\u0151, hogy a falakr\u00f3l lehull\u00f3 t\u00e9gla- \u00e9s k\u0151darabok b\u00e1rmelyik pillanatban megnyomor\u00edthatnak b\u00e1rkit az dolgoz\u00f3 pedag\u00f3gusok vagy a di\u00e1kok k\u00f6z\u00fcl&#8230;\u00a0<\/p>\n<p>A &#8216;Nyugt\u00e1val dics\u00e9rd a napot!&#8217; mond\u00e1st olyankor haszn\u00e1ljuk, amikor egy esem\u00e9ny vagy jelens\u00e9g nem \u00e9rt v\u00e9get, amikor m\u00e9g nem l\u00e1tni a boldog vagy szerencs\u00e9tlen, de mindenk\u00e9pp bek\u00f6vetkez\u0151 v\u00e9gkifejletet. <\/p>\n<p>Amikor azonban nyugt\u00e1t, azaz elismerv\u00e9nyt, &#8216;b\u00f3nt&#8217; kapunk\/ adunk valamir\u0151l, az m\u00e1r meger\u0151s\u00edt minket abban a tudatban, hogy napnyugta el\u0151tt elrendez\u0151d\u00f6tt valami. Egy megt\u00f6rt\u00e9nt aktust igazol a bizonylat. Odaadtuk, kifizett\u00fck, ler\u00f3ttuk. T\u00fal vagyunk valamin. Megel\u0151legezt\u00fcnk egy szolg\u00e1ltat\u00e1st, vett\u00fcnk valamit, amit a kedvezm\u00e9nyezett elismert, de az \u00edg\u00e9ret sok esetben csak napnyugta ut\u00e1n, holnap, holnaput\u00e1n, esetleg a k\u00f6zeli vagy t\u00e1volabbi id\u0151ben, valamikor l\u00e1tjuk majd t\u00e1rgyiasulni. Sz\u00f3val a nyugta egy szimb\u00f3lum, gyakran csak a virtu\u00e1lis vil\u00e1gban, valakiknek a k\u00e9pzelet\u00e9ben l\u00e9tezik a benne megnevezett t\u00e1rgy, illet\u0151leg a c\u00e9l.<\/p>\n<p>Vajon mif\u00e9le konkr\u00e9t elk\u00e9pzel\u00e9s vez\u00e9relhette e lelkes civileket, akik v\u00e9gigh\u00e1zalt\u00e1k int\u00e9zm\u00e9nyeinket? Mibe \u00e9p\u00fclnek be ezek a p\u00e9nzecsk\u00e9k, amelyet j\u00f3sz\u00edv\u0171en, akaratunk ellen\u00e9re vontak meg magunkt\u00f3l kiskor\u00fa gyermekeink. Rem\u00e9lj\u00fck, nemes c\u00e9lt szolg\u00e1lhat majd az \u00f6nzetlens\u00e9g.<\/p>\n<p><em>Sim\u00f3 M\u00e1rton\/ \u00c9l\u0151 Sz\u00e9kelyf\u00f6ld Munkacsoport<\/em><\/p>\n<p>\u00a0\n                        <\/p><\/div>\n","protected":false},"excerpt":{"rendered":"<p>Gyermekeink elismerv\u00e9nnyel \u00e9rkeztek haza p\u00e1r nappal kor\u00e1bban az iskol\u00e1b\u00f3l. Elmondt\u00e1k, hogy az oszt\u00e1lyban, tan\u00f3r\u00e1n kereste fel \u0151ket egy civil aktivista. A t\u00e1jidegen ember t\u00e1voli szerencs\u00e9tlenekr\u0151l besz\u00e9lt, hat\u00e1svad\u00e1sz fot\u00f3kat mutatott olyan felebar\u00e1tainkr\u00f3l, akiknek seg\u00edts\u00e9gre van sz\u00fcks\u00e9ge. A m\u00f3dszert \u00edzl\u00e9stelennek \u00e9s agressz\u00edvnek tal\u00e1lom. Vagy m\u00e9gsem az? Sz\u00fcl\u0151k\u00e9nt t\u00fal vaskalapos \u00e9s konzervat\u00edv vagyok? De m\u00e9gis munk\u00e1l bennem a [&hellip;]<\/p>\n","protected":false},"author":1,"featured_media":28386,"comment_status":"open","ping_status":"open","sticky":false,"template":"","format":"standard","meta":{"footnotes":""},"categories":[],"tags":[],"class_list":["post-28385","post","type-post","status-publish","format-standard","has-post-thumbnail","hentry"],"_links":{"self":[{"href":"https:\/\/archivum.eloszekelyfold.ro\/index.php\/wp-json\/wp\/v2\/posts\/28385","targetHints":{"allow":["GET"]}}],"collection":[{"href":"https:\/\/archivum.eloszekelyfold.ro\/index.php\/wp-json\/wp\/v2\/posts"}],"about":[{"href":"https:\/\/archivum.eloszekelyfold.ro\/index.php\/wp-json\/wp\/v2\/types\/post"}],"author":[{"embeddable":true,"href":"https:\/\/archivum.eloszekelyfold.ro\/index.php\/wp-json\/wp\/v2\/users\/1"}],"replies":[{"embeddable":true,"href":"https:\/\/archivum.eloszekelyfold.ro\/index.php\/wp-json\/wp\/v2\/comments?post=28385"}],"version-history":[{"count":0,"href":"https:\/\/archivum.eloszekelyfold.ro\/index.php\/wp-json\/wp\/v2\/posts\/28385\/revisions"}],"wp:featuredmedia":[{"embeddable":true,"href":"https:\/\/archivum.eloszekelyfold.ro\/index.php\/wp-json\/wp\/v2\/media\/28386"}],"wp:attachment":[{"href":"https:\/\/archivum.eloszekelyfold.ro\/index.php\/wp-json\/wp\/v2\/media?parent=28385"}],"wp:term":[{"taxonomy":"category","embeddable":true,"href":"https:\/\/archivum.eloszekelyfold.ro\/index.php\/wp-json\/wp\/v2\/categories?post=28385"},{"taxonomy":"post_tag","embeddable":true,"href":"https:\/\/archivum.eloszekelyfold.ro\/index.php\/wp-json\/wp\/v2\/tags?post=28385"}],"curies":[{"name":"wp","href":"https:\/\/api.w.org\/{rel}","templated":true}]}}