{"id":28383,"date":"2021-12-13T04:37:00","date_gmt":"2021-12-13T04:37:00","guid":{"rendered":"http:\/\/archivum.eloszekelyfold.ro\/2021\/12\/13\/egyutteles-a-hargitai-szalon-kiallitasa\/"},"modified":"2021-12-13T04:37:00","modified_gmt":"2021-12-13T04:37:00","slug":"egyutteles-a-hargitai-szalon-kiallitasa","status":"publish","type":"post","link":"https:\/\/archivum.eloszekelyfold.ro\/index.php\/2021\/12\/13\/egyutteles-a-hargitai-szalon-kiallitasa\/","title":{"rendered":"Egy\u00fctt\u00e9l\u00e9s &#8211; a Hargitai Szalon ki\u00e1ll\u00edt\u00e1sa"},"content":{"rendered":"<p><\/p>\n<div style=\"color:#666666; font-family:inherit; font-size:14px;font-style: normal;text-align:left;line-height:24px;\">\n<div style=\"float:left\"><img decoding=\"async\" src=\"http:\/\/archivum.eloszekelyfold.ro\/wp-content\/uploads\/2021\/12\/561_hargita_szalon_IV.jpg\" alt=\"Egy\u00fctt\u00e9l\u00e9s - a Hargitai Szalon ki\u00e1ll\u00edt\u00e1sa\" style=\"padding-right:14px; padding-bottom:6px; padding-top:6px;\" width=\"320px\"><\/div>\n<p>                              A IV. Hargitai Szalon k\u00e9pz\u0151m\u0171v\u00e9szeti t\u00e1rlat \u00e9s v\u00e1ndorki\u00e1ll\u00edt\u00e1s k\u00f6vetkez\u0151 \u00e1llom\u00e1sa a Sz\u00e9kelyudvarhelyi M\u0171vel\u0151d\u00e9si H\u00e1z. <\/p>\n<p>A t\u00e1rlatra Egy\u00fctt\u00e9l\u00e9s t\u00e9m\u00e1j\u00fa munk\u00e1kkal 38 szerz\u0151 \u00f6sszesen 50 alkot\u00e1ssal nevezett be.\u00a0<\/p>\n<div>\nR\u00e9szt vehetett minden Hargita\u00a0megy\u00e9ben \u00e9l\u0151, ak\u00e1r a megy\u00e9vel szimpatiz\u00e1l\u00f3 vagy innen elsz\u00e1rmazott, aki az orsz\u00e1gos rom\u00e1n vagy m\u00e1s neves k\u00e9pz\u0151m\u0171v\u00e9szeti sz\u00f6vets\u00e9g\u00a0tagja, valamint fels\u0151fok\u00fa k\u00e9pz\u0151m\u0171v\u00e9szeti tanulm\u00e1nyokkal rendelkez\u0151, illetve azt jelenleg v\u00e9gz\u0151 k\u00e9pz\u0151m\u0171v\u00e9sz.<\/p>\n<p>Udvarhelysz\u00e9ki ki\u00e1ll\u00edt\u00f3k: Elekes Gyula, Jakab Andr\u00e1s, Kolumb\u00e1n-Antal Ilonka, Kusztura S\u00e1ndor, Lakatos L\u00e1szl\u00f3, Simon\u00a0B\u00e9la, T\u00f6r\u00f6k Bir\u00f3 Erzs\u00e9bet, T\u00f6r\u00f6k Ferenc, Uliana Gujuman, Vass M\u00e1ria-Magdolna.<\/p>\n<p>A megnyit\u00f3n Sz\u00e9kedi Ferenc m\u0171kritikus gondolatait Bot\u00e1r L\u00e1szl\u00f3, a ki\u00e1ll\u00edt\u00e1s kur\u00e1tora tolm\u00e1csolja. <\/p>\n<p>Az esem\u00e9ny\u00a0h\u00e1zigazd\u00e1ja Elekes Gyula, a M\u0171vel\u0151d\u00e9si H\u00e1z igazgat\u00f3ja.<\/p>\n<p>A ki\u00e1ll\u00edt\u00e1s megnyit\u00f3j\u00e1ra november 2-\u00e1n, szerd\u00e1n,18.00 \u00f3r\u00e1t\u00f3l ker\u00fcl sor.<br \/>\n\u00a0<\/div>\n<div>A t\u00e1rlat megtekinthet\u0151 2016. november 17-ig h\u00e9tk\u00f6znapokon 9.00 \u00e9s 20.00 \u00f3ra, szombaton \u00e9s vas\u00e1rnap 10.00 \u00e9s 13.00 \u00f3ra\u00a0k\u00f6z\u00f6tt.<\/p>\n<p>Ez a \u00a0v\u00e1ndorki\u00e1ll\u00edt\u00e1s a Hargita Megyei Kultur\u00e1lis K\u00f6zpont, Hargita Megye Tan\u00e1csa szervez\u00e9s\u00e9ben a Sz\u00e9kelyudvarhelyi\u00a0M\u0171vel\u0151d\u00e9si H\u00e1z, valamint a Cultura Nostra Egyes\u00fclet t\u00e1rsszervez\u00e9s\u00e9ben \u00e9s Cs\u00edkszereda Megyei Jog\u00fa V\u00e1ros\u00a0t\u00e1mogat\u00e1s\u00e1val j\u00f6hetett l\u00e9tre.<\/p>\n<p><em>\u00c9l\u0151 Sz\u00e9kelyf\u00f6ld Munkacsoport<\/em><\/div>\n<\/p><\/div>\n","protected":false},"excerpt":{"rendered":"<p>A IV. Hargitai Szalon k\u00e9pz\u0151m\u0171v\u00e9szeti t\u00e1rlat \u00e9s v\u00e1ndorki\u00e1ll\u00edt\u00e1s k\u00f6vetkez\u0151 \u00e1llom\u00e1sa a Sz\u00e9kelyudvarhelyi M\u0171vel\u0151d\u00e9si H\u00e1z. A t\u00e1rlatra Egy\u00fctt\u00e9l\u00e9s t\u00e9m\u00e1j\u00fa munk\u00e1kkal 38 szerz\u0151 \u00f6sszesen 50 alkot\u00e1ssal nevezett be.\u00a0 R\u00e9szt vehetett minden Hargita\u00a0megy\u00e9ben \u00e9l\u0151, ak\u00e1r a megy\u00e9vel szimpatiz\u00e1l\u00f3 vagy innen elsz\u00e1rmazott, aki az orsz\u00e1gos rom\u00e1n vagy m\u00e1s neves k\u00e9pz\u0151m\u0171v\u00e9szeti sz\u00f6vets\u00e9g\u00a0tagja, valamint fels\u0151fok\u00fa k\u00e9pz\u0151m\u0171v\u00e9szeti tanulm\u00e1nyokkal rendelkez\u0151, illetve azt jelenleg [&hellip;]<\/p>\n","protected":false},"author":1,"featured_media":28384,"comment_status":"open","ping_status":"open","sticky":false,"template":"","format":"standard","meta":{"footnotes":""},"categories":[],"tags":[],"class_list":["post-28383","post","type-post","status-publish","format-standard","has-post-thumbnail","hentry"],"_links":{"self":[{"href":"https:\/\/archivum.eloszekelyfold.ro\/index.php\/wp-json\/wp\/v2\/posts\/28383","targetHints":{"allow":["GET"]}}],"collection":[{"href":"https:\/\/archivum.eloszekelyfold.ro\/index.php\/wp-json\/wp\/v2\/posts"}],"about":[{"href":"https:\/\/archivum.eloszekelyfold.ro\/index.php\/wp-json\/wp\/v2\/types\/post"}],"author":[{"embeddable":true,"href":"https:\/\/archivum.eloszekelyfold.ro\/index.php\/wp-json\/wp\/v2\/users\/1"}],"replies":[{"embeddable":true,"href":"https:\/\/archivum.eloszekelyfold.ro\/index.php\/wp-json\/wp\/v2\/comments?post=28383"}],"version-history":[{"count":0,"href":"https:\/\/archivum.eloszekelyfold.ro\/index.php\/wp-json\/wp\/v2\/posts\/28383\/revisions"}],"wp:featuredmedia":[{"embeddable":true,"href":"https:\/\/archivum.eloszekelyfold.ro\/index.php\/wp-json\/wp\/v2\/media\/28384"}],"wp:attachment":[{"href":"https:\/\/archivum.eloszekelyfold.ro\/index.php\/wp-json\/wp\/v2\/media?parent=28383"}],"wp:term":[{"taxonomy":"category","embeddable":true,"href":"https:\/\/archivum.eloszekelyfold.ro\/index.php\/wp-json\/wp\/v2\/categories?post=28383"},{"taxonomy":"post_tag","embeddable":true,"href":"https:\/\/archivum.eloszekelyfold.ro\/index.php\/wp-json\/wp\/v2\/tags?post=28383"}],"curies":[{"name":"wp","href":"https:\/\/api.w.org\/{rel}","templated":true}]}}