{"id":28381,"date":"2021-12-13T04:35:00","date_gmt":"2021-12-13T04:35:00","guid":{"rendered":"http:\/\/archivum.eloszekelyfold.ro\/2021\/12\/13\/modositani-kell-romania-alkotmanyat\/"},"modified":"2021-12-13T04:35:00","modified_gmt":"2021-12-13T04:35:00","slug":"modositani-kell-romania-alkotmanyat","status":"publish","type":"post","link":"https:\/\/archivum.eloszekelyfold.ro\/index.php\/2021\/12\/13\/modositani-kell-romania-alkotmanyat\/","title":{"rendered":"M\u00f3dos\u00edtani kell Rom\u00e1nia alkotm\u00e1ny\u00e1t"},"content":{"rendered":"<p><\/p>\n<div style=\"color:#666666; font-family:inherit; font-size:14px;font-style: normal;text-align:left;line-height:24px;\">\n<div style=\"float:left\"><img decoding=\"async\" src=\"http:\/\/archivum.eloszekelyfold.ro\/wp-content\/uploads\/2021\/12\/562_kelemen_hunor_portre.jpg\" alt=\"M\u00f3dos\u00edtani kell Rom\u00e1nia alkotm\u00e1ny\u00e1t\" style=\"padding-right:14px; padding-bottom:6px; padding-top:6px;\" width=\"320px\"><\/div>\n<p>                              Az 1918-as egyes\u00fcl\u00e9s centen\u00e1riumi \u00e9v\u00e9ig, 2018-ig m\u00f3dos\u00edtani kell Rom\u00e1nia alkotm\u00e1ny\u00e1t, belefoglalva a gyulafeh\u00e9rv\u00e1ri nyilatkozatban megfogalmazott \u00edg\u00e9reteket &#8211; nyilatkozta szombaton Nagyv\u00e1radon Kelemen Hunor RMDSZ-eln\u00f6k.<\/p>\n<p>Amennyiben a modern rom\u00e1n \u00e1llam erk\u00f6lcsi \u00e9s jogalapj\u00e1t az 1918-as gyulafeh\u00e9rv\u00e1ri nagygy\u0171l\u00e9s k\u00e9pezi, t\u00f6rv\u00e9nyi er\u0151vel kell b\u00edrniuk azoknak az \u00edg\u00e9reteknek is, amelyeket a kisebbs\u00e9gekre vonatkoz\u00f3an tesz az ott elfogadott nyilatkozat az oktat\u00e1ssal, kult\u00far\u00e1val, k\u00f6zigazgat\u00e1ssal \u00e9s igazs\u00e1gszolg\u00e1ltat\u00e1ssal kapcsolatban \u2014 hangs\u00falyozta a sz\u00f6vets\u00e9gi eln\u00f6k.<\/p>\n<div>\u00a0<\/div>\n<div>Kelemen Hunor elmondta, alakulat\u00e1nak a k\u00f6vetkez\u0151 n\u00e9gy \u00e9vre sz\u00f3l\u00f3 vaskos, 70 oldalas programja n\u00e9gy pill\u00e9rre \u00e9p\u00fcl, kit\u00e9r a\u00a0rom\u00e1niai magyars\u00e1g saj\u00e1tos probl\u00e9m\u00e1ira, a szoci\u00e1lis \u00e9s gazdas\u00e1gi k\u00e9rd\u00e9sekre, a k\u00f6z\u00fati \u00e9s vas\u00fati infrastrukt\u00fara\u00a0problematik\u00e1j\u00e1ra, illetve az oktat\u00e1s k\u00e9rd\u00e9sk\u00f6r\u00e9re is.<\/div>\n<div>\u00a0<\/div>\n<div>&#8222;A k\u00f6zj\u00f3 \u00e9s a magyar k\u00f6z\u00f6ss\u00e9g szolg\u00e1lata a legf\u0151bb c\u00e9l. Nagy elv\u00e1r\u00e1sokat t\u00e1maszt a t\u00e1rsadalom, nek\u00fcnk pedig hiteles\u00a0v\u00e1laszokkal, hiteles projektekkel kell el\u0151\u00e1llnunk. Term\u00e9szetesen semmi olyant nem szeretn\u00e9nk \u00edg\u00e9rni, ami nem\u00a0kivitelezhet\u0151. Az, hogy jelenleg nagyon rossz a politikai oszt\u00e1ly meg\u00edt\u00e9l\u00e9se, a 26 \u00e9ve be nem tartott \u00edg\u00e9retekkel\u00a0is magyar\u00e1zhat\u00f3&#8221; \u2014 tette hozz\u00e1 Kelemen Hunor.<\/div>\n<div>\u00a0<\/div>\n<div>A sz\u00f6vets\u00e9gi eln\u00f6k r\u00e9szt vett az RMDSZ N\u0151szervezet\u00e9nek Nagyv\u00e1radon tartott k\u00fcld\u00f6ttgy\u0171l\u00e9s\u00e9n, amelyen bemutatt\u00e1k az\u00a0alakulat parlamenti v\u00e1laszt\u00e1si list\u00e1in befut\u00f3 helyen szerepl\u0151 n\u0151i jel\u00f6lteket. A N\u0151szervezet eln\u00f6ke, Bir\u00f3 Roz\u00e1lia\u00a0szen\u00e1tor mellett Ambrus Izabella \u00fcgyv\u00e9d, a Brass\u00f3 Megyei Tan\u00e1cs aleln\u00f6ke, Benk\u0151 Erika politol\u00f3gus, Kov\u00e1szna megyei\u00a0tan\u00e1csos, Cs\u00e9p \u00c9va Andrea kommunik\u00e1ci\u00f3s szakember, Maros megyei tan\u00e1csos \u00e9s Heged\u00fcs Csilla volt kultur\u00e1lis\u00a0miniszter kapott m\u00e9g helyet az RMDSZ parlamenti v\u00e1laszt\u00e1si list\u00e1in.<\/div>\n<div>\u00a0<\/div>\n<div>A nagyv\u00e1radi k\u00fcld\u00f6ttgy\u0171l\u00e9sen r\u00e9szt vett az Eur\u00f3pai N\u00e9pp\u00e1rt N\u0151szervezet\u00e9nek eln\u00f6ke, Doris Pack is, aki t\u00e1mogat\u00e1s\u00e1r\u00f3l\u00a0biztos\u00edtotta a sz\u00f6vets\u00e9g n\u0151i jel\u00f6ltjeit. <\/p>\n<p><strong>Kapcsol\u00f3d\u00f3 \u00edr\u00e1sok<br \/>\n<\/strong><a href=\"http:\/\/rmdsz.ro\/\"><br \/>\n<\/a><span style=\"color: rgb(0, 0, 255);\"><strong><a href=\"http:\/\/kulturhon.szhblog.ro\/2011\/12\/01\/mi-is-a-bajunk\/\"><span style=\"color: rgb(51, 102, 255);\"><span style=\"background-color: rgb(255, 255, 255);\">Mi is a bajunk nek\u00fcnk december 1-\u00e9n \u00f6nmagunkkal, a rom\u00e1nokkal \u00e9s a vil\u00e1ggal<\/span><\/span><\/a><\/strong><\/span><strong><\/p>\n<p><\/strong><a href=\"http:\/\/www.rubicon.hu\/magyar\/oldalak\/1918_december_1_a_romanok_gyulafehervari_nagygyulese_kimondja_erdely_elszakadasat\/\"><strong><span style=\"color: rgb(51, 102, 255);\">A rom\u00e1nok 1918. december 1-\u00e9n tett, \u00e1m soha be nem tartott \u00a0\u00edg\u00e9reteir\u0151l<\/span><\/strong><\/a><br \/>\n<a href=\"http:\/\/mult-kor.hu\/20130725_gyulafehervar_ellen_tiltakozott_a_kolozsvari_ellennemzetgyules\"><br \/>\n<\/a><a href=\"http:\/\/mult-kor.hu\/20130725_gyulafehervar_ellen_tiltakozott_a_kolozsvari_ellennemzetgyules\"><strong><span style=\"color: rgb(51, 102, 255);\">A kolozsv\u00e1ri ellen-nemzetgy\u0171l\u00e9s<\/span><\/strong><\/a><\/p>\n<p><a href=\"http:\/\/rmdsz.ro\/\"><span style=\"color: rgb(51, 102, 255);\"><strong>Az RMDSZ honlapja<\/strong><\/span><\/a><\/p>\n<p><em>Kelemen Hunor portr\u00e9ja a politikus szem\u00e9lyes honlapj\u00e1r\u00f3l val\u00f3.<\/em><\/p>\n<p><em>Forr\u00e1s: AGERPRES<\/p>\n<p>\u00c9l\u0151 Sz\u00e9kelyf\u00f6ld Munkacsoport<\/em><\/div>\n<\/p><\/div>\n","protected":false},"excerpt":{"rendered":"<p>Az 1918-as egyes\u00fcl\u00e9s centen\u00e1riumi \u00e9v\u00e9ig, 2018-ig m\u00f3dos\u00edtani kell Rom\u00e1nia alkotm\u00e1ny\u00e1t, belefoglalva a gyulafeh\u00e9rv\u00e1ri nyilatkozatban megfogalmazott \u00edg\u00e9reteket &#8211; nyilatkozta szombaton Nagyv\u00e1radon Kelemen Hunor RMDSZ-eln\u00f6k. Amennyiben a modern rom\u00e1n \u00e1llam erk\u00f6lcsi \u00e9s jogalapj\u00e1t az 1918-as gyulafeh\u00e9rv\u00e1ri nagygy\u0171l\u00e9s k\u00e9pezi, t\u00f6rv\u00e9nyi er\u0151vel kell b\u00edrniuk azoknak az \u00edg\u00e9reteknek is, amelyeket a kisebbs\u00e9gekre vonatkoz\u00f3an tesz az ott elfogadott nyilatkozat az oktat\u00e1ssal, [&hellip;]<\/p>\n","protected":false},"author":1,"featured_media":28382,"comment_status":"open","ping_status":"open","sticky":false,"template":"","format":"standard","meta":{"footnotes":""},"categories":[],"tags":[],"class_list":["post-28381","post","type-post","status-publish","format-standard","has-post-thumbnail","hentry"],"_links":{"self":[{"href":"https:\/\/archivum.eloszekelyfold.ro\/index.php\/wp-json\/wp\/v2\/posts\/28381","targetHints":{"allow":["GET"]}}],"collection":[{"href":"https:\/\/archivum.eloszekelyfold.ro\/index.php\/wp-json\/wp\/v2\/posts"}],"about":[{"href":"https:\/\/archivum.eloszekelyfold.ro\/index.php\/wp-json\/wp\/v2\/types\/post"}],"author":[{"embeddable":true,"href":"https:\/\/archivum.eloszekelyfold.ro\/index.php\/wp-json\/wp\/v2\/users\/1"}],"replies":[{"embeddable":true,"href":"https:\/\/archivum.eloszekelyfold.ro\/index.php\/wp-json\/wp\/v2\/comments?post=28381"}],"version-history":[{"count":0,"href":"https:\/\/archivum.eloszekelyfold.ro\/index.php\/wp-json\/wp\/v2\/posts\/28381\/revisions"}],"wp:featuredmedia":[{"embeddable":true,"href":"https:\/\/archivum.eloszekelyfold.ro\/index.php\/wp-json\/wp\/v2\/media\/28382"}],"wp:attachment":[{"href":"https:\/\/archivum.eloszekelyfold.ro\/index.php\/wp-json\/wp\/v2\/media?parent=28381"}],"wp:term":[{"taxonomy":"category","embeddable":true,"href":"https:\/\/archivum.eloszekelyfold.ro\/index.php\/wp-json\/wp\/v2\/categories?post=28381"},{"taxonomy":"post_tag","embeddable":true,"href":"https:\/\/archivum.eloszekelyfold.ro\/index.php\/wp-json\/wp\/v2\/tags?post=28381"}],"curies":[{"name":"wp","href":"https:\/\/api.w.org\/{rel}","templated":true}]}}