{"id":28379,"date":"2021-12-13T04:33:01","date_gmt":"2021-12-13T04:33:01","guid":{"rendered":"http:\/\/archivum.eloszekelyfold.ro\/2021\/12\/13\/valasztasi-megallapodast-kotott-az-rmdsz-es-az-mpp\/"},"modified":"2021-12-13T04:33:01","modified_gmt":"2021-12-13T04:33:01","slug":"valasztasi-megallapodast-kotott-az-rmdsz-es-az-mpp","status":"publish","type":"post","link":"https:\/\/archivum.eloszekelyfold.ro\/index.php\/2021\/12\/13\/valasztasi-megallapodast-kotott-az-rmdsz-es-az-mpp\/","title":{"rendered":"V\u00e1laszt\u00e1si meg\u00e1llapod\u00e1st k\u00f6t\u00f6tt az RMDSZ \u00e9s az MPP"},"content":{"rendered":"<p><\/p>\n<div style=\"color:#666666; font-family:inherit; font-size:14px;font-style: normal;text-align:left;line-height:24px;\">\n<div style=\"float:left\"><img decoding=\"async\" src=\"http:\/\/archivum.eloszekelyfold.ro\/wp-content\/uploads\/2021\/12\/563_szekely_autonomia.jpg\" alt=\"V\u00e1laszt\u00e1si meg\u00e1llapod\u00e1st k\u00f6t\u00f6tt az RMDSZ \u00e9s az MPP\" style=\"padding-right:14px; padding-bottom:6px; padding-top:6px;\" width=\"320px\"><\/div>\n<p>                              K\u00f6v\u00e9r L\u00e1szl\u00f3 a Rom\u00e1niai Magyar Demokrata Sz\u00f6vets\u00e9g (RMDSZ) \u00e9s a Magyar Polg\u00e1ri P\u00e1rt (MPP) t\u00e1mogat\u00e1s\u00e1ra k\u00e9ri a Sz\u00e9kely Nemzeti Tan\u00e1csot. A november 26-\u00e1n felolvasott lev\u00e9lben k\u00e9rte az SZNT-t, hogy mozg\u00f3s\u00edtsa a rom\u00e1niai parlamenti v\u00e1laszt\u00e1sokon val\u00f3 r\u00e9szv\u00e9telre Sz\u00e9kelyf\u00f6ld n\u00e9p\u00e9t, \u00e9s biztassa arra, hogy szavazzanak az RMDSZ \u00e9s az MPP egy\u00fcttm\u0171k\u00f6d\u00e9s\u00e9n alapul\u00f3 magyar k\u00e9pviseletre.<\/p>\n<div>\u00a0<\/div>\n<div>Az Orsz\u00e1ggy\u0171l\u00e9s eln\u00f6k\u00e9nek a level\u00e9t a Sz\u00e9kely Nemzeti Tan\u00e1cs \u00e9ves k\u00fcld\u00f6ttgy\u0171l\u00e9s\u00e9n Farkas Bal\u00e1zs cs\u00edkszeredai konzul\u00a0olvasta fel okt\u00f3ber 26-\u00e1n, d\u00e9lut\u00e1n Marosv\u00e1s\u00e1rhelyen. K\u00f6v\u00e9r L\u00e1szl\u00f3 arra k\u00e9rte az SZNT-t, hogy &#8222;ne essen kamaszbetegs\u00e9gbe&#8221;,\u00a0emelkedjen fel\u00fcl a kor\u00e1bbi v\u00e9lt vagy val\u00f3s s\u00e9relmein, \u00e9s el\u0151legezzen bizalmat a rom\u00e1n t\u00f6rv\u00e9nyhoz\u00e1sba k\u00fcldend\u0151\u00a0magyar k\u00e9pvisel\u0151knek. <\/p>\n<p>Az MPP tiszteletbeli eln\u00f6ki tiszts\u00e9g\u00e9t is bet\u00f6lt\u0151 K\u00f6v\u00e9r L\u00e1szl\u00f3 az RMDSZ jel\u00f6ltlist\u00e1in\u00a0szerepl\u0151 k\u00e9t MPP-s jel\u00f6ltet n\u00e9v szerint is megeml\u00edtette. Mint fogalmazott: Bir\u00f3 Zsolt \u00e9s Kulcs\u00e1r Terza J\u00f3zsef\u00a0szem\u00e9ly\u00e9ben el\u0151sz\u00f6r nyerhetnek rom\u00e1n parlamenti mand\u00e1tumot az SZNT k\u00fcld\u00f6ttei.<\/p><\/div>\n<div>\u00a0<\/div>\n<div>K\u00f6v\u00e9r L\u00e1szl\u00f3 level\u00e9ben \u00fagy v\u00e9lekedett, hogy a sz\u00e9kelyf\u00f6ldi ter\u00fcleti auton\u00f3mia \u00e9s a rom\u00e1n n\u00e9p \u00e1ltal az 1918-as\u00a0gyulafeh\u00e9rv\u00e1ri nyilatkozatban meg\u00edg\u00e9rt teljes nemzeti szabads\u00e1g &#8222;lenne az orvoss\u00e1g&#8221; a Rom\u00e1ni\u00e1ban felhalmoz\u00f3dott\u00a0magyar vonatkoz\u00e1s\u00fa bajokra.<\/div>\n<div>\u00a0<\/div>\n<div>&#8222;Akik ma k\u00fcl\u00f6nf\u00e9le bukaresti \u00e9s br\u00fcsszeli int\u00e9zm\u00e9nyekben vesz\u00e9lyforr\u00e1sk\u00e9nt tekintenek a sz\u00e9kely auton\u00f3mia ir\u00e1nti\u00a0jogotokra, azoknak a saj\u00e1t \u00f6nrendelkez\u00e9si jog\u00e1ra szint\u00e9n vesz\u00e9lyek leselkednek, csak m\u00e9g nem biztos, hogy tudnak\u00a0r\u00f3la&#8221; &#8211; fogalmazott a h\u00e1zeln\u00f6k. \u00dagy v\u00e9lte: &#8222;nincs, \u00e9s nem lehet val\u00f3s \u00e9s tart\u00f3s eur\u00f3pai \u00f6nrendelkez\u00e9s a tag\u00e1llami\u00a0nemzetek \u00f6nrendelkez\u00e9si joga n\u00e9lk\u00fcl, a nemzeti t\u00f6bbs\u00e9geknek pedig nincs \u00e9s nem lehet val\u00f3s \u00e9s tart\u00f3s az\u00a0\u00f6nrendelkez\u00e9si joguk a sz\u00e1mbeli kisebbs\u00e9gben vel\u00fck egy\u00fctt \u00e9l\u0151 nemzeti k\u00f6z\u00f6ss\u00e9gek \u00f6nrendelkez\u00e9si joga n\u00e9lk\u00fcl&#8221;.<\/div>\n<div>\u00a0<\/div>\n<div>Az erd\u00e9lyi magyar politikai szervezetek \u00f6sszefog\u00e1s\u00e1nak, k\u00f6z\u00f6s fell\u00e9p\u00e9s\u00e9nek a sz\u00fcks\u00e9gess\u00e9g\u00e9r\u0151l besz\u00e9lt a\u00a0k\u00fcld\u00f6ttgy\u0171l\u00e9s el\u0151tt Szili Katalin minisztereln\u00f6ki megb\u00edzott is.\u00a0&#8222;Amig k\u00e9t indi\u00e1n egym\u00e1s skalpj\u00e1t k\u00f6veteli, addig a s\u00e1padtarc\u00faak \u00f6r\u00fclnek&#8221; &#8211; jelentette ki az orsz\u00e1ggy\u0171l\u00e9s volt\u00a0eln\u00f6ke. Hozz\u00e1tette, a vit\u00e1kat a k\u00f6z\u00f6ss\u00e9gen bel\u00fcl kell lefolytatni, \u00e9s a kialakult k\u00f6z\u00f6s \u00e1ll\u00e1sponttal kell a rom\u00e1n\u00a0t\u00e1rsadalmat megsz\u00f3l\u00edtani.<br \/>\n\u00a0<\/div>\n<div style=\"text-align: center;\"><img loading=\"lazy\" decoding=\"async\" src=\"http:\/\/archivum.eloszekelyfold.ro\/wp-content\/uploads\/2021\/12\/szekely_szabadsag_napja.jpg\" width=\"500\" height=\"333\" alt=\"\"><\/div>\n<div style=\"text-align: center;\"><em>A hat\u00f3s\u00e1gok folyamatosan akad\u00e1lyozz\u00e1k \u00e9s ellehetetlen\u00edtik az auton\u00f3mi\u00e1\u00e9rt, <br \/>\na sz\u00e9kelyek szabads\u00e1gjogai\u00e9rt folytatott k\u00fczdelmet (Fot\u00f3: www.vhegy.com)\u00a0<\/em><br \/>\n\u00a0<\/div>\n<div>Szili Katalin megeml\u00edtette, hogy a 89-es rendszerv\u00e1ltoz\u00e1s \u00f3ta eltelt 27 \u00e9v, a h\u00e1romnegyede a kommunista rendszer\u00a0id\u0151tartam\u00e1nak. Ez id\u0151 alatt a hat\u00e1ron t\u00fali magyars\u00e1g fogy\u00e1sa t\u00edzsz\u00e1zal\u00e9kos volt. Kijelentette: ha nem tesz s\u00fcrg\u0151sen\u00a0a k\u00f6z\u00f6ss\u00e9g az \u00e1ldatlan helyzete ellen, f\u00e9l\u0151, hogy a demogr\u00e1fiai v\u00e1ltoz\u00e1sok &#8222;z\u00e1r\u00f3jelbe teszik&#8221; az eg\u00e9sz\u00a0auton\u00f3miak\u00f6vetel\u00e9st.<br \/>\n\u00a0<\/div>\n<div style=\"text-align: center;\">\u00a0<img loading=\"lazy\" decoding=\"async\" src=\"http:\/\/archivum.eloszekelyfold.ro\/wp-content\/uploads\/2021\/12\/DSCN9751.JPG\" width=\"500\" height=\"667\" alt=\"\"><\/div>\n<div style=\"text-align: center;\"><em>A sz\u00e9kely z\u00e1szl\u00f3 \u00e9s a k\u00f6zs\u00e9gh\u00e1za felirat h\u00fclt helye <br \/>\na korondi polg\u00e1rmesteri hivatal \u00e9p\u00fclet\u00e9n <br \/>\n(Sim\u00f3 M\u00e1rton felv\u00e9tele)<br \/>\n<br type=\"_moz\"><br \/>\n<\/em><\/div>\n<div>Az SZNT k\u00fcld\u00f6ttgy\u0171l\u00e9se \u00e1ll\u00e1sfoglal\u00e1sban r\u00f6gz\u00edtette a v\u00e1laszt\u00e1sokra vonatkoz\u00f3 \u00e1ll\u00e1spontj\u00e1t. A tan\u00e1cs r\u00f6gz\u00edtette:\u00a0mag\u00e1t a sz\u00e9kelys\u00e9g k\u00f6zk\u00e9pviselet\u00e9nek tekinti, \u00e9s ennek megfelel\u0151en nem vesz r\u00e9szt a v\u00e1laszt\u00e1sokon, \u00e9s nem\u00a0jegyezteti be mag\u00e1t politikai alakulatk\u00e9nt. Term\u00e9szetesnek tartja ugyanakkor, hogy k\u00e9pvisel\u0151i lelkiismeret\u00fck\u00a0szerint induljanak a v\u00e1laszt\u00e1sokon p\u00e1rtjaik sz\u00edneiben vagy ak\u00e1r f\u00fcggetlenk\u00e9nt.<\/div>\n<div>\u00a0<\/div>\n<div>Az \u00e1ll\u00e1sfoglal\u00e1s szerint az SZNT k\u00e9pvisel\u0151i &#8211; ha elindulnak a v\u00e1laszt\u00e1sokon &#8211; nem v\u00e1rhatnak t\u00e1mogat\u00e1st az SZNT-t\u0151l,\u00a0&#8222;amint egyetlen parlamenti k\u00e9pvisel\u0151 sem v\u00e1rhatja el azt, hogy maga a parlament t\u00e1mogassa \u0151ket a v\u00e1laszt\u00e1sokon&#8221;.<\/div>\n<div>\u00a0<\/div>\n<div>\u00c1ll\u00e1sfoglal\u00e1sa v\u00e9g\u00e9n a tan\u00e1cs azzal a k\u00e9r\u00e9ssel fordult a sz\u00e9kely k\u00f6z\u00f6ss\u00e9ghez, hogy &#8222;olyan k\u00e9pvisel\u0151ket v\u00e1lasszanak,\u00a0akik elk\u00f6telezettek Sz\u00e9kelyf\u00f6ld auton\u00f3mi\u00e1ja ir\u00e1nt, \u00e9s hajland\u00f3k is cselekedni \u00e9rte&#8221;.<\/div>\n<div>\u00a0<\/div>\n<div>Az \u00e1ll\u00e1sfoglal\u00e1st \u00e9l\u00e9nk vita ut\u00e1n 59 t\u00e1mogat\u00f3 \u00e9s 28 ellenszavazattal, t\u00edz tart\u00f3zkod\u00e1s mellett fogadta el a\u00a0k\u00fcld\u00f6ttgy\u0171l\u00e9s. A hozz\u00e1sz\u00f3l\u00f3k n\u00e9melyike t\u00f6r\u00f6lte volna az utols\u00f3 k\u00e9r\u00e9st az \u00e1ll\u00e1sfoglal\u00e1sb\u00f3l, m\u00e1sok pedig az SZNT\u00a0auton\u00f3miastat\u00fatum\u00e1nak a hat\u00e1rid\u0151h\u00f6z k\u00f6t\u00f6tt beny\u00fajt\u00e1s\u00e1hoz k\u00f6t\u00f6tte volna a t\u00e1mogat\u00e1st.<br \/>\n\u00a0<\/div>\n<div><em>Forr\u00e1s: MTI<\/em><\/div>\n<\/p><\/div>\n","protected":false},"excerpt":{"rendered":"<p>K\u00f6v\u00e9r L\u00e1szl\u00f3 a Rom\u00e1niai Magyar Demokrata Sz\u00f6vets\u00e9g (RMDSZ) \u00e9s a Magyar Polg\u00e1ri P\u00e1rt (MPP) t\u00e1mogat\u00e1s\u00e1ra k\u00e9ri a Sz\u00e9kely Nemzeti Tan\u00e1csot. A november 26-\u00e1n felolvasott lev\u00e9lben k\u00e9rte az SZNT-t, hogy mozg\u00f3s\u00edtsa a rom\u00e1niai parlamenti v\u00e1laszt\u00e1sokon val\u00f3 r\u00e9szv\u00e9telre Sz\u00e9kelyf\u00f6ld n\u00e9p\u00e9t, \u00e9s biztassa arra, hogy szavazzanak az RMDSZ \u00e9s az MPP egy\u00fcttm\u0171k\u00f6d\u00e9s\u00e9n alapul\u00f3 magyar k\u00e9pviseletre. \u00a0 Az Orsz\u00e1ggy\u0171l\u00e9s [&hellip;]<\/p>\n","protected":false},"author":1,"featured_media":28380,"comment_status":"open","ping_status":"open","sticky":false,"template":"","format":"standard","meta":{"footnotes":""},"categories":[],"tags":[],"class_list":["post-28379","post","type-post","status-publish","format-standard","has-post-thumbnail","hentry"],"_links":{"self":[{"href":"https:\/\/archivum.eloszekelyfold.ro\/index.php\/wp-json\/wp\/v2\/posts\/28379","targetHints":{"allow":["GET"]}}],"collection":[{"href":"https:\/\/archivum.eloszekelyfold.ro\/index.php\/wp-json\/wp\/v2\/posts"}],"about":[{"href":"https:\/\/archivum.eloszekelyfold.ro\/index.php\/wp-json\/wp\/v2\/types\/post"}],"author":[{"embeddable":true,"href":"https:\/\/archivum.eloszekelyfold.ro\/index.php\/wp-json\/wp\/v2\/users\/1"}],"replies":[{"embeddable":true,"href":"https:\/\/archivum.eloszekelyfold.ro\/index.php\/wp-json\/wp\/v2\/comments?post=28379"}],"version-history":[{"count":0,"href":"https:\/\/archivum.eloszekelyfold.ro\/index.php\/wp-json\/wp\/v2\/posts\/28379\/revisions"}],"wp:featuredmedia":[{"embeddable":true,"href":"https:\/\/archivum.eloszekelyfold.ro\/index.php\/wp-json\/wp\/v2\/media\/28380"}],"wp:attachment":[{"href":"https:\/\/archivum.eloszekelyfold.ro\/index.php\/wp-json\/wp\/v2\/media?parent=28379"}],"wp:term":[{"taxonomy":"category","embeddable":true,"href":"https:\/\/archivum.eloszekelyfold.ro\/index.php\/wp-json\/wp\/v2\/categories?post=28379"},{"taxonomy":"post_tag","embeddable":true,"href":"https:\/\/archivum.eloszekelyfold.ro\/index.php\/wp-json\/wp\/v2\/tags?post=28379"}],"curies":[{"name":"wp","href":"https:\/\/api.w.org\/{rel}","templated":true}]}}