{"id":28377,"date":"2021-12-13T04:31:02","date_gmt":"2021-12-13T04:31:02","guid":{"rendered":"http:\/\/archivum.eloszekelyfold.ro\/2021\/12\/13\/balint-mozessel-szekelydalyaban\/"},"modified":"2021-12-13T04:31:02","modified_gmt":"2021-12-13T04:31:02","slug":"balint-mozessel-szekelydalyaban","status":"publish","type":"post","link":"https:\/\/archivum.eloszekelyfold.ro\/index.php\/2021\/12\/13\/balint-mozessel-szekelydalyaban\/","title":{"rendered":"B\u00e1lint M\u00f3zessel &#8211; Sz\u00e9kelyd\u00e1ly\u00e1ban"},"content":{"rendered":"<p><\/p>\n<div style=\"color:#666666; font-family:inherit; font-size:14px;font-style: normal;text-align:left;line-height:24px;\">\n<div style=\"float:left\"><img decoding=\"async\" src=\"http:\/\/archivum.eloszekelyfold.ro\/wp-content\/uploads\/2021\/12\/566_bm3.jpg\" alt=\"B\u00e1lint M\u00f3zessel - Sz\u00e9kelyd\u00e1ly\u00e1ban\" style=\"padding-right:14px; padding-bottom:6px; padding-top:6px;\" width=\"320px\"><\/div>\n<p>                              Hogyha van karizmatikus alakja Sz\u00e9kelyudvarhely (egykori) f\u00e9mfeldolgoz\u00f3- \u00e9s g\u00e9pipar\u00e1nak, akkor B\u00e1lint M\u00f3zes nyugalmazott m\u0171vezet\u0151 minden bizonnyal az. <\/p>\n<p>V\u00e1rosszerte k\u00f6zismert \u00e9s n\u00e9pszer\u0171 ember ma is. Nem csak a hajdani G\u00e1bor \u00c1ron Rt.-ben \u00e9s a Matricagy\u00e1rban elt\u00f6lt\u00f6tt \u00e9vtizedek eml\u00e9keib\u0151l \u00e9l, hanem igen \u00e9l\u00e9nk szerepl\u0151je a v\u00e1ros kultur\u00e1lis \u00e9let\u00e9nek. <\/p>\n<p>Sz\u00fcl\u0151faluja sorsa, a moldvai cs\u00e1ng\u00f3k \u00e9lete ma is komolyan foglalkoztatja. <\/p>\n<p>Figyel, \u00e9rdekl\u0151dik, gy\u0171jt, elrakt\u00e1roz \u00e9s \u00f6sszegez.\u00a0<\/p>\n<p>B\u00e1lint M\u00f3zes a k\u00f6zelm\u00faltban t\u00f6lt\u00f6tte be 80. \u00e9let\u00e9v\u00e9t. Ennek aprop\u00f3j\u00e1n t\u00f6bb alkalommal is tal\u00e1lkoztunk, feleleven\u00edtve gyermek- \u00e9s ifj\u00fakori eml\u00e9keit, illetve k\u00e9s\u0151bbi \u00e9lm\u00e9nyeit is.<\/p>\n<div style=\"text-align: center;\"><img loading=\"lazy\" decoding=\"async\" src=\"http:\/\/archivum.eloszekelyfold.ro\/wp-content\/uploads\/2021\/12\/bm4.jpg\" width=\"600\" height=\"345\" alt=\"\"><\/div>\n<div style=\"text-align: center;\"><em>Sz\u00e9tn\u00e9z\u00fcnk a t\u00e1jon (Szab\u00f3 K\u00e1roly felv\u00e9tele)<\/em><\/div>\n<p>\nM\u00e9g okt\u00f3ber legv\u00e9g\u00e9n ment\u00fcnk el egy\u00fctt Sz\u00e9kelyd\u00e1ly\u00e1ba. Ez a falu ma alig k\u00e9tsz\u00e1z lelket sz\u00e1ml\u00e1l. Van elemi iskol\u00e1ja, tan\u00edt\u00f3ja, temploma, papja, vegyes\u00fczlete, m\u0171k\u00f6d\u0151 k\u00f6zbirtokoss\u00e1ga. \u00datja meg olyan, amilyen. A t\u00e1vbesz\u00e9l\u00e9st \u00e9s internethaszn\u00e1latot lehet\u0151v\u00e9 tev\u0151 antennah\u00e1l\u00f3zat ki\u00e9p\u00fclt m\u00e1r itt is. Kommunik\u00e1lni viszonylag k\u00f6nnyen lehet, \u00e1m utazni kiss\u00e9 nehezebben, mert nincsen aszfalttal burkolt \u00fatja, a megl\u00e9v\u0151 makad\u00e1m\u00fat pedig folyamatosan jav\u00edt\u00e1sra szorul, s a megy\u00e9nek, illetve K\u00e1ny\u00e1d k\u00f6zs\u00e9gnek, ahov\u00e1 k\u00f6zigagat\u00e1silag tartozik, soha nincs erre el\u00e9g p\u00e9nze. M\u00e1sik nagy f\u00e1jdalom, hogy nincsen aut\u00f3buszj\u00e1rata, mert a legut\u00f3bbi p\u00e1r h\u00f3napos pr\u00f3b\u00e1lkoz\u00e1s ut\u00e1n kider\u00fclt, hogy nem kifizet\u0151d\u0151&#8230;<\/p>\n<p>M\u00e9g csak az \u00e9gei tet\u0151n j\u00e1rtunk, amikor meg\u00e1lltunk egy pillanatra, s ki is sz\u00e1lltunk a g\u00e9pkocsib\u00f3l, hogy f\u00e9nyk\u00e9pezz\u00fcnk \u00e9s sz\u00e9tn\u00e9zz\u00fcnk a t\u00e1jon. M\u00f3zsi b\u00e1csi az egykori b\u00fazaf\u00f6ldeket, a pity\u00f3k\u00e1skertet emlegette. &#8222;A b\u00faza annyira j\u00f3 volt, b\u0151s\u00e9gesen termett &#8211; mondta -, hogy id\u0151nk\u00e9nt m\u00e9g elad\u00e1sra is jutott bel\u0151le. H\u00edre volt a szomsz\u00e9dos telep\u00fcl\u00e9seken is a d\u00e1lyai b\u00faz\u00e1nak&#8230; Itt egy\u00e9bk\u00e9nt lenne egy darab f\u00f6ld\u00fcnk, kasz\u00e1ltatjuk, de \u00fagy l\u00e1tom, hogy egyik fel\u00e9t \u00fatnak is haszn\u00e1lj\u00e1k az atyafiak, mert \u00edgy k\u00f6nnyebb nekik.&#8221;<\/p>\n<p>K\u00f6r\u00fcln\u00e9zt\u00fcnk a falut \u00f6vez\u0151 dombokon. Friss, hideg, de az\u00e9rt kellemes \u0151szi d\u00e9lel\u0151tt volt, \u00e9pp felsz\u00e1ll\u00f3ban a reggeli p\u00e1ra. L\u00e1tszott az a kert is a falu d\u00e9li perem\u00e9n, ahov\u00e1 \u00e9desapja annak idej\u00e9n minden gyermeke sz\u00fclet\u00e9sekor egy-egy sor gy\u00fcm\u00f6lcsf\u00e1t \u00fcltetetett. Egy negyven \u00e1ras kertr\u0151l van sz\u00f3, a telek nagyj\u00e1b\u00f3l 15 m\u00e9ter sz\u00e9les lehet, \u00edgy a gy\u00fcm\u00f6lcsf\u00e1k legal\u00e1bb 50 m\u00e9ter hosszan sorakoznak.<\/p>\n<div style=\"text-align: left;\">A B\u00e1lint-csal\u00e1dban h\u00e9t gyermek n\u0151tt fel, akik k\u00e9s\u0151bb mind a heten elk\u00f6lt\u00f6ztek a falub\u00f3l. Ahogyan lehetett, annak idej\u00e9n mindannyian tov\u00e1bbtanultak. Mivel M\u00f3zsi b\u00e1csi volt a legnagyobb, s az \u00e9desapa kul\u00e1klist\u00e1ra ker\u00fclt az 1950-es \u00e9vek elej\u00e9n, \u0151 csak ipari szakl\u00edceumot v\u00e9gzett, de a kisebb testv\u00e9rek k\u00f6z\u00fcl &#8211; amikor enyh\u00fclt a rendszer &#8211; t\u00f6bben egyetemekre is eljutottak. M\u00f3zsi b\u00e1csi a munka mellett, autodidakta m\u00f3don fejl\u0151d\u00f6tt szaktekint\u00e9lly\u00e9 a f\u00e9miparban, akire az \u00f6reg mesterek \u00e9s az ifj\u00fa m\u00e9rn\u00f6k\u00f6k is hallgattak a gy\u00e1rban. \u00a0<\/div>\n<div style=\"text-align: center;\">\n<img loading=\"lazy\" decoding=\"async\" src=\"http:\/\/archivum.eloszekelyfold.ro\/wp-content\/uploads\/2021\/12\/balint_mozes_testvereivel.jpg\" width=\"300\" height=\"465\" alt=\"\"><\/div>\n<div style=\"text-align: center;\">\u00a0<\/div>\n<div style=\"text-align: left;\">Mik\u00f6zben k\u00f6zeledt\u00fcnk a kertj\u00fck fel\u00e9, gyalogosan, hogy k\u00edm\u00e9lj\u00fck az aut\u00f3t, s t\u00f6bb id\u0151nk maradjon n\u00e9zel\u0151dni, felbukkant itt is, ott is egy-egy ismer\u0151s zug. Itt a sz\u0151l\u0151 volt nagyon finom, amott egy olyan benval\u00f3n\u00e1l, ahol m\u00e1r sem h\u00e1z, sem cs\u0171r, de ker\u00edt\u00e9s sincs, kiv\u00e1l\u00f3 vackort emlegetett. \u00c9s sz\u00e1nk\u00f3zni is ehelyt lehetett, lefel\u00e9 a pall\u00f3ig.<\/div>\n<div style=\"text-align: center;\">\n<img loading=\"lazy\" decoding=\"async\" src=\"http:\/\/archivum.eloszekelyfold.ro\/wp-content\/uploads\/2021\/12\/DSCN9758.JPG\" width=\"500\" height=\"367\" alt=\"\"><\/div>\n<div style=\"text-align: center;\"><em>A kert manaps\u00e1g (Sim\u00f3 M\u00e1rton felv\u00e9tele)<\/em><\/div>\n<p>\nA csal\u00e1df\u0151, id\u0151sebb B\u00e1lint M\u00f3zes, hogy nevelni tudja gyermekeit, a gazd\u00e1lkod\u00e1s mellett sok egyebet is kipr\u00f3b\u00e1lt. Malmot \u00e9p\u00edtett, amelyet bels\u0151\u00e9g\u00e9s\u0171 motorral \u00fczemeltetett. (Egy\u00e9bk\u00e9nt ebb\u0151l sz\u00e1rmazott a baj, a kul\u00e1k-mivolt. Annyira n\u00e9pszer\u0171v\u00e9 v\u00e1lt a k\u00f6rny\u00e9ken a kis malom, hogy az itt \u0151r\u00f6lt puliszkalisztet m\u00e1s falvakb\u00f3l is nagyon kerest\u00e9k, s id\u0151nk\u00e9nt sz\u00fcks\u00e9g volt egy-k\u00e9t ideiglenes alkalmazott, napsz\u00e1mos munk\u00e1j\u00e1nak ig\u00e9nybev\u00e9tel\u00e9re, akiket a p\u00e1rt szerint nagyon kizs\u00e1km\u00e1nyoltak.) M\u00f3zsi b\u00e1csi kamaszkor\u00e1ban egy\u00e9bk\u00e9nt t\u00f6bbsz\u00f6r feladatul kapta a malom fel\u00fcgyelet\u00e9t \u00e9s az \u0151rl\u00e9st&#8230; Mivel nincsen gondoz\u00f3juk a gy\u00fcm\u00f6lcsf\u00e1knak, azok el\u00e9g gyatra \u00e1llapotban vannak, ma m\u00e1r hetven-nyolcvan\u00e9vesek, de helyi fajt\u00e1k, \u00e9rdemes lenne oltani, magoncokat nevelni, csemet\u00e9ket \u00fcltetni bel\u0151l\u00fck.<\/p>\n<div style=\"text-align: center;\"><img loading=\"lazy\" decoding=\"async\" src=\"http:\/\/archivum.eloszekelyfold.ro\/wp-content\/uploads\/2021\/12\/DSCN9767.JPG\" width=\"500\" height=\"691\" alt=\"\"><\/div>\n<div style=\"text-align: center;\"><em>A hagyom\u00e1nyos form\u00e1k megtart\u00e1s\u00e1val \u00faj\u00edttatt\u00e1k fel a h\u00e1zat, <br \/>\namelyben \u00e9letvitelszer\u0171en lehetne lakni, illetve vend\u00e9gl\u00e1t\u00e1s c\u00e9lj\u00e1ra<br \/>\nis hasznos\u00edthatn\u00e1k (Sim\u00f3 M\u00e1rton felv\u00e9tele)<\/em><\/div>\n<p>\u00a0<br \/>\nA sz\u00fcl\u0151i h\u00e1zat a legkisebb, az egyetlen le\u00e1nytestv\u00e9r kapta, &#8222;v\u00e1ltotta meg&#8221;, \u00e9s gy\u00f6ny\u00f6r\u0171en fel\u00faj\u00edttatta, <\/p>\n<p>&#8222;N\u00e9ha j\u00f6v\u00f6get\u00fcnk ide, de ink\u00e1bb a gyermekek, az unok\u00e1k. Az j\u00f6n, akinek t\u00f6bb ideje van, b\u00e1r ide dolgozni kellene j\u00e1rnunk, mert a h\u00e1z k\u00f6r\u00fcl, a kertben is mindig akad munka. A f\u00f6ldeket k\u00e9zre vehetn\u00e9 valaki. \u00c9desap\u00e1m m\u00e9h\u00e9szkedett a sok egy\u00e9b mellett, a felszerel\u00e9s egy r\u00e9sze m\u00e9g ma is megvan, egyik \u00f6cs\u00e9m tart itt k\u00e9t csal\u00e1d m\u00e9het, de ezt is lehetne fejleszteni&#8221; &#8211; folytatta M\u00f3zsi b\u00e1csi, amikor m\u00e1r bent j\u00e1runk az &#8222;\u00f6ssben&#8221;. <\/p>\n<p>H\u00e1tul a cs\u0171rkert nem t\u00fal nagy, de arra b\u0151ven el\u00e9g lenne, hogy a csal\u00e1d r\u00e9sz\u00e9re a sz\u00fcks\u00e9ges z\u00f6lds\u00e9geket megteremje. A m\u00e9h\u00e9sz-h\u00e1zik\u00f3 m\u00e9g ma is \u00e1ll. A kert v\u00e9g\u00e9ben pedig ott csordog\u00e1l D\u00e1lya pataka&#8230;<\/p>\n<div style=\"text-align: center;\"><img loading=\"lazy\" decoding=\"async\" src=\"http:\/\/archivum.eloszekelyfold.ro\/wp-content\/uploads\/2021\/12\/DSCN1936.JPG\" width=\"300\" height=\"493\" alt=\"\"><\/div>\n<div style=\"text-align: center;\">\u00a0<\/div>\n<div style=\"text-align: left;\">Sz\u00e9kelyd\u00e1lya mai temploma egy kor\u00e1bbi &#8211; feltehet\u0151en 12. sz\u00e1zadi &#8211; hely\u00e9n \u00e9p\u00fclt a 14. sz\u00e1zadban, a 14. sz\u00e1zad v\u00e9g\u00e9r\u0151l val\u00f3k a falfestm\u00e9nyei, amelyekr\u0151l &#8211; t\u00f6red\u00e9kes mivoltukban is &#8211; meg\u00e1llap\u00edthat\u00f3, hogy a Szent L\u00e1szl\u00f3-mondak\u00f6rt dolgozz\u00e1k fel, mint t\u00f6bb helyen a k\u00f6rny\u00e9ken a hasonl\u00f3 kor\u00fa \u00e9s \u00edzl\u00e9s\u0171 fresk\u00f3k (amilyen Okl\u00e1nd, Sz\u00e9kelyderzs, B\u00f6g\u00f6z templom\u00e1ban van, illet\u0151leg volt Homor\u00f3dszentm\u00e1rton 19. sz\u00e1zad v\u00e9g\u00e9n lebontott templom\u00e1ban is).<br \/>\n\u00a0<\/div>\n<div style=\"text-align: center;\"><img loading=\"lazy\" decoding=\"async\" src=\"http:\/\/archivum.eloszekelyfold.ro\/wp-content\/uploads\/2021\/12\/DSCN9778.JPG\" width=\"300\" height=\"172\" alt=\"\"><\/div>\n<div style=\"text-align: center;\"><em>A t\u00f6k\u00e9letlen felv\u00e9tel nem k\u00e9pes bemutatni a feliratot; <br \/>\na kutat\u00f3k viszont megrajzolt\u00e1k az 1993-1995-ben felbukkant rov\u00e1st,<br \/>\namely mintegy 9 m hossz\u00fas\u00e1gban ny\u00falik el a templomhaj\u00f3<br \/>\nk\u00fcls\u0151 (d\u00e9li) fal\u00e1n<\/em><\/div>\n<div style=\"text-align: center;\"><img loading=\"lazy\" decoding=\"async\" src=\"http:\/\/archivum.eloszekelyfold.ro\/wp-content\/uploads\/2021\/12\/rovas_dalya.jpg\" width=\"300\" height=\"214\" alt=\"\"><\/div>\n<p>\nA d\u00e1lyai templom v\u00e9dett m\u0171eml\u00e9k. Az ut\u00f3bbi k\u00e9t \u00e9s f\u00e9l \u00e9vtizedben jelent\u0151s \u00f6sszegeket k\u00f6lt\u00f6ttek a jav\u00edt\u00e1s\u00e1ra \u00e9s konzerv\u00e1l\u00e1s\u00e1ra, de ezek az \u00f6sszegek nem voltak el\u00e9gs\u00e9gesek arra, hogy bels\u0151 b\u00fatorzat\u00e1t, illetve a teljes (1630-ban k\u00e9sz\u00fclt) kazett\u00e1s mennyezetet is restaur\u00e1lj\u00e1k. A k\u00fcls\u0151 falon tal\u00e1lhat\u00f3 rov\u00e1s\u00edr\u00e1st sem fejtett\u00e9k meg. D\u00e1lya temploma &#8211; b\u00e1r igencsak meg\u00e9rdemeln\u00e9 &#8211; nem ker\u00fclt be a turisztikailag frekvent\u00e1lt objektumok k\u00f6z\u00e9. Nyilv\u00e1nval\u00f3, hogy ehhez a megk\u00f6zel\u00edt\u00e9s neh\u00e9zs\u00e9ge is hozz\u00e1j\u00e1rult, Okl\u00e1nd, B\u00f6g\u00f6z, Homor\u00f3dkar\u00e1csonyfalva, s\u0151t \u00fajabban m\u00e1r Sz\u00e9kelyderzs temploma is k\u00f6nnyebben l\u00e1togathat\u00f3.<\/p>\n<div style=\"text-align: center;\"><img loading=\"lazy\" decoding=\"async\" src=\"http:\/\/archivum.eloszekelyfold.ro\/wp-content\/uploads\/2021\/12\/DSCN9785.JPG\" width=\"500\" height=\"371\" alt=\"\"><\/div>\n<p>\nM\u00f3zsi b\u00e1csi a gyermekek karzat\u00e1t hi\u00e1nyolta, amely a bej\u00e1rattal szemk\u00f6zt, az egykori szent\u00e9ly f\u00f6l\u00f6tt helyezkedett el, meg a sz\u00f3sz\u00e9kkel szembeni r\u00e9gi padsorokat, ahol a B\u00e1lint-csal\u00e1dnak a m\u00e1sodik sorban volt a rendelt helye.<\/p>\n<div style=\"text-align: center;\"><img loading=\"lazy\" decoding=\"async\" src=\"http:\/\/archivum.eloszekelyfold.ro\/wp-content\/uploads\/2021\/12\/DSCN9803.JPG\" width=\"300\" height=\"400\" alt=\"\"><\/div>\n<p>\nA Temet\u0151 k\u00e9t r\u00e9szb\u0151l \u00e1ll: a faluhoz k\u00f6zelebb es\u0151 ter\u00fcletb\u0151l, amit ma is haszn\u00e1lnak, illetve az urak temet\u0151j\u00e9b\u0151l, amely j\u00f3val magasabban, a Sz\u00f6ll\u0151-oldalban helyezkedik el, \u00e9s ma m\u00e1r nehezen k\u00f6zel\u00edthet\u0151 meg a s\u0171r\u0171 bokrok \u00e9s gyomok miatt. Ide az &#8222;urakat&#8221;, a helyi elit tagjait, nagyobb (kis)birtokkal rendelkez\u0151 tehet\u0151s embereket, hivatalnokokat, tan\u00edt\u00f3kat, papokat temett\u00e9k hajdan\u00e1n. <\/p>\n<p>J\u00f3l l\u00e1tni a lassan-lassan f\u00f6ldbe s\u00fcpped\u0151, ig\u00e9nyesen faragott s\u00edrk\u00f6veket, amelyekr\u0151l m\u00e1r alig tud valamit a ma embere. M\u00f3zsi b\u00e1csi egy r\u00e9gen elhalt helyi lelk\u00e9sz s\u00edreml\u00e9k\u00e9r\u0151l k\u00e9sz\u00fclt felv\u00e9telt vett el\u0151, de m\u00e1r nem tal\u00e1ltuk meg a k\u00f6r\u00fclbel\u00fcl t\u00edz \u00e9ve fot\u00f3zott k\u00f6vet. <\/p>\n<div style=\"text-align: center;\"><img loading=\"lazy\" decoding=\"async\" src=\"http:\/\/archivum.eloszekelyfold.ro\/wp-content\/uploads\/2021\/12\/DSCN9797.JPG\" width=\"500\" height=\"387\" alt=\"\"><br \/>\n<em>L\u0151rincz J\u00f3zsef \u00e9s B\u00e1lint M\u00f3zes (Sim\u00f3 M\u00e1rton felv\u00e9tele)<br \/>\n<\/em><\/div>\n<div style=\"text-align: left;\">\nA temet\u0151ben tal\u00e1lkoztunk L\u0151rincz J\u00f3zsef nyugalmazott magyar szakos tan\u00e1rral, helyt\u00f6rt\u00e9n\u00e9sszel, de \u0151 sem tudott semmi biztosat a r\u00e9gi s\u00edreml\u00e9kekr\u0151l. <\/p>\n<p>Egy r\u00e9gi eml\u00e9k megment\u00e9s\u00e9r\u0151l azonban van tudom\u00e1sunk. N\u00e9h\u00e1ny \u00e9ve a helyi reform\u00e1tus gy\u00fclekezet visszajuttatta Kornis Kata (1581-1637), Apafi Mih\u00e1ly fejedelem nagyanyja s\u00edrk\u00f6v\u00e9t Sz\u00e9kelyderzsbe.<br \/>\n\u00a0<\/div>\n<div style=\"text-align: center;\"><img loading=\"lazy\" decoding=\"async\" src=\"http:\/\/archivum.eloszekelyfold.ro\/wp-content\/uploads\/2021\/12\/DSCN9793(1).jpg\" width=\"500\" height=\"364\" alt=\"\"><\/div>\n<div style=\"text-align: left;\">\nBizony\u00e1ra az egyh\u00e1z emberei gondoskodnak majd arr\u00f3l, hogy az itt felhalmozott \u00e9rt\u00e9kekr\u0151l tudom\u00e1st szerezzenek az\u00a0ut\u00e1nunk k\u00f6vetkez\u0151 nemzed\u00e9kek.<br \/>\n\u00a0<\/div>\n<div style=\"text-align: center;\"><img loading=\"lazy\" decoding=\"async\" src=\"http:\/\/archivum.eloszekelyfold.ro\/wp-content\/uploads\/2021\/12\/DSCN9755(1).jpg\" width=\"300\" height=\"231\" alt=\"\"><\/div>\n<div style=\"text-align: center;\"><em>M\u00f3zsi b\u00e1csi is gyakran megk\u00e9rdezi, ha tal\u00e1lkozunk <br \/>\naz utc\u00e1n: &#8211; J\u00f3-e az ir\u00e1ny?<\/em><\/div>\n<div style=\"text-align: center;\"><img loading=\"lazy\" decoding=\"async\" src=\"http:\/\/archivum.eloszekelyfold.ro\/wp-content\/uploads\/2021\/12\/DSCN9817(1).jpg\" width=\"300\" height=\"213\" alt=\"\"><br \/>\n<em>Sim\u00f3 M\u00e1rton felv\u00e9tele<\/em><br \/>\n\u00a0<\/div>\n<div style=\"text-align: left;\">Azt\u00e1n Udvarhely fel\u00e9 fordultunk. <\/p>\n<p>Lassan elt\u00e1volodtunk a falut\u00f3l, de az \u00e9gei tet\u0151r\u0151l m\u00e9g egyszer visszan\u00e9zt\u00fcnk.<\/p>\n<p>El\u00e9gg\u00e9 eln\u00e9ptelenedett, legyeng\u00fclt ez a falu is. De tal\u00e1n el fog j\u00f6nni az id\u0151, amikor valakik a ma \u00e9l\u0151 fiatalok, vagy a k\u00e9s\u0151bbiek k\u00f6z\u00fcl ide visszat\u00e9rnek, s bet\u00f6ltik ezeket az \u00e9letszereket, ahol annyi sok nemzed\u00e9ken \u00e1t \u00e9ltek az el\u0151deik.<\/p>\n<p>Elgondolkodtunk azon, hogy j\u00f3l tett\u00fck-e mindazt, amit tett\u00fcnk? Vajon j\u00f3 volt-e az ir\u00e1ny?<br \/>\n\u00a0<\/div>\n<div style=\"text-align: center;\"><img loading=\"lazy\" decoding=\"async\" src=\"http:\/\/archivum.eloszekelyfold.ro\/wp-content\/uploads\/2021\/12\/DSCN9765.JPG\" width=\"500\" height=\"391\" alt=\"\"><\/div>\n<div style=\"text-align: center;\"><em>Sim\u00f3 M\u00e1rton felv\u00e9tele<\/em><\/div>\n<div style=\"text-align: left;\">\nMint mondottuk kor\u00e1bban, M\u00f3zsi b\u00e1csi okt\u00f3ber 19-\u00e9n t\u00f6lt\u00f6tte 80. \u00e9let\u00e9v\u00e9t.<\/p>\n<p>Sok terve, \u00e9letkedve, tennival\u00f3ja van.<\/p>\n<p>Adja a J\u00f3isten, hogy m\u00e9g rengeteg elk\u00e9pzel\u00e9se val\u00f3ra v\u00e1lj\u00e9k!\u00a0<\/p>\n<p><strong>Err\u0151l az &#8222;\u00e1llapotr\u00f3l&#8221; mi k\u00fcl\u00f6n megeml\u00e9kez\u00fcnk<\/strong><\/p>\n<p>Ez a mostani tal\u00e1lkoz\u00e1s csak bevezet\u00e9s volt. <\/p>\n<p>K\u00e9sz\u00fclt M\u00f3zsi b\u00e1csival egy hosszabb \u00e9let\u00fat-interj\u00fa is a Sz\u00e9kelyf\u00f6ld sz\u00e1m\u00e1ra. Mihelyt k\u00e9sz lesz a novemberi lapsz\u00e1m, 2016. november 22-\u00e9n, kedden, 17.00 \u00f3r\u00e1t\u00f3l, kis \u00fcnneps\u00e9g keret\u00e9ben mutatjuk majd be a sz\u00e9kelyudvarhelyi M\u0171vel\u0151d\u00e9si H\u00e1z koncertterm\u00e9ben, ahol B\u00e1lint M\u00f3zes aty\u00e1nkfia az elm\u00falt f\u00e9l \u00e9vsz\u00e1zadban, mag\u00e1nyosan \u00e9s csal\u00e1dj\u00e1val egy\u00fctt soksz\u00e1z, tal\u00e1n t\u00f6bbezer alkalommal is megfordult \u00edr\u00f3-olvas\u00f3 tal\u00e1lkoz\u00f3kon, hangversenyeken, t\u00e1rlatmegnyit\u00f3kon vagy konferenci\u00e1kon.<\/p>\n<p>Minden ismer\u0151st, egykori munkat\u00e1rsat, ismer\u0151st sok szeretettel v\u00e1runk!<br \/>\n\u00a0<\/div>\n<div style=\"text-align: center;\"><em>K\u00e9sz\u00fclt a Bethlen G\u00e1bor Alap t\u00e1mogat\u00e1s\u00e1val.<\/em><\/div>\n<div style=\"text-align: center;\"><img loading=\"lazy\" decoding=\"async\" src=\"http:\/\/archivum.eloszekelyfold.ro\/wp-content\/uploads\/2021\/12\/BGA_kep_jpg1(18).jpg\" width=\"104\" height=\"91\" alt=\"\"><\/div>\n<div style=\"text-align: left;\">\n<em>Sim\u00f3 M\u00e1rton\/ \u00c9l\u0151 Sz\u00e9kelyf\u00f6ld Munkacsoport<\/em><\/p>\n<p>\u00a0<\/p><\/div>\n<div>\u00a0<\/div>\n<\/p><\/div>\n","protected":false},"excerpt":{"rendered":"<p>Hogyha van karizmatikus alakja Sz\u00e9kelyudvarhely (egykori) f\u00e9mfeldolgoz\u00f3- \u00e9s g\u00e9pipar\u00e1nak, akkor B\u00e1lint M\u00f3zes nyugalmazott m\u0171vezet\u0151 minden bizonnyal az. V\u00e1rosszerte k\u00f6zismert \u00e9s n\u00e9pszer\u0171 ember ma is. Nem csak a hajdani G\u00e1bor \u00c1ron Rt.-ben \u00e9s a Matricagy\u00e1rban elt\u00f6lt\u00f6tt \u00e9vtizedek eml\u00e9keib\u0151l \u00e9l, hanem igen \u00e9l\u00e9nk szerepl\u0151je a v\u00e1ros kultur\u00e1lis \u00e9let\u00e9nek. Sz\u00fcl\u0151faluja sorsa, a moldvai cs\u00e1ng\u00f3k \u00e9lete ma is komolyan [&hellip;]<\/p>\n","protected":false},"author":1,"featured_media":28378,"comment_status":"open","ping_status":"open","sticky":false,"template":"","format":"standard","meta":{"footnotes":""},"categories":[],"tags":[],"class_list":["post-28377","post","type-post","status-publish","format-standard","has-post-thumbnail","hentry"],"_links":{"self":[{"href":"https:\/\/archivum.eloszekelyfold.ro\/index.php\/wp-json\/wp\/v2\/posts\/28377","targetHints":{"allow":["GET"]}}],"collection":[{"href":"https:\/\/archivum.eloszekelyfold.ro\/index.php\/wp-json\/wp\/v2\/posts"}],"about":[{"href":"https:\/\/archivum.eloszekelyfold.ro\/index.php\/wp-json\/wp\/v2\/types\/post"}],"author":[{"embeddable":true,"href":"https:\/\/archivum.eloszekelyfold.ro\/index.php\/wp-json\/wp\/v2\/users\/1"}],"replies":[{"embeddable":true,"href":"https:\/\/archivum.eloszekelyfold.ro\/index.php\/wp-json\/wp\/v2\/comments?post=28377"}],"version-history":[{"count":0,"href":"https:\/\/archivum.eloszekelyfold.ro\/index.php\/wp-json\/wp\/v2\/posts\/28377\/revisions"}],"wp:featuredmedia":[{"embeddable":true,"href":"https:\/\/archivum.eloszekelyfold.ro\/index.php\/wp-json\/wp\/v2\/media\/28378"}],"wp:attachment":[{"href":"https:\/\/archivum.eloszekelyfold.ro\/index.php\/wp-json\/wp\/v2\/media?parent=28377"}],"wp:term":[{"taxonomy":"category","embeddable":true,"href":"https:\/\/archivum.eloszekelyfold.ro\/index.php\/wp-json\/wp\/v2\/categories?post=28377"},{"taxonomy":"post_tag","embeddable":true,"href":"https:\/\/archivum.eloszekelyfold.ro\/index.php\/wp-json\/wp\/v2\/tags?post=28377"}],"curies":[{"name":"wp","href":"https:\/\/api.w.org\/{rel}","templated":true}]}}