{"id":28375,"date":"2021-12-13T04:29:00","date_gmt":"2021-12-13T04:29:00","guid":{"rendered":"http:\/\/archivum.eloszekelyfold.ro\/2021\/12\/13\/onsorsronto-fuggosegeinkrol-a-korunkban\/"},"modified":"2021-12-13T04:29:00","modified_gmt":"2021-12-13T04:29:00","slug":"onsorsronto-fuggosegeinkrol-a-korunkban","status":"publish","type":"post","link":"https:\/\/archivum.eloszekelyfold.ro\/index.php\/2021\/12\/13\/onsorsronto-fuggosegeinkrol-a-korunkban\/","title":{"rendered":"\u00d6nsorsront\u00f3 f\u00fcgg\u0151s\u00e9geinkr\u0151l a Korunkban"},"content":{"rendered":"<p><\/p>\n<div style=\"color:#666666; font-family:inherit; font-size:14px;font-style: normal;text-align:left;line-height:24px;\">\n<div style=\"float:left\"><img decoding=\"async\" src=\"http:\/\/archivum.eloszekelyfold.ro\/wp-content\/uploads\/2021\/12\/564_elsoborito-2016.jpg\" alt=\"\u00d6nsorsront\u00f3 f\u00fcgg\u0151s\u00e9geinkr\u0151l a Korunkban\" style=\"padding-right:14px; padding-bottom:6px; padding-top:6px;\" width=\"320px\"><\/div>\n<p>                              A csal\u00e1drombol\u00f3 \u00e9s \u00f6npuszt\u00edt\u00f3 szenved\u00e9lybetegek \u2013 az alkohol-, drog-, nikotin-, gy\u00f3gyszer-, j\u00e1t\u00e9k- \u00e9s sok m\u00e1s f\u00fcgg\u0151s\u00e9gben szenved\u0151 fiatalok \u2013 nemcsak \u00f6nsorsront\u00f3k: sz\u0171kebb \u00e9s t\u00e1gabb k\u00f6rnyezet\u00fck \u00e9let\u00e9t is megkeser\u00edtik. <\/p>\n<p>Van-e ki\u00fat ebb\u0151l a t\u00e1rsadalmi zs\u00e1kutc\u00e1b\u00f3l, ment\u00e1lhigi\u00e9niai kelepc\u00e9b\u0151l? <\/p>\n<p>Mennyiben vezet gy\u00f3gyul\u00e1shoz a (munka)ter\u00e1pi\u00e1s k\u00f6z\u00f6ss\u00e9gi seg\u00edts\u00e9g? <\/p>\n<p>Ezekre a k\u00e9rd\u00e9sekre keresi a v\u00e1laszt a Korunk szerkeszt\u0151s\u00e9ge, mintegy folytatva a 2011. \u00e9vi 4-es sz\u00e1mban meghirdetett \u00faj eg\u00e9szs\u00e9gtudatoss\u00e1got, amelynek Pik\u00f3 Bettina egyetemi tan\u00e1r, a Szegedi Tudom\u00e1nyegyetem Magatart\u00e1skutat\u00f3 Int\u00e9zet\u00e9nek vezet\u0151je, az MTA doktora volt a t\u00e9mafelvezet\u0151je. <\/p>\n<p>A mostani sz\u00e1mot is az \u0151 tanulm\u00e1nya nyitja a vesz\u00e9lyes f\u00fcgg\u0151s\u00e9gek \u00e9s ugyanakkor a v\u00e9dekez\u00e9si lehet\u0151s\u00e9gek sz\u00e1mav\u00e9tel\u00e9vel. A felvetett k\u00e9rd\u00e9seket Nagy Zsolt az addiktol\u00f3gus szem\u00e9vel l\u00e1ttatja, s gondolja tov\u00e1bb J\u00f3zans\u00e1gmunka \u00e9s fel\u00e9p\u00fcl\u00e9s f\u00fcgg\u0151 t\u00e1rsadalmakban c\u00edmmel.\u00a0<\/p>\n<div>\u00a0<\/div>\n<div>A nemzetk\u00f6zi egy\u00fcttm\u0171k\u00f6d\u00e9sen alapul\u00f3 rom\u00e1niai kutat\u00e1si k\u00e9pess\u00e9gfejleszt\u00e9sr\u0151l (pontosabban: annak egyik\u00a0szegmens\u00e9r\u0151l) \u00c1br\u00e1m Zolt\u00e1n, a Marosv\u00e1s\u00e1rhelyi Orvosi \u00e9s Gy\u00f3gyszer\u00e9szeti Egyetem professzora ny\u00fajt \u00e1tfog\u00f3 k\u00e9pet. A\u00a0gy\u00f3gyszeres f\u00fcgg\u0151s\u00e9gekr\u0151l a Marosv\u00e1s\u00e1rhelyr\u0151l elsz\u00e1rmazott Kovalszki P\u00e9ter fejti ki v\u00e9lem\u00e9ny\u00e9t r\u00e9szben a\u00a0legfrissebb amerikai szakirodalom, m\u00e1sr\u00e9szt \u00a0ottani \u00a0gy\u00f3gy\u00edt\u00f3i\/konzult\u00e1ns gyakorlata, illetve orvos-igazgat\u00f3i\u00a0tapasztalatai alapj\u00e1n.<\/p>\n<p>Az olvas\u00f3 az MTA TTK munkat\u00e1rsainak \u00a0(Papp Z. Attila \u00e9s Szerbhorv\u00e1t Gy\u00f6rgy) szociol\u00f3giai felm\u00e9r\u00e9sei alapj\u00e1n kap\u00a0hiteles t\u00e1j\u00e9koztat\u00e1st a K\u00e1rp\u00e1t-medencei fiatalok \u00f6nsorsront\u00e1s\u00e1r\u00f3l. N\u00e9gy erd\u00e9lyi egyetem\u00fcnk kutat\u00f3i Albert-L\u0151rincz\u00a0Enik\u0151 professzor vezet\u00e9s\u00e9vel Hargita, Kov\u00e1szna \u00e9s Maros megy\u00e9ben v\u00e9geztek m\u00e9lyf\u00far\u00e1st.\u00a0<\/p>\n<p>Az 1993-ban megalap\u00edtott Ment\u0151 Misszi\u00f3, az 1996-ban \u00fatj\u00e1ra ind\u00edtott Bonus Pastor Alap\u00edtv\u00e1ny, a Drogter\u00e1pi\u00e1s Otthon\u00a0l\u00e9trej\u00f6tte (2005) \u00e9s m\u0171k\u00f6d\u00e9se azt bizony\u00edtja, hogy gyakorlatilag is lehet seg\u00edteni azokon, akikr\u0151l k\u00f6rnyezet\u00fck\u00a0t\u00f6bb\u00e9-kev\u00e9sb\u00e9 m\u00e1r lemondott. Az erd\u00e9lyi tapasztalatokat meger\u0151s\u00edtik a budapesti Ny\u00edr\u0151 Gyula K\u00f3rh\u00e1zban, a Semmelweis\u00a0Egyetemen, a Szegedi Tudom\u00e1nyegyetem Magatart\u00e1studom\u00e1nyi Int\u00e9zet\u00e9ben, illetve Ifj\u00fas\u00e1gkutat\u00f3 Munkacsoportj\u00e1ban\u00a0v\u00e9gzett megfigyel\u00e9sek is.<\/p>\n<p>Meglepet\u00e9sek\u00e9nt hat az internetf\u00fcgg\u0151s\u00e9g \u2013 szerkeszt\u0151s\u00e9g\u00fcnk felk\u00e9r\u00e9s\u00e9re sz\u00fcletett \u2013 legfrissebb hazai vizsg\u00e1lata.\u00a0Ki kit tart a mark\u00e1ban? \u2013 k\u00e9rdezi a nomof\u00f3bi\u00e1r\u00f3l \u00e9rtekez\u0151 kolozsv\u00e1ri pszichol\u00f3gus, Vargha-Jen\u0151 L\u00e1szl\u00f3. P\u00e9ter \u00c1rp\u00e1d\u00a0m\u00e9diakutat\u00f3 a \u201evirtu\u00e1lis vil\u00e1gok b\u0171v\u00f6let\u00e9ben\u201d kialakult sz\u00e1m\u00edt\u00f3g\u00e9pj\u00e1t\u00e9k-f\u00fcgg\u0151s\u00e9g aspektusait elemzi \u2013 ugyancsak\u00a0meggondolkoztat\u00f3 k\u00f6vetkeztet\u00e9sekkel.<\/p>\n<p><em>Forr\u00e1s: Korunk szerkeszt\u0151s\u00e9ge<\/p>\n<p>\u00c9l\u0151 Sz\u00e9kelyf\u00f6ld Munkacsoport<\/em><\/div>\n<div>\u00a0<\/div>\n<\/p><\/div>\n","protected":false},"excerpt":{"rendered":"<p>A csal\u00e1drombol\u00f3 \u00e9s \u00f6npuszt\u00edt\u00f3 szenved\u00e9lybetegek \u2013 az alkohol-, drog-, nikotin-, gy\u00f3gyszer-, j\u00e1t\u00e9k- \u00e9s sok m\u00e1s f\u00fcgg\u0151s\u00e9gben szenved\u0151 fiatalok \u2013 nemcsak \u00f6nsorsront\u00f3k: sz\u0171kebb \u00e9s t\u00e1gabb k\u00f6rnyezet\u00fck \u00e9let\u00e9t is megkeser\u00edtik. Van-e ki\u00fat ebb\u0151l a t\u00e1rsadalmi zs\u00e1kutc\u00e1b\u00f3l, ment\u00e1lhigi\u00e9niai kelepc\u00e9b\u0151l? Mennyiben vezet gy\u00f3gyul\u00e1shoz a (munka)ter\u00e1pi\u00e1s k\u00f6z\u00f6ss\u00e9gi seg\u00edts\u00e9g? Ezekre a k\u00e9rd\u00e9sekre keresi a v\u00e1laszt a Korunk szerkeszt\u0151s\u00e9ge, mintegy folytatva a [&hellip;]<\/p>\n","protected":false},"author":1,"featured_media":28376,"comment_status":"open","ping_status":"open","sticky":false,"template":"","format":"standard","meta":{"footnotes":""},"categories":[],"tags":[],"class_list":["post-28375","post","type-post","status-publish","format-standard","has-post-thumbnail","hentry"],"_links":{"self":[{"href":"https:\/\/archivum.eloszekelyfold.ro\/index.php\/wp-json\/wp\/v2\/posts\/28375","targetHints":{"allow":["GET"]}}],"collection":[{"href":"https:\/\/archivum.eloszekelyfold.ro\/index.php\/wp-json\/wp\/v2\/posts"}],"about":[{"href":"https:\/\/archivum.eloszekelyfold.ro\/index.php\/wp-json\/wp\/v2\/types\/post"}],"author":[{"embeddable":true,"href":"https:\/\/archivum.eloszekelyfold.ro\/index.php\/wp-json\/wp\/v2\/users\/1"}],"replies":[{"embeddable":true,"href":"https:\/\/archivum.eloszekelyfold.ro\/index.php\/wp-json\/wp\/v2\/comments?post=28375"}],"version-history":[{"count":0,"href":"https:\/\/archivum.eloszekelyfold.ro\/index.php\/wp-json\/wp\/v2\/posts\/28375\/revisions"}],"wp:featuredmedia":[{"embeddable":true,"href":"https:\/\/archivum.eloszekelyfold.ro\/index.php\/wp-json\/wp\/v2\/media\/28376"}],"wp:attachment":[{"href":"https:\/\/archivum.eloszekelyfold.ro\/index.php\/wp-json\/wp\/v2\/media?parent=28375"}],"wp:term":[{"taxonomy":"category","embeddable":true,"href":"https:\/\/archivum.eloszekelyfold.ro\/index.php\/wp-json\/wp\/v2\/categories?post=28375"},{"taxonomy":"post_tag","embeddable":true,"href":"https:\/\/archivum.eloszekelyfold.ro\/index.php\/wp-json\/wp\/v2\/tags?post=28375"}],"curies":[{"name":"wp","href":"https:\/\/api.w.org\/{rel}","templated":true}]}}