{"id":28373,"date":"2021-12-13T04:27:00","date_gmt":"2021-12-13T04:27:00","guid":{"rendered":"http:\/\/archivum.eloszekelyfold.ro\/2021\/12\/13\/bunos-lenne-az-1989-decembere-utani-elso-roman-vezetes\/"},"modified":"2021-12-13T04:27:00","modified_gmt":"2021-12-13T04:27:00","slug":"bunos-lenne-az-1989-decembere-utani-elso-roman-vezetes","status":"publish","type":"post","link":"https:\/\/archivum.eloszekelyfold.ro\/index.php\/2021\/12\/13\/bunos-lenne-az-1989-decembere-utani-elso-roman-vezetes\/","title":{"rendered":"B\u0171n\u00f6s lenne az 1989 decembere ut\u00e1ni els\u0151 rom\u00e1n vezet\u00e9s?"},"content":{"rendered":"<p><\/p>\n<div style=\"color:#666666; font-family:inherit; font-size:14px;font-style: normal;text-align:left;line-height:24px;\">\n<div style=\"float:left\"><img decoding=\"async\" src=\"http:\/\/archivum.eloszekelyfold.ro\/wp-content\/uploads\/2021\/12\/565_ceausescu_helicopter_1_.jpg\" alt=\"B\u0171n\u00f6s lenne az 1989 decembere ut\u00e1ni els\u0151 rom\u00e1n vezet\u00e9s?\" style=\"padding-right:14px; padding-bottom:6px; padding-top:6px;\" width=\"320px\"><\/div>\n<p>                              Emberiess\u00e9g elleni b\u0171ncselekm\u00e9nyek gyan\u00faj\u00e1val ind\u00edtott vizsg\u00e1latot ismeretlen tettesek ellen a katonai \u00fcgy\u00e9szs\u00e9g az 1989-es forradalom \u00fcgy\u00e9ben &#8211; k\u00f6z\u00f6lte szerd\u00e1n a rom\u00e1n legf\u0151bb \u00fcgy\u00e9szs\u00e9g.\u00a0A v\u00e1dhat\u00f3s\u00e1g szerint az 1989. december 22-\u00e9n hatalomra ker\u00fclt \u00faj politikai \u00e9s katonai vezet\u00e9s hatalm\u00e1nak meg\u0151rz\u00e9se \u00e9rdek\u00e9ben olyan int\u00e9zked\u00e9seket hozott, amelyek sok ember hal\u00e1l\u00e1hoz, testi \u00e9s lelki s\u00e9r\u00fcl\u00e9s\u00e9hez vezettek, \u00edgy ezek a cselekm\u00e9nyek kimer\u00edtik az emberiess\u00e9g elleni b\u0171ntettek ism\u00e9rveit.<\/p>\n<p>A katonai \u00fcgy\u00e9szs\u00e9g a forradalom akt\u00e1inak vizsg\u00e1lata sor\u00e1n arra a k\u00f6vetkeztet\u00e9sre jutott, hogy a tettesek el\u0151re kidolgozott terv alapj\u00e1n egy polg\u00e1rh\u00e1bor\u00fa l\u00e1tszat\u00e1t keltett\u00e9k, &#8222;az \u00faj vezet\u0151k hatalomra juttat\u00e1sa \u00e9s legitim\u00e1l\u00e1sa&#8221; \u00e9rdek\u00e9ben.<\/p>\n<p>A v\u00e1dhat\u00f3s\u00e1g meg\u00e1llap\u00edtja: sz\u00e1mos telep\u00fcl\u00e9sen fegyveres incidensek t\u00f6rt\u00e9ntek, amelyeket a polg\u00e1ri lakoss\u00e1g utc\u00e1ra sz\u00f3l\u00edt\u00e1s\u00e1val \u00e9s felfegyverz\u00e9s\u00e9vel, a v\u00e9delmi miniszt\u00e9rium vezet\u00e9s\u00e9nek megoszt\u00e1s\u00e1val, a fegyveres egys\u00e9geknek adott ellentmond\u00e1sos parancsokkal, a bel\u00fcgyi \u00e9s katonai alakulatok egym\u00e1s ellen val\u00f3 kij\u00e1tsz\u00e1s\u00e1val id\u00e9ztek el\u0151.<\/p>\n<p>Az \u00e1lh\u00edrek terjeszt\u00e9s\u00e9be a Rom\u00e1n Telev\u00edzi\u00f3t (TVR) is bevont\u00e1k, amely p\u00e1nikkelt\u0151, felh\u00edv\u00e1sokat tett k\u00f6zz\u00e9.\u00a0<\/p>\n<div>\u00a0<\/div>\n<div>Mindennek a c\u00e9lja egy pszichol\u00f3giai \u00e9s m\u00e9diah\u00e1bor\u00fa elind\u00edt\u00e1sa volt, amely azt\u00e1n sz\u00e1mos \u00e1ldozatot szedett &#8211; mutat r\u00e1\u00a0a k\u00f6zlem\u00e9ny.<\/p>\n<p>Rom\u00e1ni\u00e1ban az ut\u00f3bbi negyed \u00e9vsz\u00e1zadban sz\u00e9les k\u00f6rben elfogadott\u00e1 v\u00e1lt az a felt\u00e9telez\u00e9s, hogy 1989\u00a0december\u00e9ben a kommunista dikt\u00e1tor elmenek\u00fcl\u00e9se ut\u00e1n a hatalmat mag\u00e1hoz ragad\u00f3 Ion Iliescu vezette\u00a0reformkommunist\u00e1k szerveztek sz\u00e1z \u00e1ldozattal j\u00e1r\u00f3 diverzi\u00f3s cselekm\u00e9nyt, m\u00e9gpedig az\u00e9rt, hogy egy nem l\u00e9tez\u0151\u00a0ellens\u00e9get legy\u0151zve, harci \u00e9rdemeket szerezve igazolj\u00e1k hatalmukat. Most el\u0151sz\u00f6r t\u00f6rt\u00e9nik azonban, hogy az akkori\u00a0esem\u00e9nyek b\u00fcntet\u0151jogi felel\u0151ss\u00e9g\u00e9t vizsg\u00e1l\u00f3 \u00fcgy\u00e9szs\u00e9g ugyanezt \u00e1ll\u00edtja.<br \/>\n\u00a0<\/div>\n<div style=\"text-align: center;\"><img loading=\"lazy\" decoding=\"async\" src=\"http:\/\/archivum.eloszekelyfold.ro\/wp-content\/uploads\/2021\/12\/civilek_es_katonak.jpg\" width=\"500\" height=\"328\" alt=\"\"><\/div>\n<div style=\"text-align: center;\"><em>T\u00fcntet\u0151k \u00e9s karhatalmi er\u0151k szemben\u00e1ll\u00e1sa a ny\u00edlt utc\u00e1n<\/em><\/div>\n<div>\nA v\u00e1dhat\u00f3s\u00e1g k\u00f6zlem\u00e9ny\u00e9b\u0151l nem der\u00fcl ki,\u00a0milyen bizony\u00edt\u00e9kokkal rendelkeznek.<\/p>\n<p>A rom\u00e1n legfels\u0151 b\u00edr\u00f3s\u00e1g j\u00faniusban hagyta j\u00f3v\u00e1 az 1989-es forradalom akt\u00e1inak \u00fajranyit\u00e1s\u00e1t azt k\u00f6vet\u0151en, hogy a\u00a0forradalm\u00e1rokat t\u00f6m\u00f6r\u00edt\u0151, bukaresti December 21-e Egyes\u00fclet t\u00f6bb tagja pert nyert Rom\u00e1nia ellen az Emberi Jogok\u00a0Eur\u00f3pai B\u00edr\u00f3s\u00e1g\u00e1n (EJEB), ami\u00e9rt Rom\u00e1nia nem szolg\u00e1ltatott igazs\u00e1got a forradalom sebes\u00fcltjeinek \u00e9s a hal\u00e1los\u00a0\u00e1ldozatok hozz\u00e1tartoz\u00f3inak.<br \/>\n\u00a0<\/div>\n<div style=\"text-align: center;\"><img loading=\"lazy\" decoding=\"async\" src=\"http:\/\/archivum.eloszekelyfold.ro\/wp-content\/uploads\/2021\/12\/utca_1989_ben(1).jpg\" width=\"500\" height=\"318\" alt=\"\"><\/div>\n<div>\nA kor\u00e1bbi nem hivatalos statisztikai adatok szerint a Temesv\u00e1rr\u00f3l indult, Nicolae Ceausescu kommunista dikt\u00e1tor\u00a0buk\u00e1s\u00e1hoz vezet\u0151 1989-es forradalom napjaiban 1142-en vesztett\u00e9k \u00e9let\u00fcket \u00e9s 3138-an megsebes\u00fcltek &#8211; t\u00falnyom\u00f3\u00a0t\u00f6bbs\u00e9g\u00fck a dikt\u00e1tor el\u0171z\u00e9se ut\u00e1n.<\/p>\n<p><em>Forr\u00e1s: MTI<\/em><\/div>\n<div>\u00a0<\/div>\n<\/p><\/div>\n","protected":false},"excerpt":{"rendered":"<p>Emberiess\u00e9g elleni b\u0171ncselekm\u00e9nyek gyan\u00faj\u00e1val ind\u00edtott vizsg\u00e1latot ismeretlen tettesek ellen a katonai \u00fcgy\u00e9szs\u00e9g az 1989-es forradalom \u00fcgy\u00e9ben &#8211; k\u00f6z\u00f6lte szerd\u00e1n a rom\u00e1n legf\u0151bb \u00fcgy\u00e9szs\u00e9g.\u00a0A v\u00e1dhat\u00f3s\u00e1g szerint az 1989. december 22-\u00e9n hatalomra ker\u00fclt \u00faj politikai \u00e9s katonai vezet\u00e9s hatalm\u00e1nak meg\u0151rz\u00e9se \u00e9rdek\u00e9ben olyan int\u00e9zked\u00e9seket hozott, amelyek sok ember hal\u00e1l\u00e1hoz, testi \u00e9s lelki s\u00e9r\u00fcl\u00e9s\u00e9hez vezettek, \u00edgy ezek a cselekm\u00e9nyek [&hellip;]<\/p>\n","protected":false},"author":1,"featured_media":28374,"comment_status":"open","ping_status":"open","sticky":false,"template":"","format":"standard","meta":{"footnotes":""},"categories":[],"tags":[],"class_list":["post-28373","post","type-post","status-publish","format-standard","has-post-thumbnail","hentry"],"_links":{"self":[{"href":"https:\/\/archivum.eloszekelyfold.ro\/index.php\/wp-json\/wp\/v2\/posts\/28373","targetHints":{"allow":["GET"]}}],"collection":[{"href":"https:\/\/archivum.eloszekelyfold.ro\/index.php\/wp-json\/wp\/v2\/posts"}],"about":[{"href":"https:\/\/archivum.eloszekelyfold.ro\/index.php\/wp-json\/wp\/v2\/types\/post"}],"author":[{"embeddable":true,"href":"https:\/\/archivum.eloszekelyfold.ro\/index.php\/wp-json\/wp\/v2\/users\/1"}],"replies":[{"embeddable":true,"href":"https:\/\/archivum.eloszekelyfold.ro\/index.php\/wp-json\/wp\/v2\/comments?post=28373"}],"version-history":[{"count":0,"href":"https:\/\/archivum.eloszekelyfold.ro\/index.php\/wp-json\/wp\/v2\/posts\/28373\/revisions"}],"wp:featuredmedia":[{"embeddable":true,"href":"https:\/\/archivum.eloszekelyfold.ro\/index.php\/wp-json\/wp\/v2\/media\/28374"}],"wp:attachment":[{"href":"https:\/\/archivum.eloszekelyfold.ro\/index.php\/wp-json\/wp\/v2\/media?parent=28373"}],"wp:term":[{"taxonomy":"category","embeddable":true,"href":"https:\/\/archivum.eloszekelyfold.ro\/index.php\/wp-json\/wp\/v2\/categories?post=28373"},{"taxonomy":"post_tag","embeddable":true,"href":"https:\/\/archivum.eloszekelyfold.ro\/index.php\/wp-json\/wp\/v2\/tags?post=28373"}],"curies":[{"name":"wp","href":"https:\/\/api.w.org\/{rel}","templated":true}]}}