{"id":28371,"date":"2021-12-13T04:25:01","date_gmt":"2021-12-13T04:25:01","guid":{"rendered":"http:\/\/archivum.eloszekelyfold.ro\/2021\/12\/13\/szine-es-fonakja\/"},"modified":"2021-12-13T04:25:01","modified_gmt":"2021-12-13T04:25:01","slug":"szine-es-fonakja","status":"publish","type":"post","link":"https:\/\/archivum.eloszekelyfold.ro\/index.php\/2021\/12\/13\/szine-es-fonakja\/","title":{"rendered":"Sz\u00edne \u00e9s fon\u00e1kja"},"content":{"rendered":"<p><\/p>\n<div style=\"color:#666666; font-family:inherit; font-size:14px;font-style: normal;text-align:left;line-height:24px;\">\n<div style=\"float:left\"><img decoding=\"async\" src=\"http:\/\/archivum.eloszekelyfold.ro\/wp-content\/uploads\/2021\/12\/567_valamilyen_virag.jpg\" alt=\" Sz\u00edne \u00e9s fon\u00e1kja\" style=\"padding-right:14px; padding-bottom:6px; padding-top:6px;\" width=\"320px\"><\/div>\n<div>A hal\u00e1l az \u00e9let tartoz\u00e9ka, szokta mondani egyik ismer\u0151s\u00f6m, amikor a temet\u0151kertben \u00f6sszefutunk, mostan\u00e1ban egyre\u00a0gyakrabban, a temet\u00e9sek alkalm\u00e1val.\u00a0<\/p>\n<p>Az elv\u00e1l\u00e1s szeretteinkt\u0151l mindenki sz\u00e1m\u00e1ra szomor\u00fa pillanat, j\u00f3l l\u00e1tszik ez az arcokon is, ilyenkor mindenki mag\u00e1ba\u00a0sz\u00e1ll, elgondolkodik, mennyit is \u00e9r az \u00e9let. Nem \u00e1lljuk meg sz\u00f3 n\u00e9lk\u00fcl, hogy ne k\u00e9rdezn\u00e9nk meg a legk\u00f6zelebb\u00a0\u00e1ll\u00f3t\u00f3l: val\u00f3ban ennyit \u00e9r az \u00e9let?\u00a0<\/p>\n<p>Rohan\u00f3 vil\u00e1gban \u00e9l\u00fcnk, de \u00edgy mondt\u00e1k ezt sz\u00e1z \u00e9vvel ezel\u0151tt is el\u0151deink. M\u00e1r a k\u00f6zeli ismer\u0151s\u00fcnk utols\u00f3 \u00fatj\u00e1ra is,\u00a0alig \u00e9r\u00fcnk el, mert nem l\u00e1tszunk ki a munk\u00e1b\u00f3l. S\u0151t el\u0151fordul, a nagy siets\u00e9gben a maroktelefont is el felejtj\u00fck\u00a0lehalk\u00edtani, mert fontos h\u00edv\u00e1st v\u00e1runk.<\/p><\/div>\n<div>\nTulajdonk\u00e9ppen nem is err\u0151l akartam besz\u00e9lni, hanem a temet\u00e9s ut\u00e1ni torr\u00f3l.<\/p>\n<p>El\u0151tte viszont mondjam el, vannak telep\u00fcl\u00e9sek, ahol annyi vir\u00e1gkoszor\u00fat visznek az elhunyt eml\u00e9k\u00e9re, hogy a\u00a0gy\u00e1szhusz\u00e1rok nem tudj\u00e1k, mit kezdjenek vele. Olyan is visz bel\u0151le, aki lehet, hogy \u00e9let\u00e9ben egy sz\u00e1l vir\u00e1ggal sem\u00a0kedveskedett az illet\u0151nek.<br \/>\n\u00a0<\/div>\n<div style=\"text-align: center;\"><img loading=\"lazy\" decoding=\"async\" src=\"http:\/\/archivum.eloszekelyfold.ro\/wp-content\/uploads\/2021\/12\/koszoru.JPG\" width=\"500\" height=\"299\" alt=\"\" style=\"text-align: center;\"><br \/>\n\u00a0<\/div>\n<div style=\"text-align: left;\">Tegy\u00fck most f\u00e9lre, az emberi hib\u00e1kat\u2026 Azt akarom elmondani, van egy j\u00f3 szok\u00e1s Korondon, ahol csak a k\u00f6zeli\u00a0hozz\u00e1tartoz\u00f3k, rokonok visznek koszor\u00fat, a t\u00f6bbiek p\u00e9nzt adnak helyette. Mindig van egy cerem\u00f3nia mester, vagy\u00a0nevezz\u00fck gazd\u00e1nak, aki ir\u00e1ny\u00edtja a t\u00f6rt\u00e9n\u00e9seket, neki adj\u00e1k oda diszkr\u00e9ten, aki pontos nyilv\u00e1ntart\u00e1s vezet r\u00f3la. Az\u00a0adakoz\u00f3kat azt\u00e1n megh\u00edvj\u00e1k a torba, Sz\u00e9kelyf\u00f6ld\u00f6n sok helyen van ennek hagyom\u00e1nya. Van, akinek egy falat se menne\u00a0le a tork\u00e1n temet\u00e9s ut\u00e1n, m\u00e1sok a fesz\u00fclts\u00e9g ut\u00e1ni megnyugv\u00e1st l\u00e1tj\u00e1k benne, tal\u00e1lkozni a sz\u00e9tsz\u00f3r\u00f3dott\u00a0rokons\u00e1ggal, besz\u00e9lgetni, felold\u00f3dni. Egyfajta lelki megk\u00f6nnyebb\u00fcl\u00e9s. J\u00f3, ha tudja a gy\u00e1szol\u00f3, hogy a rokonok\u00a0egy\u00fctt \u00e9reznek v\u00e9le.<\/p>\n<p>Igen\u00e1m, de van, ahol ez a tor egy vagyonba ker\u00fcl. A tor megszervez\u00e9se a hozz\u00e1tartoz\u00f3kat komoly p\u00e9nz\u00fcgyi neh\u00e9zs\u00e9gbe\u00a0sodorhatja. Ez\u00e9rt tartom j\u00f3 p\u00e9ld\u00e1nak a korondiak\u00e9t, mert, sok esetben a koszor\u00fa-p\u00e9nz, sok fejf\u00e1j\u00e1st\u00f3l mentheti meg\u00a0a h\u00e1tramaradottakat.<\/p>\n<p>Mondok egy m\u00e1sik p\u00e9ld\u00e1t. Az ut\u00f3bbi \u00e9vtizedekben \u2013 f\u0151leg falusi k\u00f6rnyezetben \u2013 nagy hagyom\u00e1nya van a\u00a0kort\u00e1rstal\u00e1lkoz\u00f3knak, amikor a 40, 50, 60, 70 \u00e9vesek tal\u00e1lkoznak, melyre megh\u00edvj\u00e1k a k\u00f6zs\u00e9gben sz\u00fcletett\u00a0kort\u00e1rsakat. Az \u00fcnneps\u00e9geket \u00e1ltal\u00e1ban szombatra szervezik.\u00a0<br \/>\n\u00a0<\/div>\n<div style=\"text-align: center;\"><img loading=\"lazy\" decoding=\"async\" src=\"http:\/\/archivum.eloszekelyfold.ro\/wp-content\/uploads\/2021\/12\/kortars talalkozo 60.jpg\" width=\"500\" height=\"301\" alt=\"\"><\/div>\n<div style=\"text-align: center;\"><em>60 \u00e9vesek kort\u00e1rstal\u00e1lkoz\u00f3ja Als\u00f3s\u00f3falv\u00e1n (2014)<\/em><br \/>\n\u00a0<\/div>\n<div style=\"text-align: left;\">Az azonos \u201e\u00e9vj\u00e1rat\u00faak\u201d is kialak\u00edtottak id\u0151k\u00f6zben minden telep\u00fcl\u00e9sen egy j\u00f3l meghat\u00e1rozott forgat\u00f3k\u00f6nyvet.\u00a0Gy\u00fclekez\u0151 a templom vagy a kult\u00farotthon el\u0151tt; k\u00f6z\u00f6s f\u00e9nyk\u00e9pek elk\u00e9sz\u00edt\u00e9se; \u00fcnnepi szentmise, istentisztelet; a\u00a0templomb\u00f3l val\u00f3 kivonul\u00e1skor rokonok, ismer\u0151s\u00f6k vir\u00e1ggal k\u00f6sz\u00f6ntik az \u00fcnnepelteket, a helyi f\u00fav\u00f3szenekar pedig\u00a0alkalomhoz ill\u0151 dalokat j\u00e1tszik; levonul\u00e1s a temet\u0151be \u00e9s az elhunyt kort\u00e1rsak s\u00edrhantjainak megkoszor\u00faz\u00e1sa; este\u00a0zen\u00e9s mulats\u00e1g a vend\u00e9gl\u0151ben.\u00a0<\/p>\n<p>Sz\u00e9p, felemel\u0151 \u00e9rz\u00e9s, egy\u00fctt lenni kort\u00e1rsaiddal, ilyenkor az eg\u00e9sz falu \u00fcnnepel, messzir\u0151l is hazah\u00edvj\u00e1k \u00e9s\u00a0szeretettel fogadj\u00e1k a falu sz\u00fcl\u00f6tteit. Vas\u00e1rnap az \u00fcnnepeltet sorra k\u00f6sz\u00f6ntik a rokonok \u00e9s az ismer\u0151s\u00f6k, val\u00f3s\u00e1gos\u00a0b\u00facs\u00faj\u00e1r\u00f3 helly\u00e9 v\u00e1ltozik a csal\u00e1di otthon, egym\u00e1snak adj\u00e1k a kilincset az ismer\u0151s\u00f6k. A vend\u00e9get \u00fcnnepi eb\u00e9ddel\u00a0illik fogadni, sok helyen lakodalmi hangulat alakul ki.\u00a0<\/p>\n<p>A fon\u00e1kja az eg\u00e9sznek, hogy egyes telep\u00fcl\u00e9seken divatba j\u00f6tt p\u00e9nzt aj\u00e1nd\u00e9kozni bor\u00edt\u00e9kban az \u00fcnnepelteknek, att\u00f3l\u00a0f\u00fcgg\u0151en, hogy milyen fokozat\u00fa a rokoni kapcsolat. Ez pedig \u2013 \u00fagy gondolon \u2013, nincs rendj\u00e9n, mert ezzel sokat vesz\u00edt\u00a0f\u00e9ny\u00e9b\u0151l az \u00fcnneps\u00e9g.<\/p>\n<p>A p\u00e9nzt ilyenkor el kellene felejteni. Mert ez nem tor. \u00c9s nem is ballag\u00e1s.<\/p>\n<p><em>Bal\u00e1zs \u00c1rp\u00e1d\/ \u00c9l\u0151 Sz\u00e9kelyf\u00f6ld Munkacsoport<\/em><\/div>\n<\/p><\/div>\n","protected":false},"excerpt":{"rendered":"<p>A hal\u00e1l az \u00e9let tartoz\u00e9ka, szokta mondani egyik ismer\u0151s\u00f6m, amikor a temet\u0151kertben \u00f6sszefutunk, mostan\u00e1ban egyre\u00a0gyakrabban, a temet\u00e9sek alkalm\u00e1val.\u00a0 Az elv\u00e1l\u00e1s szeretteinkt\u0151l mindenki sz\u00e1m\u00e1ra szomor\u00fa pillanat, j\u00f3l l\u00e1tszik ez az arcokon is, ilyenkor mindenki mag\u00e1ba\u00a0sz\u00e1ll, elgondolkodik, mennyit is \u00e9r az \u00e9let. Nem \u00e1lljuk meg sz\u00f3 n\u00e9lk\u00fcl, hogy ne k\u00e9rdezn\u00e9nk meg a legk\u00f6zelebb\u00a0\u00e1ll\u00f3t\u00f3l: val\u00f3ban ennyit \u00e9r az [&hellip;]<\/p>\n","protected":false},"author":1,"featured_media":28372,"comment_status":"open","ping_status":"open","sticky":false,"template":"","format":"standard","meta":{"footnotes":""},"categories":[],"tags":[],"class_list":["post-28371","post","type-post","status-publish","format-standard","has-post-thumbnail","hentry"],"_links":{"self":[{"href":"https:\/\/archivum.eloszekelyfold.ro\/index.php\/wp-json\/wp\/v2\/posts\/28371","targetHints":{"allow":["GET"]}}],"collection":[{"href":"https:\/\/archivum.eloszekelyfold.ro\/index.php\/wp-json\/wp\/v2\/posts"}],"about":[{"href":"https:\/\/archivum.eloszekelyfold.ro\/index.php\/wp-json\/wp\/v2\/types\/post"}],"author":[{"embeddable":true,"href":"https:\/\/archivum.eloszekelyfold.ro\/index.php\/wp-json\/wp\/v2\/users\/1"}],"replies":[{"embeddable":true,"href":"https:\/\/archivum.eloszekelyfold.ro\/index.php\/wp-json\/wp\/v2\/comments?post=28371"}],"version-history":[{"count":0,"href":"https:\/\/archivum.eloszekelyfold.ro\/index.php\/wp-json\/wp\/v2\/posts\/28371\/revisions"}],"wp:featuredmedia":[{"embeddable":true,"href":"https:\/\/archivum.eloszekelyfold.ro\/index.php\/wp-json\/wp\/v2\/media\/28372"}],"wp:attachment":[{"href":"https:\/\/archivum.eloszekelyfold.ro\/index.php\/wp-json\/wp\/v2\/media?parent=28371"}],"wp:term":[{"taxonomy":"category","embeddable":true,"href":"https:\/\/archivum.eloszekelyfold.ro\/index.php\/wp-json\/wp\/v2\/categories?post=28371"},{"taxonomy":"post_tag","embeddable":true,"href":"https:\/\/archivum.eloszekelyfold.ro\/index.php\/wp-json\/wp\/v2\/tags?post=28371"}],"curies":[{"name":"wp","href":"https:\/\/api.w.org\/{rel}","templated":true}]}}