{"id":28369,"date":"2021-12-13T04:23:00","date_gmt":"2021-12-13T04:23:00","guid":{"rendered":"http:\/\/archivum.eloszekelyfold.ro\/2021\/12\/13\/hargita-megyeben-tovabbra-is-gyenge-a-fizetes\/"},"modified":"2021-12-13T04:23:00","modified_gmt":"2021-12-13T04:23:00","slug":"hargita-megyeben-tovabbra-is-gyenge-a-fizetes","status":"publish","type":"post","link":"https:\/\/archivum.eloszekelyfold.ro\/index.php\/2021\/12\/13\/hargita-megyeben-tovabbra-is-gyenge-a-fizetes\/","title":{"rendered":"Hargita megy\u00e9ben tov\u00e1bbra is gyenge a fizet\u00e9s"},"content":{"rendered":"<p><\/p>\n<div style=\"color:#666666; font-family:inherit; font-size:14px;font-style: normal;text-align:left;line-height:24px;\">\n<div style=\"float:left\"><img decoding=\"async\" src=\"http:\/\/archivum.eloszekelyfold.ro\/wp-content\/uploads\/2021\/12\/568_kozepregio.jpg\" alt=\"Hargita megy\u00e9ben tov\u00e1bbra is gyenge a fizet\u00e9s\" style=\"padding-right:14px; padding-bottom:6px; padding-top:6px;\" width=\"320px\"><\/div>\n<p>                              A felm\u00e9r\u00e9sek szerint Rom\u00e1nia K\u00f6z\u00e9pr\u00e9gi\u00f3j\u00e1ban tov\u00e1bbra is a Hargita megy\u00e9ben \u00e9l\u0151k vihetik haza a legkisebb fizet\u00e9seket.<\/p>\n<p>A Feh\u00e9r, Szeben, Brass\u00f3, Kov\u00e1szna, Hargita \u00e9s Maros megy\u00e9b\u0151l \u00e1ll\u00f3 EU-r\u00e9gi\u00f3ban a k\u00e9t nagyv\u00e1ros Nagyszeben \u00e9s Brass\u00f3 tov\u00e1bbra is vonza mag\u00e1hoz a t\u0151k\u00e9t \u00e9s a k\u00e9pzett munkaer\u0151t, Marosv\u00e1s\u00e1rhely n\u00e9mik\u00e9pp jav\u00edtott poz\u00edci\u00f3j\u00e1n, Kov\u00e1szna megy\u00e9ben enyh\u00e9n pozit\u00edv folyamatok mutathat\u00f3k ki, amelyek nem a helyi befektet\u00e9sekb\u0151l \u00e9s fejleszt\u00e9sekb\u0151l, hanem j\u00f3r\u00e9szt Brass\u00f3 k\u00f6zels\u00e9g\u00e9b\u0151l sz\u00e1rmaznak, Hargita megye azonban tov\u00e1bbra is stagn\u00e1l, ahonnan a j\u00f3l k\u00e9pzett diplom\u00e1s fiatalok \u00e9s a szakemberk tov\u00e1bbra is m\u00e1s vid\u00e9ken, illet\u0151leg k\u00fclf\u00f6ld\u00f6n keresik a boldogul\u00e1st. \u00a0<\/p>\n<p>A K\u00f6z\u00e9pr\u00e9gi\u00f3ban az \u00e1tlagfizet\u00e9sek sorrendj\u00e9ben Szeben \u00e9s Hargita megye van a lajstrom k\u00e9t v\u00e9g\u00e9n &#8211; \u00edrja az Agerpres. R\u00e9gi\u00f3s szinten1.885 lej volt az augusztusi nett\u00f3 \u00e1tlagkereset, a legt\u00f6bbet, \u00e1tlagosan nett\u00f3 2.135 lejt Szeben megy\u00e9ben, a legkevesebbet, \u00e1tlagosan nett\u00f3 1.523 lejt Hargita megy\u00e9ben lehetett keresni, der\u00fcl ki a Feh\u00e9r Megyei Region\u00e1lis Statisztikai Igazgat\u00f3s\u00e1g adataib\u00f3l. <\/p>\n<p>A r\u00e9gi\u00f3ban az augusztusi \u00e1tlagkereset 14 sz\u00e1zal\u00e9kkal haladta meg az egy \u00e9vvel azel\u0151tt regisztr\u00e1lt \u00e9rt\u00e9ket. <\/p>\n<p>A brutt\u00f3 \u00e1tlagkereset 2.613 lej volt, 1,1%-kal t\u00f6bb, mint egy h\u00f3nappal kor\u00e1bban. A brutt\u00f3 fizet\u00e9sek\u00a0sorrendj\u00e9ben ugyancsak Szeben megye az els\u0151 (2.970 lej), \u00e9s Hargita megye az utols\u00f3 (2.104 lej).\u00a0<\/p>\n<div>\nJ\u00faliushoz k\u00e9pest a\u00a0brutt\u00f3 fizet\u00e9s a r\u00e9gi\u00f3 minden megy\u00e9j\u00e9ben nagyobb volt, a legnagyobb n\u00f6veked\u00e9st Kov\u00e1szna megy\u00e9ben k\u00f6nyvelt\u00e9k el,\u00a06,2%-ot, a legkisebbet pedig Szeben megy\u00e9ben, 0,1%-ot.<\/div>\n<div>\u00a0<\/div>\n<div>2015 augusztus\u00e1hoz k\u00e9pest a brutt\u00f3 fizet\u00e9sek 13,8 %-kal, a nett\u00f3 b\u00e9rek pedig 14,1%-kal emelkedtek.<\/div>\n<div>\u00a0<\/div>\n<div>Augusztusban, a r\u00e9gi\u00f3ban 638.428 alkalmazott volt, amely t\u00f6bb, mint egy \u00e9vvel azel\u0151tt, \u00e9s t\u00f6bb ann\u00e1l is, ah\u00e1nyan\u00a0egy h\u00f3nappal azel\u0151tt voltak.<\/div>\n<div>\u00a0<\/div>\n<div>A statisztikai igazgat\u00f3s\u00e1g szerint 2016 augusztus\u00e1ban az alkalmazottak 54,7%-a a szolg\u00e1ltat\u00e1sokban, 43,1%-a az\u00a0iparban, 2,2%-a a mez\u0151gazdas\u00e1gban dolgozott.<\/div>\n<div><em><br \/>\nForr\u00e1s: Agerpres<\/p>\n<p>\u00c9l\u0151 Sz\u00e9kelyf\u00f6ld Munkacsoport<\/em><br \/>\n\u00a0<\/div>\n<\/p><\/div>\n","protected":false},"excerpt":{"rendered":"<p>A felm\u00e9r\u00e9sek szerint Rom\u00e1nia K\u00f6z\u00e9pr\u00e9gi\u00f3j\u00e1ban tov\u00e1bbra is a Hargita megy\u00e9ben \u00e9l\u0151k vihetik haza a legkisebb fizet\u00e9seket. A Feh\u00e9r, Szeben, Brass\u00f3, Kov\u00e1szna, Hargita \u00e9s Maros megy\u00e9b\u0151l \u00e1ll\u00f3 EU-r\u00e9gi\u00f3ban a k\u00e9t nagyv\u00e1ros Nagyszeben \u00e9s Brass\u00f3 tov\u00e1bbra is vonza mag\u00e1hoz a t\u0151k\u00e9t \u00e9s a k\u00e9pzett munkaer\u0151t, Marosv\u00e1s\u00e1rhely n\u00e9mik\u00e9pp jav\u00edtott poz\u00edci\u00f3j\u00e1n, Kov\u00e1szna megy\u00e9ben enyh\u00e9n pozit\u00edv folyamatok mutathat\u00f3k ki, amelyek [&hellip;]<\/p>\n","protected":false},"author":1,"featured_media":28370,"comment_status":"open","ping_status":"open","sticky":false,"template":"","format":"standard","meta":{"footnotes":""},"categories":[],"tags":[],"class_list":["post-28369","post","type-post","status-publish","format-standard","has-post-thumbnail","hentry"],"_links":{"self":[{"href":"https:\/\/archivum.eloszekelyfold.ro\/index.php\/wp-json\/wp\/v2\/posts\/28369","targetHints":{"allow":["GET"]}}],"collection":[{"href":"https:\/\/archivum.eloszekelyfold.ro\/index.php\/wp-json\/wp\/v2\/posts"}],"about":[{"href":"https:\/\/archivum.eloszekelyfold.ro\/index.php\/wp-json\/wp\/v2\/types\/post"}],"author":[{"embeddable":true,"href":"https:\/\/archivum.eloszekelyfold.ro\/index.php\/wp-json\/wp\/v2\/users\/1"}],"replies":[{"embeddable":true,"href":"https:\/\/archivum.eloszekelyfold.ro\/index.php\/wp-json\/wp\/v2\/comments?post=28369"}],"version-history":[{"count":0,"href":"https:\/\/archivum.eloszekelyfold.ro\/index.php\/wp-json\/wp\/v2\/posts\/28369\/revisions"}],"wp:featuredmedia":[{"embeddable":true,"href":"https:\/\/archivum.eloszekelyfold.ro\/index.php\/wp-json\/wp\/v2\/media\/28370"}],"wp:attachment":[{"href":"https:\/\/archivum.eloszekelyfold.ro\/index.php\/wp-json\/wp\/v2\/media?parent=28369"}],"wp:term":[{"taxonomy":"category","embeddable":true,"href":"https:\/\/archivum.eloszekelyfold.ro\/index.php\/wp-json\/wp\/v2\/categories?post=28369"},{"taxonomy":"post_tag","embeddable":true,"href":"https:\/\/archivum.eloszekelyfold.ro\/index.php\/wp-json\/wp\/v2\/tags?post=28369"}],"curies":[{"name":"wp","href":"https:\/\/api.w.org\/{rel}","templated":true}]}}