{"id":28367,"date":"2021-12-13T04:21:00","date_gmt":"2021-12-13T04:21:00","guid":{"rendered":"http:\/\/archivum.eloszekelyfold.ro\/2021\/12\/13\/ervenybe-lepett-a-klimaegyezmeny\/"},"modified":"2021-12-13T04:21:00","modified_gmt":"2021-12-13T04:21:00","slug":"ervenybe-lepett-a-klimaegyezmeny","status":"publish","type":"post","link":"https:\/\/archivum.eloszekelyfold.ro\/index.php\/2021\/12\/13\/ervenybe-lepett-a-klimaegyezmeny\/","title":{"rendered":"\u00c9rv\u00e9nybe l\u00e9pett a kl\u00edmaegyezm\u00e9ny"},"content":{"rendered":"<p><\/p>\n<div style=\"color:#666666; font-family:inherit; font-size:14px;font-style: normal;text-align:left;line-height:24px;\">\n<div style=\"float:left\"><img decoding=\"async\" src=\"http:\/\/archivum.eloszekelyfold.ro\/wp-content\/uploads\/2021\/12\/569_paris-climate-talks-570.jpg\" alt=\"\u00c9rv\u00e9nybe l\u00e9pett a kl\u00edmaegyezm\u00e9ny\" style=\"padding-right:14px; padding-bottom:6px; padding-top:6px;\" width=\"320px\"><\/div>\n<p>                              November 4-t\u0151l kezd\u0151d\u0151en hat\u00e1lyos a P\u00e1rizsi Meg\u00e1llapod\u00e1s, amely azt a c\u00e9lkit\u0171z\u00e9st er\u0151s\u00edtette meg, hogy a F\u00f6ld l\u00e9gk\u00f6r\u00e9nek felmeleged\u00e9s\u00e9t a k\u00f6telezetts\u00e9get v\u00e1llal\u00f3 195 orsz\u00e1g 2 Celsius-fok alatt tartja az iparosod\u00e1s el\u0151tti m\u00e9rt\u00e9khez k\u00e9pest, \u00e9s folytatja az arra ir\u00e1nyul\u00f3 er\u0151fesz\u00edt\u00e9seket, hogy a felmeleged\u00e9s csak 1,5 fokos legyen.<\/p>\n<p>A meg\u00e1llapod\u00e1st a kl\u00edmav\u00e1ltoz\u00e1s elleni nemzetk\u00f6zi \u00f6sszefog\u00e1s eredm\u00e9nyek\u00e9nt 2015. december 12-\u00e9n fogadt\u00e1k el. \u00a0A 1,5 fok megeml\u00edt\u00e9se a meg\u00e1llapod\u00e1sban a tengerszint emelked\u00e9s\u00e9vel l\u00e9t\u00fckben fenyegetett sziget\u00e1llamok k\u00e9r\u00e9se volt, amit t\u00f6bb mint sz\u00e1z orsz\u00e1g, k\u00f6zt\u00fck az Eur\u00f3pai Uni\u00f3 tag\u00e1llamai, valamint az Egyes\u00fclt \u00c1llamok is t\u00e1mogatott.<\/p>\n<p>A meg\u00e1llapod\u00e1s egyik kulcseleme a finansz\u00edroz\u00e1s, amely minden orsz\u00e1got r\u00e9szv\u00e9telre \u00f6szt\u00f6n\u00f6z, t\u00f6bbek k\u00f6z\u00f6tt a mag\u00e1nforr\u00e1sok min\u00e9l sz\u00e9lesebb k\u00f6r\u0171 bevon\u00e1s\u00e1val. Az al\u00e1\u00edr\u00f3 orsz\u00e1gok \u00f6t\u00e9vente \u00e9rt\u00e9kelik int\u00e9zked\u00e9seik eredm\u00e9ny\u00e9t. Magyarorsz\u00e1g az Eur\u00f3pai Uni\u00f3 hat m\u00e1sik tag\u00e1llam\u00e1val egy\u00fctt &#8211; Ausztria, Franciaorsz\u00e1g, M\u00e1lta, N\u00e9metorsz\u00e1g, Portug\u00e1lia \u00e9s Szlov\u00e1kia &#8211; okt\u00f3ber 5-\u00e9n ratifik\u00e1lta a meg\u00e1llapod\u00e1st, miut\u00e1n el\u0151z\u0151 nap az Eur\u00f3pai Parlament \u00e9s az Eur\u00f3pai Tan\u00e1cs is megtette ezt. A hat\u00e1lyba l\u00e9p\u00e9s felt\u00e9tele volt, hogy ratifik\u00e1lja legal\u00e1bb 55 orsz\u00e1g, amelyek egy\u00fcttesen a glob\u00e1lis felmeleged\u00e9s\u00e9rt felel\u0151s g\u00e1zok 55 sz\u00e1zal\u00e9k\u00e1t bocs\u00e1tj\u00e1k ki.<\/p>\n<p>Sz\u00e1mos orsz\u00e1g, k\u00f6zt\u00fck a vil\u00e1g k\u00e9t legnagyobb sz\u00e9n-dioxid-kibocs\u00e1t\u00f3ja &#8211; K\u00edna \u00e9s az Egyes\u00fclt \u00c1llamok &#8211; ratifik\u00e1lta a kl\u00edmameg\u00e1llapod\u00e1st. Az EU \u00e9s hat tag\u00e1llam\u00e1nak csatlakoz\u00e1sa ut\u00e1n imm\u00e1r 72 orsz\u00e1g lett r\u00e9szese az egyezm\u00e9nynek, amelyek a glob\u00e1lis kibocs\u00e1t\u00e1sok 56,725 sz\u00e1zal\u00e9k\u00e1\u00e9rt felelnek.<\/p>\n<div style=\"text-align: center;\"><img loading=\"lazy\" decoding=\"async\" src=\"http:\/\/archivum.eloszekelyfold.ro\/wp-content\/uploads\/2021\/12\/parizs_ejffel.jpg\" width=\"400\" height=\"267\" alt=\"\"><\/div>\n<div style=\"text-align: center;\"><em>Fot\u00f3: ecolounge.hu<\/em><br \/>\n\u00a0<\/div>\n<p>A 2020-ig kidolgozand\u00f3 r\u00e9szletszab\u00e1lyok tov\u00e1bbi hat\u00e9kony eszk\u00f6z\u00f6ket sorakoztathatnak fel a kl\u00edmav\u00e1ltoz\u00e1s ellen, meghat\u00e1rozva a glob\u00e1lis fell\u00e9p\u00e9s ir\u00e1ny\u00e1t a k\u00f6vetkez\u0151 \u00e9vtizedekre &#8211; \u00edrja jelent\u00e9s\u00e9ben az MTI.<\/p>\n<p>Az emberis\u00e9gnek &#8211; a k\u00f6vetkez\u0151 nemzed\u00e9kek ir\u00e1nti tiszteletb\u0151l &#8211; le kell mondania sok f\u00f6l\u00f6sleges luxuscikkr\u0151l \u00e9s sokkal k\u00f6rnyezettudatosabban, term\u00e9szetk\u00f6zeli \u00e9letvitel szerint kellene \u00e9lnie. <\/p>\n<div style=\"text-align: center;\"><img loading=\"lazy\" decoding=\"async\" src=\"http:\/\/archivum.eloszekelyfold.ro\/wp-content\/uploads\/2021\/12\/klima_alairo_maraton.jpg\" width=\"400\" height=\"225\" alt=\"\"><\/div>\n<div style=\"text-align: center;\"><em>A kl\u00edmacs\u00facs al\u00e1\u00edr\u00f3-maratonja 2016. \u00e1prilis 4-\u00e9n &#8211; <br \/>\nvajon mekkora lehetett a r\u00e9sztvev\u0151 orsz\u00e1gok k\u00fcld\u00f6tts\u00e9g\u00e9nek<br \/>\n\u00f6kol\u00f3giai l\u00e1bnyoma a P\u00e1rizsba val\u00f3 ut\u00e1z\u00e1s alkalm\u00e1val?<br \/>\n(Fot\u00f3: Euronews)<\/em><\/div>\n<p>\nK\u00e9ts\u00e9gtelen, hogy a fogyaszt\u00f3i t\u00e1rsadalom t\u00f6rv\u00e9nyszer\u0171s\u00e9gei, a profithajh\u00e1sz\u00e1s, a folyamatosan \u00fajabb \u00e9s \u00fajabb gener\u00e1ci\u00f3s k\u00e9sz\u00fcl\u00e9kek fejleszt\u00e9se \u00e9s divatcikkek, az egyszer-haszn\u00e1latos ed\u00e9nyek, a pillepalackok el\u0151\u00e1ll\u00edt\u00e1sa \u00e9s forgalmaz\u00e1sa, a h\u00e1ztart\u00e1si \u00e9s mez\u0151gazdas\u00e1gi vegyszerek \u00e1ltal\u00e1nos elterjed\u00e9se, a globaliz\u00e1ci\u00f3 \u00e9s urbaniz\u00e1ci\u00f3 nem k\u00edm\u00e9li a nyersanyag- \u00e9s energiaforr\u00e1sokat. A h\u00e1bor\u00fas konfliktusok, a t\u00f6megturizmus ugyanval\u00f3st sz\u00e1mos k\u00f6rnyezetrombol\u00f3 hat\u00e1ssal b\u00edrnak, amelyek egy\u00fcttesen n\u00f6velik az emberis\u00e9g \u00f6kol\u00f3giai l\u00e1bnyom\u00e1t. <\/p>\n<p>2016-ban a F\u00f6ld lakoss\u00e1ga augusztus 8-ra\u00a0<a href=\"http:\/\/eloszekelyfold.com\/web\/I418--C26--Nagyvilag--Az_emberiseg_elhasznalta_az_idei_keretet.html\"><strong><span style=\"color: rgb(255, 0, 0);\">fel\u00e9lte<\/span><\/strong><\/a><strong><span style=\"color: rgb(255, 0, 0);\">\u00a0<\/span><\/strong>az egy \u00e9vre sz\u00e1nt, meg\u00fajulni k\u00e9pes er\u0151forr\u00e1sokat. Bolyg\u00f3nk 1,6-szoros\u00e1ra lenne sz\u00fcks\u00e9g, ha tartan\u00e1nk ezt a fogyaszt\u00e1si \u00fczemm\u00f3dot.<\/p>\n<p><em>C\u00edmk\u00e9p: arch\u00edv\/ Associated Press<\/em><\/p>\n<p><em>\u00c9l\u0151 Sz\u00e9kelyf\u00f6ld Munkacsoport<\/em>\n                        <\/div>\n","protected":false},"excerpt":{"rendered":"<p>November 4-t\u0151l kezd\u0151d\u0151en hat\u00e1lyos a P\u00e1rizsi Meg\u00e1llapod\u00e1s, amely azt a c\u00e9lkit\u0171z\u00e9st er\u0151s\u00edtette meg, hogy a F\u00f6ld l\u00e9gk\u00f6r\u00e9nek felmeleged\u00e9s\u00e9t a k\u00f6telezetts\u00e9get v\u00e1llal\u00f3 195 orsz\u00e1g 2 Celsius-fok alatt tartja az iparosod\u00e1s el\u0151tti m\u00e9rt\u00e9khez k\u00e9pest, \u00e9s folytatja az arra ir\u00e1nyul\u00f3 er\u0151fesz\u00edt\u00e9seket, hogy a felmeleged\u00e9s csak 1,5 fokos legyen. A meg\u00e1llapod\u00e1st a kl\u00edmav\u00e1ltoz\u00e1s elleni nemzetk\u00f6zi \u00f6sszefog\u00e1s eredm\u00e9nyek\u00e9nt 2015. december [&hellip;]<\/p>\n","protected":false},"author":1,"featured_media":28368,"comment_status":"open","ping_status":"open","sticky":false,"template":"","format":"standard","meta":{"footnotes":""},"categories":[],"tags":[],"class_list":["post-28367","post","type-post","status-publish","format-standard","has-post-thumbnail","hentry"],"_links":{"self":[{"href":"https:\/\/archivum.eloszekelyfold.ro\/index.php\/wp-json\/wp\/v2\/posts\/28367","targetHints":{"allow":["GET"]}}],"collection":[{"href":"https:\/\/archivum.eloszekelyfold.ro\/index.php\/wp-json\/wp\/v2\/posts"}],"about":[{"href":"https:\/\/archivum.eloszekelyfold.ro\/index.php\/wp-json\/wp\/v2\/types\/post"}],"author":[{"embeddable":true,"href":"https:\/\/archivum.eloszekelyfold.ro\/index.php\/wp-json\/wp\/v2\/users\/1"}],"replies":[{"embeddable":true,"href":"https:\/\/archivum.eloszekelyfold.ro\/index.php\/wp-json\/wp\/v2\/comments?post=28367"}],"version-history":[{"count":0,"href":"https:\/\/archivum.eloszekelyfold.ro\/index.php\/wp-json\/wp\/v2\/posts\/28367\/revisions"}],"wp:featuredmedia":[{"embeddable":true,"href":"https:\/\/archivum.eloszekelyfold.ro\/index.php\/wp-json\/wp\/v2\/media\/28368"}],"wp:attachment":[{"href":"https:\/\/archivum.eloszekelyfold.ro\/index.php\/wp-json\/wp\/v2\/media?parent=28367"}],"wp:term":[{"taxonomy":"category","embeddable":true,"href":"https:\/\/archivum.eloszekelyfold.ro\/index.php\/wp-json\/wp\/v2\/categories?post=28367"},{"taxonomy":"post_tag","embeddable":true,"href":"https:\/\/archivum.eloszekelyfold.ro\/index.php\/wp-json\/wp\/v2\/tags?post=28367"}],"curies":[{"name":"wp","href":"https:\/\/api.w.org\/{rel}","templated":true}]}}