{"id":28365,"date":"2021-12-13T04:19:00","date_gmt":"2021-12-13T04:19:00","guid":{"rendered":"http:\/\/archivum.eloszekelyfold.ro\/2021\/12\/13\/megjelent-a-novemberi-szekelyfold\/"},"modified":"2021-12-13T04:19:00","modified_gmt":"2021-12-13T04:19:00","slug":"megjelent-a-novemberi-szekelyfold","status":"publish","type":"post","link":"https:\/\/archivum.eloszekelyfold.ro\/index.php\/2021\/12\/13\/megjelent-a-novemberi-szekelyfold\/","title":{"rendered":"Megjelent a novemberi Sz\u00e9kelyf\u00f6ld"},"content":{"rendered":"<p><\/p>\n<div style=\"color:#666666; font-family:inherit; font-size:14px;font-style: normal;text-align:left;line-height:24px;\">\n<div style=\"float:left\"><img decoding=\"async\" src=\"http:\/\/archivum.eloszekelyfold.ro\/wp-content\/uploads\/2021\/12\/570_novemberi_szekelyfold.jpg\" alt=\" Megjelent a novemberi Sz\u00e9kelyf\u00f6ld\" style=\"padding-right:14px; padding-bottom:6px; padding-top:6px;\" width=\"320px\"><\/div>\n<p>                              Mint minden h\u00f3napban az elm\u00falt h\u00fasz esztend\u0151ben, id\u00e9n novemberben is magas sz\u00ednvonal\u00fa sz\u00e9pirodalmi, t\u00e1rsadalom- \u00e9s\u00a0t\u00f6rt\u00e9nettudom\u00e1nyi \u00edr\u00e1sokkal \u00f6rvendezteti meg hazai \u00e9s k\u00fclf\u00f6ldi olvas\u00f3it a Cs\u00edkszered\u00e1ban megjelen\u0151 foly\u00f3irat. Ebb\u0151l\u00a0a lapsz\u00e1mb\u00f3l k\u00fcl\u00f6n kiemelend\u0151 V\u00e1ri Attila \u00edr\u00e1sa, Kolumb\u00e1n-Antal J\u00f3zsef, G\u00e1ll Erwin \u00e9s Mih\u00e1ly J\u00e1nos tanulm\u00e1nya,\u00a0illet\u0151leg a B\u00e1lint M\u00f3zes sz\u00e9kelyudvarhelyi nyugalmazott m\u0171vezet\u0151vel k\u00e9sz\u00fclt interj\u00fa.\u00a0<\/p>\n<div>\u00a0<\/div>\n<div><strong>A novemberi tartalomb\u00f3l<\/strong><\/div>\n<div>\n<em>Sz\u00e9pirodalom<\/em><\/div>\n<div>Balla Zs\u00f3fia: F\u00f6ldi \u00e9jszak\u00e1k<\/div>\n<div>\u00c1rmos L\u00f3r\u00e1nd versei<\/div>\n<div>V\u00e1ri Attila: A jelen\u00e9s pinc\u00e9je<\/div>\n<div>Farkas Wellmann \u00c9va: Tam\u00e1si \u00c1ron el\u00e1rvult st\u00e1ci\u00f3i<\/div>\n<div>Friedrich Schiller: A rabl\u00f3k (T\u00e9rey J\u00e1nos ford\u00edt\u00e1sa)<\/div>\n<div>Ken\u00e9z Ferenc: Az \u00c9let-ciklusb\u00f3l<\/div>\n<div>Fekete Vince: Delpoi<\/div>\n<div><em>K\u00f6doszl\u00e1s<\/em><\/div>\n<div>Kolumb\u00e1n-Antal J\u00f3zsef: \u201eTrium generum Siculorum\u201d (A k\u00f6z\u00e9pkori sz\u00e9kelyek t\u00f6rt\u00e9net\u00e9nek egyik rejt\u00e9lye)<\/div>\n<div>Mih\u00e1ly J\u00e1nos: \u201eArma trium generum siculorum\u201d<\/div>\n<div><em>Disputa<\/em><\/div>\n<div>G\u00e1ll Erwin: A 12. sz\u00e1zadi Magyar Kir\u00e1lys\u00e1g \u00e9s a Cs\u00edki-medence II. (V\u00e1laszf\u00e9le Bot\u00e1r Istv\u00e1n bar\u00e1tomnak)<\/div>\n<div><em>Ujjlenyomat<\/em><\/div>\n<div>Egy sz\u00e9kely falu gy\u00e1ri modellje a Matricagy\u00e1rban (Sim\u00f3 M\u00e1rton besz\u00e9lget\u00e9se B\u00e1lint M\u00f3zes nyugalmazott m\u0171vezet\u0151vel)<\/div>\n<div><em>Szemle<\/em><\/div>\n<div>Kem\u00e9ny Istv\u00e1n, Borsodi L. L\u00e1szl\u00f3 \u00e9s Bartha Gy\u00f6rgy Fekete Vinc\u00e9r\u0151l<\/div>\n<div>T\u00f3th Erzs\u00e9bet: \u00cdr\u00f3 \u00e9s olvas\u00f3 (Bartis Attila \u00e9s Szvetlana Alekszijevics k\u00f6nyv\u00e9r\u0151l)<\/div>\n<div>Csan\u00e1dy Andr\u00e1s: A sz\u00e9kelyek betelep\u00fcl\u00e9se mai lak\u00f3ter\u00fclet\u00fckre (\u00c9szrev\u00e9telek a Tanulm\u00e1nyok a sz\u00e9kelys\u00e9g k\u00f6z\u00e9pkori \u00e9s\u00a0fejedelems\u00e9gkori t\u00f6rt\u00e9nelm\u00e9b\u0151l c\u00edm\u0171 k\u00f6nyvet illet\u0151en)<\/div>\n<div><em>Olvas\u00f3l\u00e1mpa<\/em>\u00a0<br \/>\nTivai Nagy Imre, Tam\u00e1si \u00c1ron, Kem\u00e9ny J\u00e1nos, Ign\u00e1cz R\u00f3zsa \u00e9s Mark\u00f3 B\u00e9la k\u00f6tet\u00e9r\u0151l<\/div>\n<div><em>Sz\u00e9kely K\u00f6nyvt\u00e1r<\/em><\/div>\n<div>Cseke P\u00e9ter aj\u00e1nlja Fodor S\u00e1ndor V\u00e1logatott novell\u00e1k c\u00edm\u0171 k\u00f6tet\u00e9t.<\/div>\n<div>\u00a0<\/div>\n<div>A lapsz\u00e1mot Szab\u00f3 R\u00e9ka munk\u00e1ival illusztr\u00e1lt\u00e1k.<\/p>\n<p><em>\u00c9l\u0151 Sz\u00e9kelyf\u00f6ld Munkacsoport<\/em><\/div>\n<\/p><\/div>\n","protected":false},"excerpt":{"rendered":"<p>Mint minden h\u00f3napban az elm\u00falt h\u00fasz esztend\u0151ben, id\u00e9n novemberben is magas sz\u00ednvonal\u00fa sz\u00e9pirodalmi, t\u00e1rsadalom- \u00e9s\u00a0t\u00f6rt\u00e9nettudom\u00e1nyi \u00edr\u00e1sokkal \u00f6rvendezteti meg hazai \u00e9s k\u00fclf\u00f6ldi olvas\u00f3it a Cs\u00edkszered\u00e1ban megjelen\u0151 foly\u00f3irat. Ebb\u0151l\u00a0a lapsz\u00e1mb\u00f3l k\u00fcl\u00f6n kiemelend\u0151 V\u00e1ri Attila \u00edr\u00e1sa, Kolumb\u00e1n-Antal J\u00f3zsef, G\u00e1ll Erwin \u00e9s Mih\u00e1ly J\u00e1nos tanulm\u00e1nya,\u00a0illet\u0151leg a B\u00e1lint M\u00f3zes sz\u00e9kelyudvarhelyi nyugalmazott m\u0171vezet\u0151vel k\u00e9sz\u00fclt interj\u00fa.\u00a0 \u00a0 A novemberi tartalomb\u00f3l Sz\u00e9pirodalom Balla [&hellip;]<\/p>\n","protected":false},"author":1,"featured_media":28366,"comment_status":"open","ping_status":"open","sticky":false,"template":"","format":"standard","meta":{"footnotes":""},"categories":[],"tags":[],"class_list":["post-28365","post","type-post","status-publish","format-standard","has-post-thumbnail","hentry"],"_links":{"self":[{"href":"https:\/\/archivum.eloszekelyfold.ro\/index.php\/wp-json\/wp\/v2\/posts\/28365","targetHints":{"allow":["GET"]}}],"collection":[{"href":"https:\/\/archivum.eloszekelyfold.ro\/index.php\/wp-json\/wp\/v2\/posts"}],"about":[{"href":"https:\/\/archivum.eloszekelyfold.ro\/index.php\/wp-json\/wp\/v2\/types\/post"}],"author":[{"embeddable":true,"href":"https:\/\/archivum.eloszekelyfold.ro\/index.php\/wp-json\/wp\/v2\/users\/1"}],"replies":[{"embeddable":true,"href":"https:\/\/archivum.eloszekelyfold.ro\/index.php\/wp-json\/wp\/v2\/comments?post=28365"}],"version-history":[{"count":0,"href":"https:\/\/archivum.eloszekelyfold.ro\/index.php\/wp-json\/wp\/v2\/posts\/28365\/revisions"}],"wp:featuredmedia":[{"embeddable":true,"href":"https:\/\/archivum.eloszekelyfold.ro\/index.php\/wp-json\/wp\/v2\/media\/28366"}],"wp:attachment":[{"href":"https:\/\/archivum.eloszekelyfold.ro\/index.php\/wp-json\/wp\/v2\/media?parent=28365"}],"wp:term":[{"taxonomy":"category","embeddable":true,"href":"https:\/\/archivum.eloszekelyfold.ro\/index.php\/wp-json\/wp\/v2\/categories?post=28365"},{"taxonomy":"post_tag","embeddable":true,"href":"https:\/\/archivum.eloszekelyfold.ro\/index.php\/wp-json\/wp\/v2\/tags?post=28365"}],"curies":[{"name":"wp","href":"https:\/\/api.w.org\/{rel}","templated":true}]}}