{"id":28363,"date":"2021-12-13T04:17:00","date_gmt":"2021-12-13T04:17:00","guid":{"rendered":"http:\/\/archivum.eloszekelyfold.ro\/2021\/12\/13\/egyeztettek-a-ferences-ovoda-kapcsan\/"},"modified":"2021-12-13T04:17:00","modified_gmt":"2021-12-13T04:17:00","slug":"egyeztettek-a-ferences-ovoda-kapcsan","status":"publish","type":"post","link":"https:\/\/archivum.eloszekelyfold.ro\/index.php\/2021\/12\/13\/egyeztettek-a-ferences-ovoda-kapcsan\/","title":{"rendered":"Egyeztettek a ferences \u00f3voda kapcs\u00e1n"},"content":{"rendered":"<p><\/p>\n<div style=\"color:#666666; font-family:inherit; font-size:14px;font-style: normal;text-align:left;line-height:24px;\">\n<div style=\"float:left\"><img decoding=\"async\" src=\"http:\/\/archivum.eloszekelyfold.ro\/wp-content\/uploads\/2021\/12\/571_petofi_sandor_utca.JPG\" alt=\"Egyeztettek a ferences \u00f3voda kapcs\u00e1n\" style=\"padding-right:14px; padding-bottom:6px; padding-top:6px;\" width=\"320px\"><\/div>\n<p>                              Sz\u00e9kelyudvarhely v\u00e1ros vezet\u0151s\u00e9ge \u00e9s a polg\u00e1rmesteri hivatal szakemberei egyeztet\u0151 megbesz\u00e9l\u00e9st tartottak a\u00a0Ferences N\u0151v\u00e9rek K\u00f6z\u00f6ss\u00e9ge Egyes\u00fclet vezet\u0151ivel \u00e9s a Civilek az \u00d6r\u00f6ks\u00e9g\u00e9rt Mozgalom elind\u00edt\u00f3j\u00e1val az egyes\u00fclet\u00a0\u00e1ltal a Pet\u0151fi S\u00e1ndor utca 5. sz\u00e1m alatti \u00e9p\u00fcletekre beny\u00fajtott bont\u00e1si k\u00e9relem kapcs\u00e1n 2016. november 3-\u00e1n 10.00 \u00f3r\u00e1t\u00f3l. <\/p>\n<p>A besz\u00e9lget\u00e9s v\u00e9g\u00e9n a felek a sajt\u00f3 k\u00e9pvisel\u0151i el\u0151tt is elmondt\u00e1k \u00e1ll\u00e1spontjukat, \u00e9s mindannyian megegyeztek\u00a0abban, hogy a v\u00e1ros \u00e9s a rend sz\u00e1m\u00e1ra is elfogadhat\u00f3 megold\u00e1st kell tal\u00e1lni.<\/p>\n<p>A v\u00e1rosvezet\u00e9s r\u00e9sz\u00e9r\u0151l a megbesz\u00e9l\u00e9sen jelen voltak G\u00e1lfi \u00c1rp\u00e1d polg\u00e1rmester, Orb\u00e1n \u00c1rp\u00e1d alpolg\u00e1rmester, Jakab M\u00e1ria a hivatal urbanisztikai oszt\u00e1ly\u00e1nak a vezet\u0151je, Cs\u00e1ki Gergely az urbanisztikai oszt\u00e1ly munkat\u00e1rsa, valamint Mike Levente J\u00f3zsef \u00f6nkorm\u00e1nyzati k\u00e9pvisel\u0151. A Ferences N\u0151v\u00e9reket Bardocz Anna-M\u00e1ria k\u00e9pviselte, \u00e9s jelen volt m\u00e9g Michaela f\u0151n\u0151v\u00e9r \u00e9s Fidelis n\u0151v\u00e9r.<\/p>\n<div>\u00a0<\/div>\n<div>A n\u0151v\u00e9rek a besz\u00e9lget\u00e9st megel\u0151z\u0151en k\u00f6rbevezett\u00e9k a polg\u00e1rmesteri hivatal \u00e9s a civilek k\u00e9pvisel\u0151it \u00e9s megmutatt\u00e1k\u00a0azt a k\u00e9t h\u00e1zat, amelyre az urbanisztikai bizonylatot k\u00e9rtek \u00e9s elmondt\u00e1k, hogy azokban az \u00e9p\u00fcletekben \u00f6tven gyerek\u00a0d\u00e9lut\u00e1ni foglalkoz\u00e1sa zajlik, viszont az \u00e9p\u00fcletek \u00e1llaga nem sok\u00e1ig engedi a tev\u00e9kenys\u00e9g folytat\u00e1s\u00e1t. Terveik\u00a0szerint az \u00e9p\u00fcletek lebont\u00e1s\u00e1val a n\u0151v\u00e9rek \u00e1ltal m\u0171k\u00f6dtetett \u00f3voda \u00e9s d\u00e9lut\u00e1ni foglalkoz\u00e1son r\u00e9sztvev\u0151 k\u00f6zel 160\u00a0gyereknek szeretn\u00e9nek \u00e9lhet\u0151bb udvart \u00e9s egy mai ig\u00e9nyeknek megfelel\u0151 j\u00e1tsz\u00f3teret. Ugyanakkor azt is hozz\u00e1tett\u00e9k,\u00a0hogy \u0151k mindenk\u00e9pp be szeretn\u00e9k tartani a t\u00f6rv\u00e9nyes kereteket.<\/div>\n<div>\u00a0<\/div>\n<div>Bal\u00e1zs Attila, a Civilek az \u00d6r\u00f6ks\u00e9g\u00e9rt Mozgalom vezet\u0151je elmondta, hogy Sz\u00e9kelyudvarhely belv\u00e1ros\u00e1ban k\u00e9t \u00e9p\u00fclet\u00a0lebont\u00e1sa \u00e9s egy ker\u00edt\u00e9ssel val\u00f3 helyettes\u00edt\u00e9se precedenst teremthet \u00e9s szerinte ezt egy m\u0171eml\u00e9kv\u00e9delmi z\u00f3n\u00e1ban nem\u00a0szabad enged\u00e9lyezni, mivel megv\u00e1ltozik a v\u00e1ros strukt\u00far\u00e1ja. Ugyanakkor szerinte fel kellene h\u00edvni a lakosok\u00a0figyelm\u00e9t arra, hogy m\u0171eml\u00e9k z\u00f3n\u00e1ban milyen k\u00f6telezetts\u00e9geik vannak.<\/div>\n<div>\u00a0<\/div>\n<div>Jakab M\u00e1ria, az urbanisztikai oszt\u00e1ly vezet\u0151je kihangs\u00falyozta, hogy a k\u00e9t h\u00e1z m\u0171eml\u00e9kv\u00e9delmi szempontb\u00f3l a v\u00e9delmi\u00a0z\u00f3n\u00e1ban helyezkedik el, ez\u00e9rt sz\u00fcks\u00e9g van a ter\u00fcleti m\u0171eml\u00e9kv\u00e9delmi bizotts\u00e1g enged\u00e9ly\u00e9re is. Jakab ugyanakkor\u00a0kihangs\u00falyozta, hogy azt semmik\u00e9pp sem val\u00f3s\u00edthat\u00f3 meg, hogy csak egy ker\u00edt\u00e9s vagy egy fal maradjon a k\u00e9t \u00e9p\u00fclet\u00a0hely\u00e9n, viszont az is nyilv\u00e1nval\u00f3, hogy azok \u00f3vodai illetve d\u00e9lut\u00e1ni gyerekfoglalkoz\u00e1sokra nem alkalmasak. Jakab\u00a0M\u00e1ria elmondta, hogy frontbe\u00e9p\u00edt\u00e9ses helyr\u0151l van sz\u00f3, \u00a0ugyanakkor azt is meg kell vizsg\u00e1lni, hogy melyek azok az\u00a0elemek, amelyek \u00e9rt\u00e9kesek az \u00e9p\u00fcleteken. Jakab szerint ezekben az esetekben az \u00e9rt\u00e9k a h\u00e1zakon lev\u0151 ablakok form\u00e1ja\u00a0valamint az ablakritmus ez\u00e9rt ez fontos, hogy ez megmaradjon hasonl\u00f3 form\u00e1ban.<\/p>\n<p>G\u00e1lfi \u00c1rp\u00e1d polg\u00e1rmester kihangs\u00falyozta, hogy mint minden k\u00e9rd\u00e9sben, ebben is a legfontosabb, hogy a felek k\u00f6z\u00f6tt\u00a0ki tudjon alakulni egy \u00e9p\u00edt\u0151jelleg\u0171 p\u00e1rbesz\u00e9d, hiszen besz\u00e9lget\u00e9s \u00e9s egyeztet\u00e9s n\u00e9lk\u00fcl nincsen el\u0151rehalad\u00e1s. A\u00a0polg\u00e1rmester ugyanakkor elmondta, hogy mindenk\u00e9ppen kompromisszumos megold\u00e1sra van sz\u00fcks\u00e9ge, mivel a v\u00e1rosk\u00e9p\u00a0v\u00e9delme fontos, ugyanakkor azt sem szabad elfelejteni, hogy a n\u0151v\u00e9rek \u00e1ldozatos munk\u00e1ja \u00e1ltal az udvarhelyi\u00a0szeg\u00e9nysors\u00fa gyerekek \u00e9s csal\u00e1dok nyernek. A polg\u00e1rmester elmondta, hogy az \u00faj v\u00e1rosvezet\u00e9snek fontos, hogy a\u00a0k\u00fcl\u00f6nb\u00f6z\u0151 v\u00e9lem\u00e9nyeknek helyt adjon, ez\u00e9rt is ker\u00fclt sor erre a besz\u00e9lget\u00e9sre, hogy a felek elk\u00e9pzel\u00e9sei\u00a0k\u00f6zel\u00edtsenek egym\u00e1shoz, ami \u00e1ltal egy mindenki sz\u00e1m\u00e1ra elfogadhat\u00f3 megold\u00e1s sz\u00fclethet.\u00a0<\/p><\/div>\n<div>\u00a0<\/div>\n<div>Orb\u00e1n \u00c1rp\u00e1d, alpolg\u00e1rmester szint\u00e9n a kompromisszumkeres\u00e9sre h\u00edvta fel a felek figyelm\u00e9t, hiszen a n\u0151v\u00e9rek a\u00a0kilencvenes \u00e9vek elej\u00e9t\u0151l v\u00e9geznek karitat\u00edv munk\u00e1t a v\u00e1rosban \u00e9s az a terv\u00fck, hogy a gyerekek sz\u00e1m\u00e1ra egy nagyobb\u00a0\u00e9s \u00e9lhet\u0151bb j\u00e1tsz\u00f3teret \u00e9p\u00edtsenek sem \u00f6nc\u00e9l\u00fa, hanem az \u00e1ltaluk gondozott gyerekek jav\u00e1t szolg\u00e1lja, viszont a\u00a0v\u00e1rosk\u00e9pet sem szabad teljesen megbontani \u00e9s csak egy ker\u00edt\u00e9ssel vagy egy fallal helyettes\u00edteni a mostani\u00a0\u00e9p\u00fcleteket. Orb\u00e1n \u00c1rp\u00e1d ugyanakkor megk\u00f6sz\u00f6nte Bal\u00e1zs Attil\u00e1nak, hogy civilk\u00e9nt felh\u00edvta a figyelm\u00e9t erre a\u00a0probl\u00e9m\u00e1ra \u00e9s rem\u00e9li, hogy a tov\u00e1bbiakban siker\u00fcl egy\u00fcttm\u0171k\u00f6dni a v\u00e1rosk\u00e9pet \u00e9rint\u0151 k\u00e9rd\u00e9sekben.<\/div>\n<div>\u00a0<\/div>\n<div>A besz\u00e9lget\u00e9s v\u00e9g\u00e9n a felek megegyeztek abban, hogy tudat\u00e1ban vannak, hogy a h\u00e1zak a jelenlegi form\u00e1jukban\u00a0nem alkalmasak gyerekek foglalkoztat\u00e1s\u00e1ra ez\u00e9rt tov\u00e1bbi lehet\u0151s\u00e9geket keresnek arra, hogy a ferences n\u0151v\u00e9rek a\u00a0v\u00e1rosk\u00e9pnek megfelel\u0151, de a mai k\u00f6vetelm\u00e9nyeknek megfelel\u0151 \u00e9p\u00fcletekben tudjanak a gyerekekkel foglalkozni. A\u00a0v\u00e1rosvezet\u00e9s a hivatal lehet\u0151s\u00e9geihez m\u00e9rten, de minden seg\u00edts\u00e9get megad a n\u0151v\u00e9reknek, hogy a rendnek \u00e9s a v\u00e1rosnak\u00a0is megfelel\u0151 megold\u00e1ssal tudjanak el\u0151\u00e1llni.<\/p>\n<p><em>A c\u00edmk\u00e9p Sim\u00f3 Veronika felv\u00e9tele<\/em><\/div>\n<div><em><br \/>\n<\/em><\/div>\n<div><em>Sz\u00e9kelyudvarhely Polg\u00e1rmesteri Hivatala sajt\u00f3oszt\u00e1lya<\/em><\/div>\n<div>\u00a0<\/div>\n<\/p><\/div>\n","protected":false},"excerpt":{"rendered":"<p>Sz\u00e9kelyudvarhely v\u00e1ros vezet\u0151s\u00e9ge \u00e9s a polg\u00e1rmesteri hivatal szakemberei egyeztet\u0151 megbesz\u00e9l\u00e9st tartottak a\u00a0Ferences N\u0151v\u00e9rek K\u00f6z\u00f6ss\u00e9ge Egyes\u00fclet vezet\u0151ivel \u00e9s a Civilek az \u00d6r\u00f6ks\u00e9g\u00e9rt Mozgalom elind\u00edt\u00f3j\u00e1val az egyes\u00fclet\u00a0\u00e1ltal a Pet\u0151fi S\u00e1ndor utca 5. sz\u00e1m alatti \u00e9p\u00fcletekre beny\u00fajtott bont\u00e1si k\u00e9relem kapcs\u00e1n 2016. november 3-\u00e1n 10.00 \u00f3r\u00e1t\u00f3l. A besz\u00e9lget\u00e9s v\u00e9g\u00e9n a felek a sajt\u00f3 k\u00e9pvisel\u0151i el\u0151tt is elmondt\u00e1k \u00e1ll\u00e1spontjukat, \u00e9s [&hellip;]<\/p>\n","protected":false},"author":1,"featured_media":28364,"comment_status":"open","ping_status":"open","sticky":false,"template":"","format":"standard","meta":{"footnotes":""},"categories":[],"tags":[],"class_list":["post-28363","post","type-post","status-publish","format-standard","has-post-thumbnail","hentry"],"_links":{"self":[{"href":"https:\/\/archivum.eloszekelyfold.ro\/index.php\/wp-json\/wp\/v2\/posts\/28363","targetHints":{"allow":["GET"]}}],"collection":[{"href":"https:\/\/archivum.eloszekelyfold.ro\/index.php\/wp-json\/wp\/v2\/posts"}],"about":[{"href":"https:\/\/archivum.eloszekelyfold.ro\/index.php\/wp-json\/wp\/v2\/types\/post"}],"author":[{"embeddable":true,"href":"https:\/\/archivum.eloszekelyfold.ro\/index.php\/wp-json\/wp\/v2\/users\/1"}],"replies":[{"embeddable":true,"href":"https:\/\/archivum.eloszekelyfold.ro\/index.php\/wp-json\/wp\/v2\/comments?post=28363"}],"version-history":[{"count":0,"href":"https:\/\/archivum.eloszekelyfold.ro\/index.php\/wp-json\/wp\/v2\/posts\/28363\/revisions"}],"wp:featuredmedia":[{"embeddable":true,"href":"https:\/\/archivum.eloszekelyfold.ro\/index.php\/wp-json\/wp\/v2\/media\/28364"}],"wp:attachment":[{"href":"https:\/\/archivum.eloszekelyfold.ro\/index.php\/wp-json\/wp\/v2\/media?parent=28363"}],"wp:term":[{"taxonomy":"category","embeddable":true,"href":"https:\/\/archivum.eloszekelyfold.ro\/index.php\/wp-json\/wp\/v2\/categories?post=28363"},{"taxonomy":"post_tag","embeddable":true,"href":"https:\/\/archivum.eloszekelyfold.ro\/index.php\/wp-json\/wp\/v2\/tags?post=28363"}],"curies":[{"name":"wp","href":"https:\/\/api.w.org\/{rel}","templated":true}]}}