{"id":28361,"date":"2021-12-13T04:15:01","date_gmt":"2021-12-13T04:15:01","guid":{"rendered":"http:\/\/archivum.eloszekelyfold.ro\/2021\/12\/13\/fuss-neki\/"},"modified":"2021-12-13T04:15:01","modified_gmt":"2021-12-13T04:15:01","slug":"fuss-neki","status":"publish","type":"post","link":"https:\/\/archivum.eloszekelyfold.ro\/index.php\/2021\/12\/13\/fuss-neki\/","title":{"rendered":"Fuss NEKI!"},"content":{"rendered":"<p><\/p>\n<div style=\"color:#666666; font-family:inherit; font-size:14px;font-style: normal;text-align:left;line-height:24px;\">\n<div style=\"float:left\"><img decoding=\"async\" src=\"http:\/\/archivum.eloszekelyfold.ro\/wp-content\/uploads\/2021\/12\/572_fussneki_tamogatasok.jpg\" alt=\"Fuss NEKI!\" style=\"padding-right:14px; padding-bottom:6px; padding-top:6px;\" width=\"320px\"><\/div>\n<p>                              Az idei Fuss NEKI! adom\u00e1nygy\u0171jt\u0151 sportrendezv\u00e9nyen rekord\u00f6sszeg\u0171 t\u00e1mogat\u00e1s, \u00f6sszesen 87.424 lej gy\u0171lt \u00f6ssze. A p\u00e9nz\u00f6sszeg a programban r\u00e9sztvev\u0151 20 udvarhely(sz\u00e9k)i civil szervezet k\u00f6z\u00f6tt fog eloszlani, ez\u00e1ltal seg\u00edtve \u0151ket projektjeik \u00e9s elk\u00e9pzel\u00e9seik megval\u00f3s\u00edt\u00e1s\u00e1ban.<\/p>\n<div>\u00a0<\/div>\n<div>A szervezetek k\u00f6z\u00fcl szinte mindegyiknek siker\u00fclt \u00f6sszegy\u0171jtenie a kit\u0171z\u00f6tt c\u00e9l\u00f6sszeget. Olyan szervezet is volt,\u00a0aki 8-szor nagyobb p\u00e9nzalapot gy\u0171jt\u00f6tt, mint arra el\u0151zetesen sz\u00e1m\u00edtott. De nem ritka az sem, hogy egy-egy szervezet\u00a0megdupl\u00e1zta vagy megtripl\u00e1zta a c\u00e9l\u00f6sszeg\u00e9t.<br \/>\n\u00a0<\/div>\n<div style=\"text-align: center;\"><img loading=\"lazy\" decoding=\"async\" src=\"http:\/\/archivum.eloszekelyfold.ro\/wp-content\/uploads\/2021\/12\/float-logo.jpg\" width=\"110\" height=\"109\" alt=\"\"><\/div>\n<div>\u00a0<\/div>\n<div>Az al\u00e1bbiakban egyes\u00fcletekre bontva szerepelnek a kit\u0171z\u00f6tt c\u00e9l\u00f6sszegek \u00e9s a gy\u0171jt\u00e9s eredm\u00e9nye.\u00a0<\/div>\n<div>\n<div>\u00a0<\/div>\n<div>\u00c1llampolg\u00e1ri Bizotts\u00e1g az Emberi Jogok\u00e9rt Erd\u00e9ly Egyes\u00fclet \u00a03.050 (tervezett)\/\u00a06.425 (megval\u00f3s\u00edtott)<\/div>\n<div>Csicserg\u0151 Egyes\u00fclet<span class=\"Apple-tab-span\" style=\"white-space:pre\">\t<\/span>1.000\/\u00a03.210<\/div>\n<div>Csillagv\u00e1r Sz\u00fcl\u0151k \u00e9s Pedag\u00f3gusok Egyes\u00fclete\u00a01.020\/\u00a02.574<\/div>\n<div>Ebrem\u00e9ny \u00c1llatv\u00e9d\u0151 Egyes\u00fclet<span class=\"Apple-tab-span\" style=\"white-space:pre\">\t<\/span>\u00a03.072\/\u00a07.535<\/div>\n<div>Egy Mosoly az \u00c9let\u00e9rt Egyes\u00fclet\u00a01.368\/\u00a02.971<\/div>\n<div>Feel Good Sportegyes\u00fclet<span class=\"Apple-tab-span\" style=\"white-space:pre\">\t<\/span>\u00a04.800\/\u00a07.537<\/div>\n<div>Fic\u00e1nka \u00e9s Bar\u00e1tai Egyes\u00fclet\u00a03.000\/\u00a05.695<\/div>\n<div>Gyulafeh\u00e9rv\u00e1ri Caritas \u2013 Korai Nevel\u0151 \u00e9s Fejleszt\u0151k\u00f6zpont\u00a02.075\/\u00a02.814<\/div>\n<div>H\u00e1z a Holnap\u00e9rt Egyes\u00fclet\u00a01.500\/\u00a0760<\/div>\n<div>Kapuk Iskol\u00e1ja Egyes\u00fclet<span class=\"Apple-tab-span\" style=\"white-space:pre\">\t<\/span>4.000\/\u00a04.220<\/div>\n<div>Kipi-Kopi Egy\u00fcttnevel\u0151 Egyes\u00fclet\u00a01.299\/\u00a05.242<\/div>\n<div>Orb\u00e1n Alap\u00edtv\u00e1ny\u00a01.500\/\u00a04.658<\/div>\n<div>Pro Down Alap\u00edtv\u00e1ny<span class=\"Apple-tab-span\" style=\"white-space:pre\">\t<\/span>1.000\/\u00a08.461<\/div>\n<div>Pro Theatrum Alap\u00edtv\u00e1ny\u00a04.000\/\u00a02.485<\/div>\n<div>Sikerkulcs Alap\u00edtv\u00e1ny<span class=\"Apple-tab-span\" style=\"white-space:pre\">\t<\/span>2.500\/\u00a010.808<\/div>\n<div>Sunshine Egyes\u00fclet\u00a02.400<span class=\"Apple-tab-span\" style=\"white-space:pre\">\t<\/span>\/\u00a01.270<\/div>\n<div>Sylvester D\u00e9nes Egyes\u00fclet\u00a01.680\/\u00a01.175<\/div>\n<div>Udvarhelyi Delfinek Sportklub\u00a05.160\/\u00a03.207<\/div>\n<div>Udvarhelysz\u00e9ki Any\u00e1k Egyes\u00fclete\u00a01.790\/\u00a02.580<\/div>\n<div>Udvarhelysz\u00e9ki Ifj\u00fas\u00e1gi Egyeztet\u0151 Tan\u00e1cs (UIET)<span class=\"Apple-tab-span\" style=\"white-space:pre\">\t<\/span>1358\/\u00a03.510<br \/>\n\u00a0<\/div>\n<div>\u00d6sszesen:\u00a047.572\/\u00a087.137 lej.<br \/>\n\u00a0<\/div>\n<div>Tov\u00e1bbi\u00a0inform\u00e1ci\u00f3k\u00e9rt l\u00e1togassa meg a <a href=\"http:\/\/szka.org\/fuss-neki-2016-a-tamogatasok\/\"><strong><span style=\"color: rgb(255, 0, 0);\">Fuss NEKI!<\/span><\/strong><\/a><strong><span style=\"color: rgb(255, 0, 0);\">\u00a0<\/span><\/strong>honlapj\u00e1t.<\/p>\n<p>C\u00edmk\u00e9p\u00fcnk az SZKA honlapj\u00e1r\u00f3l sz\u00e1ramzik.<\/p>\n<p><em>\u00c9l\u0151 Sz\u00e9kelyf\u00f6ld Munkacsoport<\/em><\/div>\n<\/div><\/div>\n","protected":false},"excerpt":{"rendered":"<p>Az idei Fuss NEKI! adom\u00e1nygy\u0171jt\u0151 sportrendezv\u00e9nyen rekord\u00f6sszeg\u0171 t\u00e1mogat\u00e1s, \u00f6sszesen 87.424 lej gy\u0171lt \u00f6ssze. A p\u00e9nz\u00f6sszeg a programban r\u00e9sztvev\u0151 20 udvarhely(sz\u00e9k)i civil szervezet k\u00f6z\u00f6tt fog eloszlani, ez\u00e1ltal seg\u00edtve \u0151ket projektjeik \u00e9s elk\u00e9pzel\u00e9seik megval\u00f3s\u00edt\u00e1s\u00e1ban. \u00a0 A szervezetek k\u00f6z\u00fcl szinte mindegyiknek siker\u00fclt \u00f6sszegy\u0171jtenie a kit\u0171z\u00f6tt c\u00e9l\u00f6sszeget. Olyan szervezet is volt,\u00a0aki 8-szor nagyobb p\u00e9nzalapot gy\u0171jt\u00f6tt, mint arra el\u0151zetesen sz\u00e1m\u00edtott. [&hellip;]<\/p>\n","protected":false},"author":1,"featured_media":28362,"comment_status":"open","ping_status":"open","sticky":false,"template":"","format":"standard","meta":{"footnotes":""},"categories":[],"tags":[],"class_list":["post-28361","post","type-post","status-publish","format-standard","has-post-thumbnail","hentry"],"_links":{"self":[{"href":"https:\/\/archivum.eloszekelyfold.ro\/index.php\/wp-json\/wp\/v2\/posts\/28361","targetHints":{"allow":["GET"]}}],"collection":[{"href":"https:\/\/archivum.eloszekelyfold.ro\/index.php\/wp-json\/wp\/v2\/posts"}],"about":[{"href":"https:\/\/archivum.eloszekelyfold.ro\/index.php\/wp-json\/wp\/v2\/types\/post"}],"author":[{"embeddable":true,"href":"https:\/\/archivum.eloszekelyfold.ro\/index.php\/wp-json\/wp\/v2\/users\/1"}],"replies":[{"embeddable":true,"href":"https:\/\/archivum.eloszekelyfold.ro\/index.php\/wp-json\/wp\/v2\/comments?post=28361"}],"version-history":[{"count":0,"href":"https:\/\/archivum.eloszekelyfold.ro\/index.php\/wp-json\/wp\/v2\/posts\/28361\/revisions"}],"wp:featuredmedia":[{"embeddable":true,"href":"https:\/\/archivum.eloszekelyfold.ro\/index.php\/wp-json\/wp\/v2\/media\/28362"}],"wp:attachment":[{"href":"https:\/\/archivum.eloszekelyfold.ro\/index.php\/wp-json\/wp\/v2\/media?parent=28361"}],"wp:term":[{"taxonomy":"category","embeddable":true,"href":"https:\/\/archivum.eloszekelyfold.ro\/index.php\/wp-json\/wp\/v2\/categories?post=28361"},{"taxonomy":"post_tag","embeddable":true,"href":"https:\/\/archivum.eloszekelyfold.ro\/index.php\/wp-json\/wp\/v2\/tags?post=28361"}],"curies":[{"name":"wp","href":"https:\/\/api.w.org\/{rel}","templated":true}]}}