{"id":28359,"date":"2021-12-13T04:13:00","date_gmt":"2021-12-13T04:13:00","guid":{"rendered":"http:\/\/archivum.eloszekelyfold.ro\/2021\/12\/13\/jo-tetteket-ultetunk-hargita-megyeben-is\/"},"modified":"2021-12-13T04:13:00","modified_gmt":"2021-12-13T04:13:00","slug":"jo-tetteket-ultetunk-hargita-megyeben-is","status":"publish","type":"post","link":"https:\/\/archivum.eloszekelyfold.ro\/index.php\/2021\/12\/13\/jo-tetteket-ultetunk-hargita-megyeben-is\/","title":{"rendered":"J\u00f3 tetteket \u00fcltet\u00fcnk Hargita megy\u00e9ben is!"},"content":{"rendered":"<p><\/p>\n<div style=\"color:#666666; font-family:inherit; font-size:14px;font-style: normal;text-align:left;line-height:24px;\">\n<div style=\"float:left\"><img decoding=\"async\" src=\"http:\/\/archivum.eloszekelyfold.ro\/wp-content\/uploads\/2021\/12\/573_Jo_tetteket_ultetunk_allo.jpg\" alt=\"J\u00f3 tetteket \u00fcltet\u00fcnk Hargita megy\u00e9ben is!\" style=\"padding-right:14px; padding-bottom:6px; padding-top:6px;\" width=\"320px\"><\/div>\n<div>A Z\u00f6ld Sz\u00e9kelyF\u00f6ld Egyes\u00fclet Homor\u00f3dalm\u00e1s \u00f6nkorm\u00e1nyzat\u00e1val \u00e9s az Eco Assist civil szervezettel kar\u00f6ltve november\u00a012-\u00e9n, szombaton bekapcsol\u00f3dik abba az orsz\u00e1gos csemete\u00fcltet\u00e9si akci\u00f3ba, amelynek kit\u0171z\u00f6tt c\u00e9lja, hogy 7-8 \u00e9v alatt\u00a0mintegy 300 hekt\u00e1r hasznos\u00edtatlan ter\u00fcletet v\u00e1ltoztasson erd\u0151v\u00e9 50.000 \u00f6nk\u00e9ntes bevon\u00e1s\u00e1val.<br \/>\n\u00a0<\/div>\n<div>A J\u00f3 tetteket \u00fcltet\u00fcnk! elnevez\u00e9s\u0171 akci\u00f3 2015-ben mintegy 73 hekt\u00e1r be\u00fcltet\u00e9s\u00e9t (225 ezer csemete el\u00fcltet\u00e9s\u00e9vel)\u00a0teljes\u00edtette egyetlen nap alatt, m\u00e9g pedig 11.000 \u00f6nk\u00e9ntes bevon\u00e1s\u00e1val az orsz\u00e1g 14 megy\u00e9j\u00e9ben.<\/p>\n<p>Az id\u00e9n els\u0151 alkalommal szervezik meg az orsz\u00e1gos csemete\u00fcltet\u00e9si akci\u00f3t Hargita megy\u00e9ben 8 m\u00e1sik megye mellett.\u00a0<\/p>\n<p>Homor\u00f3dalm\u00e1s hat\u00e1r\u00e1ba, a G\u00e1lhegy nev\u0171 hely fest\u0151i k\u00f6rnyezet\u00e9be v\u00e1rj\u00e1k azokat a civileket, akik egy kellemes\u00a0szombati napot j\u00f3 t\u00e1rsas\u00e1gban \u00e9s hasznosan szeretn\u00e9nek elt\u00f6lteni. A nap programjai k\u00f6z\u00f6tt szerepel: csemete\u00fcltet\u00e9s\u00a0erd\u00e9sz szakemberek seg\u00edts\u00e9g\u00e9vel, erdei iskola s\u00e1tor nemcsak kicsiknek. Az esem\u00e9ny k\u00fcl\u00f6nlegess\u00e9ge, hogy egy\u00a0leromlott ter\u00fcletet \u00faj technol\u00f3gi\u00e1k alkalmaz\u00e1s\u00e1val pr\u00f3b\u00e1lunk \u00fajra\u00e9leszteni, \u00e9s a term\u00e9szet k\u00f6rforg\u00e1s\u00e1ba \u00fajra\u00a0bekapcsolni. <\/p>\n<p>Az esem\u00e9ny reggel 9 \u00f3rakor kezd\u0151dik. Az esem\u00e9ny orsz\u00e1gos partnere a K\u00f6rnyezetv\u00e9delmi Miniszt\u00e9rium.\u00a0Az esem\u00e9nyt a 2015-ben H\u00e1romsz\u00e9ken elkezdett civil mozgalom folytat\u00e1s\u00e1nak is sz\u00e1njuk, akkor 480 civil, erd\u00e9szek\u00a0seg\u00edts\u00e9g\u00e9vel, mintegy 10.000 csemet\u00e9t \u00fcltetett el. Az esem\u00e9nyt a Fiatal Erd\u00e9lyi V\u00e1llalkoz\u00f3k Egyes\u00fclet\u00e9nek (YEAT)\u00a0szervez\u00e9s\u00e9ben rendezt\u00e9k.<\/p>\n<p>A csemete\u00fcltet\u00e9si akci\u00f3 sor\u00e1n a szervez\u0151k biztos\u00edtj\u00e1k az eszk\u00f6z\u00f6ket, a csemet\u00e9ket \u00e9s meleg \u00e9telt, otthonr\u00f3l csak a\u00a0j\u00f3kedvet kell hozni. Az esem\u00e9ny l\u00e9trej\u00f6tt\u00e9t seg\u00edti tov\u00e1bb\u00e1 a Zetelaka Erd\u0151rend\u00e9szeti Hivatal, Homor\u00f3dalm\u00e1s\u00a0K\u00f6zbirtokoss\u00e1g, illetve a LIECO csemetekert Ausztria.<\/p><\/div>\n<div>\u00a0<\/div>\n<div>Jel\u00f6ld be november 12-t a napt\u00e1radban, \u00e9s gyere, \u00fcltess egy csemet\u00e9t szombaton! Hozd el bar\u00e1taidat, tegyetek egy\u00fctt\u00a0k\u00f6rnyezetetek\u00e9rt \u2013 j\u00f6v\u0151nk\u00e9rt!<\/div>\n<div>\u00a0<\/div>\n<div>Egy k\u00f6z\u00f6s csemete\u00fcltet\u00e9s rem\u00e9ny\u00e9ben \u00fcdv\u00f6zlettel,<\/div>\n<div>\u00a0<\/div>\n<div><em>K\u00e1d\u00e1r Tibor-S\u00e1ndor<\/em><\/div>\n<div><em>megyei koordin\u00e1tor<\/p>\n<p>\u00c9l\u0151 Sz\u00e9kelyf\u00f6ld Munkacsoport<\/em><\/div>\n<\/p><\/div>\n","protected":false},"excerpt":{"rendered":"<p>A Z\u00f6ld Sz\u00e9kelyF\u00f6ld Egyes\u00fclet Homor\u00f3dalm\u00e1s \u00f6nkorm\u00e1nyzat\u00e1val \u00e9s az Eco Assist civil szervezettel kar\u00f6ltve november\u00a012-\u00e9n, szombaton bekapcsol\u00f3dik abba az orsz\u00e1gos csemete\u00fcltet\u00e9si akci\u00f3ba, amelynek kit\u0171z\u00f6tt c\u00e9lja, hogy 7-8 \u00e9v alatt\u00a0mintegy 300 hekt\u00e1r hasznos\u00edtatlan ter\u00fcletet v\u00e1ltoztasson erd\u0151v\u00e9 50.000 \u00f6nk\u00e9ntes bevon\u00e1s\u00e1val. \u00a0 A J\u00f3 tetteket \u00fcltet\u00fcnk! elnevez\u00e9s\u0171 akci\u00f3 2015-ben mintegy 73 hekt\u00e1r be\u00fcltet\u00e9s\u00e9t (225 ezer csemete el\u00fcltet\u00e9s\u00e9vel)\u00a0teljes\u00edtette egyetlen nap [&hellip;]<\/p>\n","protected":false},"author":1,"featured_media":28360,"comment_status":"open","ping_status":"open","sticky":false,"template":"","format":"standard","meta":{"footnotes":""},"categories":[],"tags":[],"class_list":["post-28359","post","type-post","status-publish","format-standard","has-post-thumbnail","hentry"],"_links":{"self":[{"href":"https:\/\/archivum.eloszekelyfold.ro\/index.php\/wp-json\/wp\/v2\/posts\/28359","targetHints":{"allow":["GET"]}}],"collection":[{"href":"https:\/\/archivum.eloszekelyfold.ro\/index.php\/wp-json\/wp\/v2\/posts"}],"about":[{"href":"https:\/\/archivum.eloszekelyfold.ro\/index.php\/wp-json\/wp\/v2\/types\/post"}],"author":[{"embeddable":true,"href":"https:\/\/archivum.eloszekelyfold.ro\/index.php\/wp-json\/wp\/v2\/users\/1"}],"replies":[{"embeddable":true,"href":"https:\/\/archivum.eloszekelyfold.ro\/index.php\/wp-json\/wp\/v2\/comments?post=28359"}],"version-history":[{"count":0,"href":"https:\/\/archivum.eloszekelyfold.ro\/index.php\/wp-json\/wp\/v2\/posts\/28359\/revisions"}],"wp:featuredmedia":[{"embeddable":true,"href":"https:\/\/archivum.eloszekelyfold.ro\/index.php\/wp-json\/wp\/v2\/media\/28360"}],"wp:attachment":[{"href":"https:\/\/archivum.eloszekelyfold.ro\/index.php\/wp-json\/wp\/v2\/media?parent=28359"}],"wp:term":[{"taxonomy":"category","embeddable":true,"href":"https:\/\/archivum.eloszekelyfold.ro\/index.php\/wp-json\/wp\/v2\/categories?post=28359"},{"taxonomy":"post_tag","embeddable":true,"href":"https:\/\/archivum.eloszekelyfold.ro\/index.php\/wp-json\/wp\/v2\/tags?post=28359"}],"curies":[{"name":"wp","href":"https:\/\/api.w.org\/{rel}","templated":true}]}}