{"id":28357,"date":"2021-12-13T04:11:00","date_gmt":"2021-12-13T04:11:00","guid":{"rendered":"http:\/\/archivum.eloszekelyfold.ro\/2021\/12\/13\/elhunyt-molnar-h-lajos\/"},"modified":"2021-12-13T04:11:00","modified_gmt":"2021-12-13T04:11:00","slug":"elhunyt-molnar-h-lajos","status":"publish","type":"post","link":"https:\/\/archivum.eloszekelyfold.ro\/index.php\/2021\/12\/13\/elhunyt-molnar-h-lajos\/","title":{"rendered":"Elhunyt Moln\u00e1r H. Lajos"},"content":{"rendered":"<p><\/p>\n<div style=\"color:#666666; font-family:inherit; font-size:14px;font-style: normal;text-align:left;line-height:24px;\">\n<div style=\"float:left\"><img decoding=\"async\" src=\"http:\/\/archivum.eloszekelyfold.ro\/wp-content\/uploads\/2021\/12\/574_molnar_h_lajos.jpg\" alt=\"Elhunyt Moln\u00e1r H. Lajos\" style=\"padding-right:14px; padding-bottom:6px; padding-top:6px;\" width=\"320px\"><\/div>\n<p>                              A rendhagy\u00f3 \u00edr\u00f3i p\u00e1lyai k\u00fcl\u00f6nb\u00f6z\u0151 v\u00e1ratlan fordulatokkal indult: 1964-65 a Szentgy\u00f6rgyi Istv\u00e1n Sz\u00ednm\u0171v\u00e9szet hallgat\u00f3ja, majd 1966-1971 k\u00f6z\u00f6tt a Babes-Bolyai Egyetemen tanult, ahol pszichol\u00f3gusi diplom\u00e1t szerzett. Rom\u00e1ni\u00e1ban hamar ellehetetlen\u00edtett\u00e9k a hat\u00f3s\u00e1gok, 1987 \u00f3ta Magyarorsz\u00e1gon \u00e9lt. \u00a0<\/p>\n<p>Az \u00edr\u00f3 november 2-\u00e1n este halt meg betegs\u00e9g k\u00f6vetkezt\u00e9ben. <\/p>\n<p>Moln\u00e1r H Lajos 1946. m\u00e1jus 16-\u00e1n sz\u00fcletett Marosv\u00e1s\u00e1rhelyen, a kolozsv\u00e1ri tanulm\u00e1nyai ut\u00e1n \u00fczempszichol\u00f3gusk\u00e9nt dolgozott a resicab\u00e1nyai koh\u00e1szati gy\u00e1rban, ebb\u0151l az id\u0151szakb\u00f3l t\u00e1pl\u00e1lkozik az \u00c9s akkor \u00e1tmentem a t\u0171z\u00f6n c\u00edm\u0171, a Kriterion K\u00f6nyvkiad\u00f3 Forr\u00e1s-sorozat\u00e1nak r\u00e9szek\u00e9nt 1978-ban megjelent deb\u00fctk\u00f6tete. A k\u00f6tet riportreg\u00e9ny m\u0171faj\u00e1ba b\u00fajtatva sz\u00e1molt be a rom\u00e1niai ac\u00e9lkoh\u00f3 tragikus \u00e9s szerte\u00e1gaz\u00f3 hazugs\u00e1gok m\u00f6g\u00e9 b\u00fajtatott val\u00f3s\u00e1g\u00e1r\u00f3l.<\/p>\n<p>A szerz\u0151je m\u00e9g Deb\u00fct-d\u00edjat kaphatott e k\u00f6nyv\u00e9rt, viszont amikor a kritika r\u00e1 akart mutatni a benne foglalt tanuls\u00e1gokra, a cenz\u00fara ezt m\u00e1r megakad\u00e1lyozta.<\/p>\n<p>Donki \u00c1kos c\u00edm\u0171 reg\u00e9ny\u00e9\u00e9rt 1981-ben elnyerte a \u00a0a Rom\u00e1niai \u00cdr\u00f3sz\u00f6vets\u00e9g Pr\u00f3zad\u00edj\u00e1t. 1983-ban jelent meg a Falra h\u00e1nyt esztend\u0151 c\u00edm\u0171 riportreg\u00e9nye, amely b\u00edr\u00e1lta a fenn\u00e1ll\u00f3 rendszert. A megjelen\u00e9s ut\u00e1n a szerz\u0151t eltiltott\u00e1k a publik\u00e1l\u00e1s lehet\u0151s\u00e9g\u00e9t\u0151l.<\/p>\n<div style=\"text-align: center;\"><img loading=\"lazy\" decoding=\"async\" src=\"http:\/\/archivum.eloszekelyfold.ro\/wp-content\/uploads\/2021\/12\/Donki_Akos.jpg\" width=\"300\" height=\"464\" alt=\"\"><\/div>\n<div style=\"text-align: center;\"><em>A Donki \u00c1kos c\u00edm\u0171 fikt\u00edv riportreg\u00e9ny igazi sikerk\u00f6nyv <br \/>\nvolt, annak ellen\u00e9re, hogy szerz\u0151j\u00e9t ellehetetlen\u00edtett\u00e9k<br \/>\n\u00e9s k\u00f6nyveit visszavont\u00e1k a k\u00f6nyvesboltokb\u00f3l\u00a0<\/em><\/div>\n<p>\nA securitate zaklat\u00e1sai k\u00f6vetkezt\u00e9ben 1987-ben Magyarorsz\u00e1gra telepedett csal\u00e1dj\u00e1val. \u00dajs\u00e1g\u00edr\u00f3k\u00e9nt \u00e9s szerkeszt\u0151k\u00e9nt el\u0151bb a Magyar Nemzetn\u00e9l, majd a J\u00e1sz-Nagykun-Szolnok megyei N\u00e9plapn\u00e1l, ut\u00f3bb a J\u00e1szkun Kr\u00f3nik\u00e1n\u00e1l dolgozott. Id\u0151k\u00f6zben a szolnoki Szigligeti Sz\u00ednh\u00e1z dramaturgja is volt.<\/p>\n<p>A Donki \u00c1kos c\u00edm\u0171 reg\u00e9ny\u00e9b\u0151l \u00edrt hangj\u00e1t\u00e9k\u00e9rt 1986-ban a Magyar R\u00e1di\u00f3 N\u00edv\u00f3-d\u00edj\u00e1ban r\u00e9szes\u00fclt. A k\u00f6tet a Magvet\u0151 K\u00f6nyvkiad\u00f3, a Falra h\u00e1nyt esztend\u0151 pedig a Sz\u00e9pirodalmi K\u00f6nyvkiad\u00f3 kiad\u00e1s\u00e1ban is megjelent Magyarorsz\u00e1gon.<\/p>\n<p>A huszadik sz\u00e1zad m\u00e1sodik fel\u00e9nek erd\u00e9lyi \u00e9s rom\u00e1niai t\u00f6rt\u00e9n\u00e9seit mag\u00e1ba foglal\u00f3 Volt egyszer egy udvar c\u00edm\u0171 nagyreg\u00e9nye 2000-ben jelent meg.<br \/>\n<em><br \/>\nForr\u00e1s: MTI<\/em>\n                        <\/div>\n","protected":false},"excerpt":{"rendered":"<p>A rendhagy\u00f3 \u00edr\u00f3i p\u00e1lyai k\u00fcl\u00f6nb\u00f6z\u0151 v\u00e1ratlan fordulatokkal indult: 1964-65 a Szentgy\u00f6rgyi Istv\u00e1n Sz\u00ednm\u0171v\u00e9szet hallgat\u00f3ja, majd 1966-1971 k\u00f6z\u00f6tt a Babes-Bolyai Egyetemen tanult, ahol pszichol\u00f3gusi diplom\u00e1t szerzett. Rom\u00e1ni\u00e1ban hamar ellehetetlen\u00edtett\u00e9k a hat\u00f3s\u00e1gok, 1987 \u00f3ta Magyarorsz\u00e1gon \u00e9lt. \u00a0 Az \u00edr\u00f3 november 2-\u00e1n este halt meg betegs\u00e9g k\u00f6vetkezt\u00e9ben. Moln\u00e1r H Lajos 1946. m\u00e1jus 16-\u00e1n sz\u00fcletett Marosv\u00e1s\u00e1rhelyen, a kolozsv\u00e1ri tanulm\u00e1nyai [&hellip;]<\/p>\n","protected":false},"author":1,"featured_media":28358,"comment_status":"open","ping_status":"open","sticky":false,"template":"","format":"standard","meta":{"footnotes":""},"categories":[],"tags":[],"class_list":["post-28357","post","type-post","status-publish","format-standard","has-post-thumbnail","hentry"],"_links":{"self":[{"href":"https:\/\/archivum.eloszekelyfold.ro\/index.php\/wp-json\/wp\/v2\/posts\/28357","targetHints":{"allow":["GET"]}}],"collection":[{"href":"https:\/\/archivum.eloszekelyfold.ro\/index.php\/wp-json\/wp\/v2\/posts"}],"about":[{"href":"https:\/\/archivum.eloszekelyfold.ro\/index.php\/wp-json\/wp\/v2\/types\/post"}],"author":[{"embeddable":true,"href":"https:\/\/archivum.eloszekelyfold.ro\/index.php\/wp-json\/wp\/v2\/users\/1"}],"replies":[{"embeddable":true,"href":"https:\/\/archivum.eloszekelyfold.ro\/index.php\/wp-json\/wp\/v2\/comments?post=28357"}],"version-history":[{"count":0,"href":"https:\/\/archivum.eloszekelyfold.ro\/index.php\/wp-json\/wp\/v2\/posts\/28357\/revisions"}],"wp:featuredmedia":[{"embeddable":true,"href":"https:\/\/archivum.eloszekelyfold.ro\/index.php\/wp-json\/wp\/v2\/media\/28358"}],"wp:attachment":[{"href":"https:\/\/archivum.eloszekelyfold.ro\/index.php\/wp-json\/wp\/v2\/media?parent=28357"}],"wp:term":[{"taxonomy":"category","embeddable":true,"href":"https:\/\/archivum.eloszekelyfold.ro\/index.php\/wp-json\/wp\/v2\/categories?post=28357"},{"taxonomy":"post_tag","embeddable":true,"href":"https:\/\/archivum.eloszekelyfold.ro\/index.php\/wp-json\/wp\/v2\/tags?post=28357"}],"curies":[{"name":"wp","href":"https:\/\/api.w.org\/{rel}","templated":true}]}}