{"id":28355,"date":"2021-12-13T04:09:00","date_gmt":"2021-12-13T04:09:00","guid":{"rendered":"http:\/\/archivum.eloszekelyfold.ro\/2021\/12\/13\/elhunyt-ervin-atya\/"},"modified":"2021-12-13T04:09:00","modified_gmt":"2021-12-13T04:09:00","slug":"elhunyt-ervin-atya","status":"publish","type":"post","link":"https:\/\/archivum.eloszekelyfold.ro\/index.php\/2021\/12\/13\/elhunyt-ervin-atya\/","title":{"rendered":"Elhunyt Ervin atya"},"content":{"rendered":"<p><\/p>\n<div style=\"color:#666666; font-family:inherit; font-size:14px;font-style: normal;text-align:left;line-height:24px;\">\n<div style=\"float:left\"><img decoding=\"async\" src=\"http:\/\/archivum.eloszekelyfold.ro\/wp-content\/uploads\/2021\/12\/575_ervin_atya_portre.JPG\" alt=\"Elhunyt Ervin atya\" style=\"padding-right:14px; padding-bottom:6px; padding-top:6px;\" width=\"320px\"><\/div>\n<p>                              \u00c9let\u00e9nek 97., szerzetess\u00e9g\u00e9nek 79., paps\u00e1g\u00e1nak 74. \u00e9v\u00e9ben 2016. november 6-\u00e1n elhunyt P. Ferencz B\u00e9la Ervin OFM ferences atya, nyugalmazott pl\u00e9b\u00e1nos. <\/p>\n<p>Ervin atya a Gyulafeh\u00e9rv\u00e1ri F\u0151egyh\u00e1zmegye egyik legid\u0151sebb \u00e9s legnagyobb hat\u00e1s\u00fa papja volt. \u00c9lete utols\u00f3 id\u0151szak\u00e1ig szolg\u00e1lta az Urat \u00e9s n\u00e9p\u00e9t. \u00c9let\u00e9nek 97., szerzetess\u00e9g\u00e9nek 79., paps\u00e1g\u00e1nak 74. \u00e9v\u00e9ben 2016. november 6-\u00e1n hunyt el.<\/p>\n<p>Az imm\u00e1r n\u00e9hai P. Ferencz Ervin aty\u00e1\u00e9rt 2016. november 7-\u00e9n, h\u00e9tf\u0151n 16.00 \u00f3rakor a cs\u00edksomly\u00f3i kegytemplomban mutatnak be engesztel\u0151 szentmise-\u00e1ldozatot. \u00a0Kedden Gyergy\u00f3sz\u00e1rhegyen ravatalozz\u00e1k fel, temet\u00e9s\u00e9re pedig 2016. november 9-\u00e9n, szerd\u00e1n, a 13.00 \u00f3rakor kezd\u0151d\u0151 szentmise ut\u00e1n ker\u00fcl sor a gyergy\u00f3sz\u00e1rhegyi ferences kolostor temet\u0151j\u00e9ben.<\/p>\n<p>P. Ervin 1920. m\u00e1jus 10-\u00e9n sz\u00fcletett Gyergy\u00f3sz\u00e1rhegyen, 1938. okt\u00f3ber 6-\u00e1n Medgyesen \u00f6lt\u00f6tte mag\u00e1ra Szent Ferenc ruh\u00e1j\u00e1t a Kisebb Testv\u00e9rek Rendj\u00e9nek Erd\u00e9lyi Tartom\u00e1ny\u00e1ban, \u00e9s 1943. j\u00fanius 20-\u00e1n Gyulafeh\u00e9rv\u00e1ron szentelt\u00e9k papp\u00e1. Lelkip\u00e1sztork\u00e9nt t\u00f6bbek k\u00f6z\u00f6tt Kolozsv\u00e1ron, Sz\u00e9kelyudvarhelyen, Zetelak\u00e1n, Torny\u00e1n, D\u00e9sen, D\u00e9v\u00e1n, Fogarason \u00e9s Sz\u00e1rhegyen tev\u00e9kenykedett. <\/p>\n<p>\u00c9let\u00e9t az evang\u00e9lium\u00e9rt \u00e9s az igazs\u00e1g\u00e9rt val\u00f3 ki\u00e1ll\u00e1s jellemezte, amely\u00e9rt a kommunizmus ideje alatt k\u00e9t alkalommal is b\u00f6rt\u00f6nt viselt, \u00e9s sok-sok csat\u00e1t v\u00edvott.<\/p>\n<p>2013-ban ker\u00fclt Cs\u00edksomly\u00f3ra, ahol a Sz\u0171zanya l\u00e1b\u00e1n\u00e1l erej\u00e9hez m\u00e9rten a legutols\u00f3 id\u0151szakig f\u00e1radozott a lelkek \u00fcdv\u00f6ss\u00e9g\u00e9n, \u00e9s az \u00f6r\u00f6k \u00e9letbe vetett hittel k\u00e9sz\u00fclt az \u00dar J\u00e9zussal val\u00f3 tal\u00e1lkoz\u00e1sra, akit \u00e9let\u00e9ben kitart\u00f3an szolg\u00e1lt.<\/p>\n<p>R\u00e9szletesebb \u00f6ssze\u00e1ll\u00edt\u00e1sunk\u00a0<a href=\"http:\/\/eloszekelyfold.com\/web\/I576--C21--%C3%89l%C5%91_Szekelyf%C3%B6ld--Ervin_atya_eletut-stacioi.html\"><strong><span style=\"color: rgb(255, 0, 0);\">Ervin atya \u00e9let\u00fat-st\u00e1ci\u00f3i<\/span><\/strong><\/a>.<\/p>\n<div>B\u00f6jte atya egy p\u00e1r \u00e9vvel ezel\u0151tt k\u00e9sz\u00fclt vide\u00f3felv\u00e9tel megoszt\u00e1s\u00e1val id\u00e9zi fel a m\u00e1ris hi\u00e1nyz\u00f3 Ervin atya eml\u00e9k\u00e9t:<br \/>\n\u00a0<\/div>\n<div style=\"text-align: center;\"><embed type=\"application\/x-shockwave-flash\" pluginspage=\"http:\/\/www.macromedia.com\/go\/getflashplayer\" src=\"http:\/\/www.youtube.com\/v\/-gCHUTaPtVQ%26hl=en%26fs=1%26rel=0%26ap=%2526fmt=18\" width=\"425\" height=\"344\"><\/embed><\/div>\n<div>\nAmennyiben nem indul a fenti vide\u00f3, akkor <a href=\"https:\/\/www.youtube.com\/watch?v=-gCHUTaPtVQ\"><strong><span style=\"color: rgb(255, 0, 0);\">ITT<\/span><\/strong><\/a><strong><span style=\"color: rgb(255, 0, 0);\">\u00a0<\/span><\/strong>is megtal\u00e1lja!<\/p>\n<p>\u201e\u00c1ldjon, \u00e9n Uram, mi n\u0151v\u00e9r\u00fcnk, a testi Hal\u00e1l, ki minden \u00e9l\u0151 embert megtal\u00e1l.\u00a0(\u2026) Boldogok, akik szents\u00e9ges akaratodhoz igazodnak, nem tesz k\u00e1rt benn\u00fck m\u00e1sodik hal\u00e1l.\u201d\u00a0(Szent Ferenc:<em> Naphimnusz <\/em>\u2013 Dsida Jen\u0151 ford\u00edt\u00e1sa)<\/p>\n<p>A P. Ferencz Ervin temet\u00e9s\u00e9r\u0151l k\u00e9sz\u00fclt vide\u00f3felv\u00e9telek itt megtekinthet\u0151k. <\/p>\n<p>(Amennyiben nem indulnak a vide\u00f3k, megtal\u00e1lja \u0151ket a YouTube-on, illetve a <a href=\"http:\/\/www.magnificat.ro\/portal\/index.php\/hu\/csaba-testvmainmenu-42\/elmedi-mainmenu-247\/13024-p-ferencz-bela-ervin-ofm-2016-november-9\"><strong><span style=\"color: rgb(255, 0, 0);\">www.magnificat.ro<\/span><\/strong><\/a>\u00a0c\u00edmen, az Erd\u00e9lyi Ferences Rendtarom\u00e1ny port\u00e1lj\u00e1n.)<\/p>\n<p>A temet\u00e9si szertart\u00e1s f\u0151celebr\u00e1nsa dr. Jakubiny Gy\u00f6rgy \u00e9rsek volt.<br \/>\n\u00a0<\/div>\n<div style=\"text-align: center;\"><embed type=\"application\/x-shockwave-flash\" pluginspage=\"http:\/\/www.macromedia.com\/go\/getflashplayer\" src=\"http:\/\/www.youtube.com\/v\/0H3UBbwcCNY%26hl=en%26fs=1%26rel=0%26ap=%2526fmt=18\" width=\"425\" height=\"344\"><\/embed><\/div>\n<div>\nItt megtekintheti B\u00f6jte Csaba elm\u00e9lked\u00e9s\u00e9t. Csaba testv\u00e9r egyik p\u00e9ldak\u00e9pek\u00e9nt tisztelte \u00e9s szerette az \u00e9let\u00e9nek 97, \u00e9v\u00e9ben elhunyt szerzetespapot.<br \/>\n\u00a0<\/div>\n<div style=\"text-align: center;\"><embed type=\"application\/x-shockwave-flash\" pluginspage=\"http:\/\/www.macromedia.com\/go\/getflashplayer\" src=\"http:\/\/www.youtube.com\/v\/S9pALhc6nlA%26hl=en%26fs=1%26rel=0%26ap=%2526fmt=18\" width=\"425\" height=\"344\"><\/embed><\/div>\n<div>\n<em>C\u00edmk\u00e9p\u00fcnk a www.szekelykor.hu port\u00e1lr\u00f3l sz\u00e1rmazik.<\/em><\/div>\n<div>\n<em>Sim\u00f3 M\u00e1rton\/ \u00c9l\u0151 Sz\u00e9kelyf\u00f6ld Munkacsoport<\/em><br \/>\n\u00a0<\/div>\n<div>\u00a0<\/div>\n<\/p><\/div>\n","protected":false},"excerpt":{"rendered":"<p>\u00c9let\u00e9nek 97., szerzetess\u00e9g\u00e9nek 79., paps\u00e1g\u00e1nak 74. \u00e9v\u00e9ben 2016. november 6-\u00e1n elhunyt P. Ferencz B\u00e9la Ervin OFM ferences atya, nyugalmazott pl\u00e9b\u00e1nos. Ervin atya a Gyulafeh\u00e9rv\u00e1ri F\u0151egyh\u00e1zmegye egyik legid\u0151sebb \u00e9s legnagyobb hat\u00e1s\u00fa papja volt. \u00c9lete utols\u00f3 id\u0151szak\u00e1ig szolg\u00e1lta az Urat \u00e9s n\u00e9p\u00e9t. \u00c9let\u00e9nek 97., szerzetess\u00e9g\u00e9nek 79., paps\u00e1g\u00e1nak 74. \u00e9v\u00e9ben 2016. november 6-\u00e1n hunyt el. Az imm\u00e1r n\u00e9hai [&hellip;]<\/p>\n","protected":false},"author":1,"featured_media":28356,"comment_status":"open","ping_status":"open","sticky":false,"template":"","format":"standard","meta":{"footnotes":""},"categories":[],"tags":[],"class_list":["post-28355","post","type-post","status-publish","format-standard","has-post-thumbnail","hentry"],"_links":{"self":[{"href":"https:\/\/archivum.eloszekelyfold.ro\/index.php\/wp-json\/wp\/v2\/posts\/28355","targetHints":{"allow":["GET"]}}],"collection":[{"href":"https:\/\/archivum.eloszekelyfold.ro\/index.php\/wp-json\/wp\/v2\/posts"}],"about":[{"href":"https:\/\/archivum.eloszekelyfold.ro\/index.php\/wp-json\/wp\/v2\/types\/post"}],"author":[{"embeddable":true,"href":"https:\/\/archivum.eloszekelyfold.ro\/index.php\/wp-json\/wp\/v2\/users\/1"}],"replies":[{"embeddable":true,"href":"https:\/\/archivum.eloszekelyfold.ro\/index.php\/wp-json\/wp\/v2\/comments?post=28355"}],"version-history":[{"count":0,"href":"https:\/\/archivum.eloszekelyfold.ro\/index.php\/wp-json\/wp\/v2\/posts\/28355\/revisions"}],"wp:featuredmedia":[{"embeddable":true,"href":"https:\/\/archivum.eloszekelyfold.ro\/index.php\/wp-json\/wp\/v2\/media\/28356"}],"wp:attachment":[{"href":"https:\/\/archivum.eloszekelyfold.ro\/index.php\/wp-json\/wp\/v2\/media?parent=28355"}],"wp:term":[{"taxonomy":"category","embeddable":true,"href":"https:\/\/archivum.eloszekelyfold.ro\/index.php\/wp-json\/wp\/v2\/categories?post=28355"},{"taxonomy":"post_tag","embeddable":true,"href":"https:\/\/archivum.eloszekelyfold.ro\/index.php\/wp-json\/wp\/v2\/tags?post=28355"}],"curies":[{"name":"wp","href":"https:\/\/api.w.org\/{rel}","templated":true}]}}