{"id":28353,"date":"2021-12-13T04:05:01","date_gmt":"2021-12-13T04:05:01","guid":{"rendered":"http:\/\/archivum.eloszekelyfold.ro\/2021\/12\/13\/ervin-atya-eletut-stacioi\/"},"modified":"2021-12-13T04:05:01","modified_gmt":"2021-12-13T04:05:01","slug":"ervin-atya-eletut-stacioi","status":"publish","type":"post","link":"https:\/\/archivum.eloszekelyfold.ro\/index.php\/2021\/12\/13\/ervin-atya-eletut-stacioi\/","title":{"rendered":"Ervin atya \u00e9let\u00fat-st\u00e1ci\u00f3i"},"content":{"rendered":"<p><\/p>\n<div style=\"color:#666666; font-family:inherit; font-size:14px;font-style: normal;text-align:left;line-height:24px;\">\n<div style=\"float:left\"><img decoding=\"async\" src=\"http:\/\/archivum.eloszekelyfold.ro\/wp-content\/uploads\/2021\/12\/576_fe_atya.jpg\" alt=\"Ervin atya \u00e9let\u00fat-st\u00e1ci\u00f3i\" style=\"padding-right:14px; padding-bottom:6px; padding-top:6px;\" width=\"320px\"><\/div>\n<p>                              Hogyha v\u00e9gign\u00e9zz\u00fck az 1943-ban t\u00f6rt\u00e9nt felszentel\u00e9se \u00e9s 2016 okt\u00f3bere k\u00f6z\u00f6tti id\u0151szakot, akkor azt l\u00e1tjuk, hogy P. Ferencz Ervin atya mindv\u00e9gig szolg\u00e1latot teljes\u00edtett. Elviselt k\u00e9t igazs\u00e1gtalan b\u00f6rt\u00f6nb\u00fcntet\u00e9st, t\u00fal\u00e9lte a hal\u00e1los \u00edt\u00e9letet. K\u00e9pes volt hetvenh\u00e1rom esztendeig szolg\u00e1lni. \u00c9s nem is ak\u00e1rhogyan, hiszen alkotott, p\u00e9ld\u00e1t mutatott ezekben az \u00e9vtizedekben. K\u00e9ts\u00e9gtelen, hogy egyike volt nagyjainknak, akikre fel kell n\u00e9zn\u00fcnk, akiket k\u00f6vetn\u00fcnk kell, ha \u00e9lni \u00e9s meg\u00e9lni szeretn\u00e9nk ezen a f\u00f6ld\u00f6n, s akkor is, ha meg k\u00edv\u00e1nunk itt, ezen a helyen magyark\u00e9nt, sz\u00e9kelyk\u00e9nt maradni.<\/p>\n<p>Ferencz B\u00e9la n\u00e9ven 1920. m\u00e1jus 20-\u00e1n l\u00e1tta meg a napvil\u00e1got Gyergy\u00f3sz\u00e1rhegyen. F\u00f6ldm\u0171ves csal\u00e1dban nevelkedett. Sz\u00fcleinek t\u00edz gyermeke sz\u00fcletett, de testv\u00e9rei k\u00f6z\u00fcl hatan kicsi korukban meghaltak, h\u00e1rman a h\u00e1bor\u00fat nem \u00e9lt\u00e9k t\u00fal, \u00edgy egyed\u00fcl maradt. T\u00edz \u00e9ves volt, amikor Marosv\u00e1s\u00e1rhelyre, a R\u00f3mai Katolikus F\u0151gimn\u00e1ziumba ker\u00fclt. M\u00e1r akkor elhat\u00e1rozta, hogy Szent Ferenc gyermekei k\u00f6z\u00e9 l\u00e9p. Tanulm\u00e1nyait 1930 \u00e9s 1938 k\u00f6z\u00f6tt Marosv\u00e1s\u00e1rhelyen, Sz\u00e9kelyudvarhelyen \u00e9s Cs\u00edkszered\u00e1ban v\u00e9gezte. 76 esztendeje, 1938-ban l\u00e9pett be a szerzetesrendbe Medgyesen. A teol\u00f3gi\u00e1t 1939 \u00e9s 1944 k\u00f6z\u00f6tt Vajdahunyadon v\u00e9gezte. 1942. okt\u00f3ber 8-\u00e1n szerzetesi fogadalmat tett. \u00a0T\u00e1rsaival egy\u00fctt 1943. j\u00fanius 20-\u00e1n szentelte papp\u00e1 Gyulafeh\u00e9rv\u00e1ron M\u00e1rton \u00c1ron p\u00fcsp\u00f6k a k\u00f6vetkez\u0151 szavakkal: \u201eV\u00e9rtan\u00fakk\u00e1 szentellek titeket!\u201d<\/p>\n<p>P. Ferencz Ervin aty\u00e1t a XIII. Le\u00f3 p\u00e1pa Rerumnovarum c\u00edm\u0171 enciklik\u00e1j\u00e1ig visszany\u00fal\u00f3 kereszt\u00e9nydemokr\u00e1cia eszm\u00e9je eg\u00e9sz \u00e9let\u00e9ben foglalkoztatta. M\u00e1r 1937-ben szemin\u00e1riumi dolgozata jelent meg a t\u00e9m\u00e1r\u00f3l, amelyet a kisszemin\u00e1rium \u00f6nk\u00e9pz\u0151k\u00f6r\u00e9ben adott el\u0151, majd a Rem\u00e9ny c\u00edm\u0171 foly\u00f3iratban k\u00f6z\u00f6lt. Az 1951-1952-es m\u00e1riaradnai deport\u00e1l\u00e1s idej\u00e9n pedig a kolostorban \u00fagynevezett &#8222;szabadegyetemi&#8221; program keret\u00e9ben heti rendszeress\u00e9ggel besz\u00e9lt r\u00f3la. Az 1954-1955-\u00f6s politikai enyh\u00fcl\u00e9s korszak\u00e1ban fogalmaz\u00f3dott meg benne \u00e9s sorst\u00e1rsaiban a gondolat, hogy j\u00f3 lenne l\u00e9trehozni egy olyan p\u00e1rtot, amelynek tagjai sz\u00edv\u00fcgy\u00fcknek \u00e9rzik, kereszt\u00e9ny \u00e9s demokratikus alapokra helyezni a k\u00f6z\u00e9letet. Ezt az elk\u00e9pzel\u00e9st szolg\u00e1lta volna a Kereszt\u00e9nydemokrata Dolgoz\u00f3k P\u00e1rtja.<\/p>\n<div>\u00a0<\/div>\n<div>Azt\u00e1n bek\u00f6vetkezett 1956. Erd\u00e9lyben is feler\u0151s\u00f6d\u00f6tt a szervezked\u00e9s, mik\u00f6zben fesz\u00fclt figyelemmel hallgatt\u00e1k \u00e9jjel-nappal a r\u00e1di\u00f3n a magyar forradalom \u00e9s szabads\u00e1gharc esem\u00e9nyeit. Itt hallotta \u00e9l\u0151 egyenes ad\u00e1sban Mindszenty J\u00f3zsef\u00a0b\u00edboros, hercegpr\u00edm\u00e1s h\u00edress\u00e9 v\u00e1lt november 3-i r\u00e1di\u00f3s besz\u00e9d\u00e9t is Ervin atya.<\/p>\n<p><em>K\u00e9pzelt forradalom, avagy Osztr\u00e1k-Magyar Rom\u00e1nia.<\/em> Z\u00e1goni Bal\u00e1zs dokumentumfilmje (F\u00f3rum Film-Sapientia EMTE produkci\u00f3, 2005, 40&#8242;).<br \/>\n\u00a0<\/div>\n<div style=\"text-align: center;\"><embed type=\"application\/x-shockwave-flash\" pluginspage=\"http:\/\/www.macromedia.com\/go\/getflashplayer\" src=\"http:\/\/www.youtube.com\/v\/21JJB5Lqs-A%26hl=en%26fs=1%26rel=0%26ap=%2526fmt=18\" width=\"425\" height=\"344\"><\/embed><\/div>\n<div>\u00a0<\/div>\n<div>&#8222;Valaki egy \u00e9vvel k\u00e9s\u0151bb eldicsekedte, hogy itt is lehetett volna valami&#8221; &#8211; szokta mondta Ervin atya. A\u00a0szervezked\u00e9s a Securitate tudom\u00e1s\u00e1ra jutott, \u00e9s P. Ferencz Ervint 1957. december 4-\u00e9n, \u00e1llamellenes\u00a0szervezked\u00e9s\u00e9rt, a Kereszt\u00e9nydemokrata Dolgoz\u00f3k P\u00e1rtj\u00e1nak titkos szervez\u00e9s\u00e9\u00e9rt letart\u00f3ztatt\u00e1k, majd kilenc h\u00f3napos\u00a0vizsg\u00e1lati fogs\u00e1got k\u00f6vet\u0151en az 1956-os magyar forradalom \u00e9s szabads\u00e1gharc Rom\u00e1ni\u00e1ba import\u00e1l\u00e1s\u00e1nak v\u00e1dj\u00e1val, a\u00a0h\u00edrhedt Szoboszlay-perben Temesv\u00e1ron, t\u00f6bb t\u00e1rs\u00e1val egy\u00fctt hal\u00e1lra \u00edt\u00e9lt\u00e9k. T\u00edz\u00fcket ki is v\u00e9gezt\u00e9k, Ervin atya b\u00fcntet\u00e9s\u00e9t\u00a0v\u00e9g\u00fcl \u00e9letfogytiglani k\u00e9nyszermunk\u00e1ra v\u00e1ltoztatt\u00e1k: Aradon, Jilav\u00e1n, Galacon, Botosani-ban \u00e9s Szamos\u00fajv\u00e1rt raboskodott.\u00a01963 \u0151sz\u00e9n a Luciu-Girgeni-i munkat\u00e1borba ker\u00fclt, ahonnan 1964. augusztus 2-\u00e1n k\u00f6zkegyelemmel szabadult.<\/div>\n<div>\u00a0<\/div>\n<div>Ervin aty\u00e1nak a kereszt\u00e9ny alapokon nyugv\u00f3 t\u00e1rsadalmi b\u00e9ke gondolat\u00e1t tartalmaz\u00f3 \u00e9s a j\u00f6v\u0151beli k\u00f6zj\u00f3t szolg\u00e1l\u00f3\u00a0\u00edr\u00e1s\u00e1t annak idej\u00e9n elkobozt\u00e1k, de \u00e9ppen a Securitatenak k\u00f6sz\u00f6nhet\u0151en a sz\u00f6veg fennmaradt. Az\u00f3ta magyar nyelven\u00a0nyomtat\u00e1sban is megjelent. Ervin atya ezzel kapcsolatban mindig elmondja: hossz\u00fa \u00e9let\u00e9nek megkoron\u00e1z\u00e1s\u00e1t jelenti,\u00a0hogy a kereszt\u00e9nydemokr\u00e1cia gondolat\u00e1t m\u00e1ra m\u00e1r k\u00f6z\u00e9leti rangra emelt\u00e9k.<\/div>\n<div>\u00a0<\/div>\n<div>Szabadul\u00e1sa ut\u00e1n a magyarorsz\u00e1gi Battony\u00e1t\u00f3l h\u00e1rom kilom\u00e9terre lev\u0151 Tornya pl\u00e9b\u00e1ni\u00e1j\u00e1n szolg\u00e1lt 12 esztend\u0151n \u00e1t. 1976-ban ferences\u00a0templomigazgat\u00f3 Kolozsv\u00e1rott.\u00a01980. november 5-\u00e9n \u00fajra letart\u00f3ztatt\u00e1k &#8222;r\u00f3zsaf\u00fcz\u00e9rekkel val\u00f3 \u00fcz\u00e9rked\u00e9s v\u00e1dj\u00e1val&#8221; \u00e9s k\u00f6zb\u0171nt\u00e9nyesk\u00e9nt k\u00e9t \u00e9vre\u00a0\u00edt\u00e9lt\u00e9k. <\/p>\n<p>Ezekre az id\u0151kre \u00edgy eml\u00e9kezett vissza P. Ferencz Ervin egy vele k\u00e9sz\u00fclt interj\u00faban:\u00a0&#8222;A pinc\u00e9ben gy\u00e1rtottam \u00e9jszak\u00e1kon kereszt\u00fcl r\u00f3zsaf\u00fcz\u00e9rt. Az eg\u00e9sz orsz\u00e1g hozz\u00e1m j\u00e1rt, mert sehol az \u00e9gvil\u00e1gon nem\u00a0lehetett kapni. Egy \u00e9vig folyt a per, hi\u00e1ba pr\u00f3b\u00e1lt a p\u00fcsp\u00f6k kimenteni, nem lehetett. M\u00e1r a Securitat\u00e9n megmondt\u00e1k\u00a0el\u0151re, mennyire fognak \u00edt\u00e9lni. A magyar \u00edr\u00f3k s a magyar politikusok mind f\u00f6lemelt\u00e9k a szavukat mellettem, de hi\u00e1ba.\u00a0Beker\u00fcltem a szamos\u00fajv\u00e1ri, onnan elker\u00fcltem a bukaresti b\u00f6rt\u00f6nbe. Egyszer j\u00f6tt k\u00e9t ezredes egy Volg\u00e1val \u00e9rtem.\u00a0Gondoltam, most szabadulok, visznek haza, d\u00edszkapu v\u00e1r Kolozsv\u00e1ron. Erre bevittek a szeku orsz\u00e1gos k\u00f6zpontj\u00e1ba. Ez\u00a0olyan volt, mint Budapesten az Andr\u00e1ssy \u00fat 60. Sok minden k\u00f6vetkezett ott, levetk\u0151ztet\u00e9s, meg minden, nem akarom\u00a0elmondani. K\u00e9rdeztem t\u0151l\u00fck a kihallgat\u00e1son, hogy tal\u00e1n a r\u00f3zsaf\u00fcz\u00e9r veszedelmesebb, mint az atombomba? Azt mondt\u00e1k,\u00a0hagyjunk b\u00e9k\u00e9t a r\u00f3zsaf\u00fcz\u00e9rnek, hal\u00e1lra van \u00edt\u00e9lve k\u00e9mked\u00e9s\u00e9rt. Na, gondoltam, ennek a fele se tr\u00e9fa, de nem tudtam\u00a0elk\u00e9pzelni, mi lehet. K\u00e9rtem az \u00daristent, vil\u00e1gos\u00edtson meg, hogyan tudn\u00e9k v\u00e9dekezni. Kilencedik napon eszembe\u00a0jutott, mit v\u00e9lhettek \u0151k k\u00e9mked\u00e9snek. Ellen\u0151rizt\u00e9k, amit mondtam, mindent igazoltak, h\u00e1rom nap m\u00falva szabad voltam,\u00a0mehettem vissza a bukaresti b\u00f6rt\u00f6nbe. Akkor m\u00e1r hatvan\u00e9ves elm\u00faltam, el kellett volna engedjenek, de a b\u00f6rt\u00f6n\u00a0igazgat\u00f3ja nem merte alkalmazni r\u00e1m a t\u00f6rv\u00e9nyt, visszak\u00fcld\u00f6tt a b\u00f6rt\u00f6nszigetre. Ott betettek a legsz\u00f6rny\u0171bb helyre,\u00a0a kiv\u00e9gzend\u0151k k\u00f6z\u00e9. Az ottani parancsnok egy \u00f6reg f\u0151t\u00f6rzs\u0151rmester volt, r\u00e1ismertem. \u0150 mentette meg az \u00e9letemet \u00a01957-ben egy m\u00e1sik b\u00f6rt\u00f6nben, amikor olyan beteg voltam, hogy m\u00e1r-m\u00e1r b\u00facs\u00faztattak. Akkor bedobott volt n\u00e9h\u00e1ny tablett\u00e1t a\u00a0cell\u00e1mba&#8230; Mikor most ut\u00f3bb megk\u00e9rdezte, mi\u00e9rt vagyok ott, azt v\u00e1laszoltam, az\u00e9rt, hogy a 25 \u00e9vvel kor\u00e1bbi j\u00f3s\u00e1g\u00e1t meg\u00a0tudjam k\u00f6sz\u00f6nni. Olyan jelent\u00e9st \u00edrt r\u00f3lam, hogy egy h\u00e9t m\u00falva m\u00e1r Somly\u00f3n voltam &#8211; \u00e9ppen augusztus 15-\u00e9n,\u00a0Nagyboldogasszony napj\u00e1n.\u00a0Akkor lettem v\u00e9gleg szabad &#8211; 1982-t \u00edrtunk.&#8221;<\/p><\/div>\n<div>\u00a0<\/div>\n<div>Szabadul\u00e1sa ut\u00e1n Marosv\u00e1s\u00e1rhelyen, D\u00e9sen, D\u00e9v\u00e1n, majd \u00fajra D\u00e9sen teljes\u00edtette papi szolg\u00e1lat\u00e1t.<\/div>\n<div>\u00a0<\/div>\n<div>D\u00e9sen volt, 1989-ben Ceausescu buk\u00e1sakor. Erre a pillanatra \u00edgy eml\u00e9kezett: &#8222;Mikor elindult a t\u00fcntet\u00e9s, B\u00f6jte Csaba, aki akkor\u00a0k\u00e1pl\u00e1nom volt &#8211; titkos ferences nov\u00edciusk\u00e9nt -, megh\u00fazta a harangot. Az egyik atya k\u00e9ts\u00e9gbeesve rohant hozz\u00e1m, hogy\u00a0sem az ortodoxokn\u00e1l, sem a reform\u00e1tusokn\u00e1l nem harangoztak, csak n\u00e1lunk, ebb\u0151l baj lesz.\u00a0Na, gondoltam, \u00e9n \u00fagy megpofozom ezt a fiatal leg\u00e9nyt, de \u00fagy\u2026H\u00e1t k\u00e9rem, nem pofoztam meg, mert j\u00f3lesett.\u00a0Est\u00e9re m\u00e1r tudtam, hogy Ceausescu megbukott, az\u00e9rt nem pofoztam meg, ha nem, megpofoztam volna. Ez a Csaba be\u00e1llt a\u00a0t\u00fcntet\u0151k k\u00f6z\u00e9, s akkor a vil\u00e1gi fekete ruh\u00e1j\u00e1t \u00e1tv\u00e1ltoztatta a barna csuh\u00e1j\u00e1ra. Mikor a t\u00e9rre \u00e9rtek, a munk\u00e1sok a\u00a0nagy lelkesed\u00e9sben feltasz\u00edtott\u00e1k a v\u00e1rosh\u00e1za erk\u00e9ly\u00e9re, hogy besz\u00e9ljen. De akkor \u0151 m\u00e9g nem tudott j\u00f3l rom\u00e1nul &#8211;\u00a0most m\u00e1r j\u00f3l tud -, h\u00e1t elkezdte a Tatal nostrut, a Miaty\u00e1nkot.\u00a0S akkor a rend\u0151r\u00f6k t\u00e9rdre mind. Ilyet m\u00e9g nem l\u00e1tott a szocializmus. Ut\u00e1na k\u00e9rte, hogy akik tudn\u00e1nak magyarul,\u00a0azokkal mondjuk el magyarul is. Erre az eg\u00e9sz n\u00e9p elmondta magyarul is. Hossz\u00fa id\u0151 ut\u00e1n els\u0151 eset volt, hogy nyilv\u00e1nosan elhangzott\u00a0ez az im\u00e1ds\u00e1g.&#8221;<\/div>\n<div>\u00a0<\/div>\n<div>Az\u00f3ta is hallatszik, s tal\u00e1n egyre hangosabban a magyar Miaty\u00e1nk. B\u00f6jte Csaba \u00e1rvah\u00e1zaiban, t\u00f6bb sz\u00e1z gyermek\u00a0ajk\u00e1r\u00f3l csend\u00fcl fel \u00fajra \u00e9s \u00fajra, nap, mint nap&#8230; &#8222;Mi Aty\u00e1nk, aki a mennyekben vagy, szenteltess\u00e9k meg a Te neved!\u00a0J\u00f6jj\u00f6n el a Te orsz\u00e1god! Legyen meg a Te akaratod!&#8221;<\/div>\n<div>\u00a0<\/div>\n<div>De legyen meg! &#8211; mondhatn\u00e1nk b\u00e1tran, sietve hozz\u00e1t\u00e9ve persze: k\u00e9rj\u00fck, b\u00e1r meg nem \u00e9rdemelj\u00fck, hogy amint a\u00a0Mennyben, \u00fagy a F\u00f6ld\u00f6n is.<\/div>\n<div>\u00a0<\/div>\n<div>A mindennapi keny\u00e9rr\u0151l \u00e9s a sok munk\u00e1r\u00f3l is gondoskodott az \u00e9gi Atya, hiszen 1997-2013-ig &#8211; sz\u00fcl\u0151faluj\u00e1ban &#8211; a\u00a0gyergy\u00f3sz\u00e1rhegyi ferences kolostor h\u00e1zf\u0151n\u00f6ke \u00e9s a ferences templom igazgat\u00f3ja volt P. Ferencz Ervin.<\/div>\n<div>\u00a0<\/div>\n<div>Ervin atya b\u00e1rhol volt, papi teend\u0151i mellett sz\u00e1mos m\u00e1s tev\u00e9kenys\u00e9get is folytatott &#8211; \u00edgy volt ez Gyergy\u00f3sz\u00e1rhegyen\u00a0is. A kommunista diktat\u00fara 1989-ben t\u00f6rt\u00e9nt buk\u00e1sa ut\u00e1n harcolt az elkobzott vagyonok visszaszerz\u00e9s\u00e9\u00e9rt, \u00e9s nem\u00a0csak harcolt, vissza is szerezte a kolostorhoz tartoz\u00f3 birtokokat, erd\u0151ket. K\u00e1joni Akad\u00e9mia Alap\u00edtv\u00e1nyt hozott\u00a0l\u00e9tre, nyugati seg\u00edts\u00e9ggel moderniz\u00e1lta a helyi orvosi rendel\u0151t, kultur\u00e1lis rendezv\u00e9nyeket szervezett, renov\u00e1ltatta\u00a0a ferencesekhez tartoz\u00f3 \u00e9p\u00fcleteket. Fel\u00faj\u00edtotta a gyergy\u00f3sz\u00e1rhegyi ferences templomot \u00e9s a hozz\u00e1 tartoz\u00f3 kript\u00e1t,\u00a0ki\u00e9p\u00edtette a k\u00f6nyvt\u00e1rat, feny\u0151erd\u0151t \u00fcltetett a kolostor mell\u00e9, gy\u00fcm\u00f6lcs\u00f6st telep\u00edtett, s\u00f3barlangot l\u00e9tes\u00edtett.\u00a0K\u00f6zben &#8211; term\u00e9szetesen &#8211; papi teend\u0151it is v\u00e9gezte. Lelkigyakorlatokat, misszi\u00f3kat v\u00e1llalt, \u00e9s fogadta a hozz\u00e1\u00a0fordul\u00f3kat, zar\u00e1ndokokat.<\/div>\n<div>\u00a0<\/div>\n<div>Sz\u00fcl\u0151faluj\u00e1ban, Gyergy\u00f3sz\u00e1rhegyen \u00e9lhette meg P. Ferencz Ervin atya, hogy 52 esztend\u0151 ut\u00e1n, 2010-ben a kolozsv\u00e1ri t\u00e1blab\u00edr\u00f3s\u00e1g\u00a0felmentette az 1958-as Szoboszlay-per 57 el\u00edt\u00e9ltj\u00e9t, elismerte \u00e1rtatlans\u00e1gukat, \u00e9s ezzel a kommunizmus idej\u00e9n\u00a0elind\u00edtott pert teljes eg\u00e9sz\u00e9ben semmiss\u00e9 nyilv\u00e1n\u00edtott\u00e1k.<\/div>\n<div>\u00a0<\/div>\n<div>\u00c9let\u00fatj\u00e1nak elismer\u00e9sek\u00e9nt 2006. okt\u00f3ber 23-\u00e1n a Magyar K\u00f6zt\u00e1rsas\u00e1gi \u00c9rdemrend Tisztikereszj\u00e9t, 2011. m\u00e1rcius 14-\u00e9n\u00a0a Magyar K\u00f6zt\u00e1rsas\u00e1gi \u00c9rdemrend Lovagkeresztj\u00e9t vehette \u00e1t.<\/div>\n<div>\u00a0<\/div>\n<div>&#8222;Az els\u0151 \u00e1llampolg\u00e1rs\u00e1gomat az \u00e9desany\u00e1mt\u00f3l, a m\u00e1sodikat h\u00e1romhetesen a nagyhatalmakt\u00f3l, a harmadikat az\u00a0anyaorsz\u00e1gt\u00f3l kaptam&#8221; &#8211; mondta P. Ferencz Ervin, amikor 2012. december\u00e9ben, 92 esztend\u0151s kor\u00e1ban ism\u00e9t magyar\u00a0\u00e1llampolg\u00e1r lett.<\/div>\n<div style=\"text-align: center;\"><img loading=\"lazy\" decoding=\"async\" src=\"http:\/\/archivum.eloszekelyfold.ro\/wp-content\/uploads\/2021\/12\/mindszenty_emlekerem.jpg\" width=\"450\" height=\"281\" alt=\"\"><\/div>\n<div style=\"text-align: center;\"><em>A Mindszenty-eml\u00e9k\u00e9rem \u00e1tv\u00e9telekor &#8211; 2014-ben Bolberitz P\u00e1l <br \/>\negyetemi tan\u00e1rral egy\u00fctt kapta az elismer\u00e9st &#8211; a felv\u00e9tel a kit\u00fcntet\u00e9s<br \/>\n\u00e1tv\u00e9telekor k\u00e9sz\u00fclt a Parlamentben, Lezs\u00e1k S\u00e1ndor aleln\u00f6k \u00e9s <br \/>\nHorv\u00e1th J\u00e1nos orsz\u00e1ggy\u0171l\u00e9si koreln\u00f6k t\u00e1rsas\u00e1g\u00e1ban <br \/>\n(Fot\u00f3: MTI arch\u00edvum)\u00a0<br \/>\n<br type=\"_moz\"><br \/>\n<\/em><\/div>\n<div>2013. augusztus 1-j\u00e9t\u0151l Cs\u00edksomly\u00f3n teljes\u00edti papi szolg\u00e1lat\u00e1t. (Ahol \u00e9lete utols\u00f3 szakasz\u00e1ig &#8211; lesz\u00e1m\u00edtva az ut\u00f3bbi k\u00e9t hetet, amikor betegeskedett &#8211; v\u00e9gezte \u00e1ld\u00e1sos muk\u00e1j\u00e1t. <em>A Szerk.<\/em>)<br \/>\n<em><br \/>\nSzolgabar\u00e1t &#8211; tal\u00e1lkoz\u00e1sok Ferencz Ervin erd\u00e9ly ferences szerzetessel<\/em> (Dunat\u00e1j Alap\u00edtv\u00e1ny, 2009, 55&#8242;)<br \/>\n\u00a0<\/div>\n<div style=\"text-align: center;\"><embed type=\"application\/x-shockwave-flash\" pluginspage=\"http:\/\/www.macromedia.com\/go\/getflashplayer\" src=\"http:\/\/www.youtube.com\/v\/dg8LOoX1D9Y%26hl=en%26fs=1%26rel=0%26ap=%2526fmt=18\" width=\"425\" height=\"344\"><\/embed><\/div>\n<div>\u00a0<br \/>\nHa nem indul a vide\u00f3 vagy nem tal\u00e1lja ezen a helyen, megtekintheti a Gyulafeh\u00e9rv\u00e1ri R\u00f3mai Katolikus \u00c9rseks\u00e9g\u00a0\u00a0<a href=\"http:\/\/www.romkat.ro\/hu\/content\/gyorshir-elhunyt-p-ferencz-bela-ervin-ofm\"><strong><span style=\"color: rgb(255, 0, 0);\">honlapj\u00e1n<\/span><\/strong><\/a>.<br \/>\n\u00a0<\/div>\n<div><strong>Befejez\u00e9sk\u00e9nt hadd k\u00f6vetkezz\u00e9k egy szem\u00e9lyes \u00e9lm\u00e9ny<\/strong><\/div>\n<div>\u00a0<\/div>\n<div>Mikor Gyergy\u00f3sz\u00e1rhegyen j\u00e1rtunk t\u00e1rsaimmal, \u00e9vr\u0151l-\u00e9vre a K\u00e1joni J\u00e1nos Gyermekotthon \u00e9tkez\u0151j\u00e9ben faggattuk Ervin\u00a0aty\u00e1t \u00e9let\u00e9r\u0151l, a t\u00f6rt\u00e9nelemr\u0151l, hiszen sz\u00e1munkra \u0150 maga az \u00e9l\u0151 t\u00f6rt\u00e9nelem. A D\u00e9vai Szent Ferenc Alap\u00edtv\u00e1ny\u00a0int\u00e9zm\u00e9nyek\u00e9nt \u00fczemel\u0151 \u00e1rvah\u00e1zban k\u00e9s\u0151 est\u00e9kbe ny\u00fal\u00f3 besz\u00e9lget\u00e9sek voltak ezek. Eredetileg adom\u00e1nyokat vitt\u00fcnk,\u00a0m\u00e9gis mindig \u00fagy j\u00f6tt\u00fcnk el, hogy mi kaptunk. Cserg\u0151 Hajnival \u00e9s J\u00f3sk\u00e1val a Gyermekotthon vezet\u0151ivel val\u00f3\u00a0besz\u00e9lget\u00e9seket, az ott \u00e9l\u0151 gyermekek szeretet\u00e9t \u00e9s Ervin aty\u00e1t kaptuk aj\u00e1nd\u00e9kba.\u00a0Ervin aty\u00e1t, aki mindig mes\u00e9lt nek\u00fcnk. Nem csak az \u00e9let\u00e9r\u0151l, de Bartis Ferenc sz\u00e1rhegyi \u00edr\u00f3r\u00f3l, k\u00f6lt\u0151r\u0151l, akinek \u00c9s\u00a0m\u00e9gis \u00e9l\u00fcnk c\u00edm\u0171 vers\u00e9t k\u00edv\u00fclr\u0151l szavalta, m\u00e9g ma is f\u00fclemben csengnek a szavak\u2026\u00a0Mes\u00e9lt a L\u00e1z\u00e1r-kast\u00e9ly t\u00f6rt\u00e9net\u00e9r\u0151l, s arr\u00f3l, hogy itt n\u0151tt fel Bethlen G\u00e1bor erd\u00e9lyi fejedelem, valamint sz\u00f3 esett\u00a0K\u00e1joni J\u00e1nos ferences pap, \u00edr\u00f3, h\u00edres zeneszerz\u0151, orgona\u00e9p\u00edt\u0151, nyomdaalap\u00edt\u00f3, a sz\u00e1rhegyi kolostor egyik \u00e9p\u00edt\u0151j\u00e9r\u0151l\u00a0is, \u00e9s m\u00e9g hosszan sorolhatn\u00e1m.<\/div>\n<div>\u00a0<\/div>\n<div>P. Ferencz Ervin \u00e9lete szenved\u00e9sben \u00e9s lelkiekben gazdag \u00e9let\u00fat, m\u00e9gis hit\u00e9t, rem\u00e9ny\u00e9t \u00e9s humor\u00e1t soha nem\u00a0vesztette el. Egyik kedvenc t\u00f6rt\u00e9netem t\u0151le, mikor ezt mes\u00e9lte: Egy sz\u00fclet\u00e9snapi kis \u00f6sszej\u00f6vetelen voltam, ahol az\u00a0egyik papt\u00e1rsunkat k\u00f6sz\u00f6nt\u00f6tt\u00fck. Az egyik atya k\u00f6sz\u00f6ntve a m\u00e1sikat, mondta a 90 \u00e9ves aty\u00e1nak, hogy &#8222;Isten \u00e9ltessen\u00a0sok\u00e1ig \u00e9s adjon neked m\u00e9g j\u00f3 10 \u00e9vet&#8221; &#8211; mire \u00e9n felki\u00e1ltottam &#8211; mondta Ervin atya: &#8222;Na, na! A Gondvisel\u00e9st nem\u00a0lehet csak \u00fagy korl\u00e1tozni!&#8221;<\/div>\n<div>\u00a0<\/div>\n<div>Ez a mondat, az\u00f3ta is sz\u00edvemben \u00e9l.<\/div>\n<div>\nTan\u00fas\u00e1gtev\u0151 \u00e9let\u00e9\u00e9rt, Krisztus\u00e9rt \u00e9s az \u0150 egyh\u00e1z\u00e1\u00e9rt, Erd\u00e9ly\u00e9rt \u00e9s az erd\u00e9lyi n\u00e9p\u00e9rt v\u00e1llalt \u00e1ldozatos munk\u00e1j\u00e1\u00e9rt,\u00a0P. Ferencz B. Ervin ferences szerzetest a Mindszenty T\u00e1rsas\u00e1g, Mindszenty Eml\u00e9k\u00e9remben r\u00e9szes\u00edtette.<br \/>\n\u00a0<\/div>\n<div style=\"text-align: center;\"><img loading=\"lazy\" decoding=\"async\" src=\"http:\/\/archivum.eloszekelyfold.ro\/wp-content\/uploads\/2021\/12\/mindszenty_emlekerem_ket_oldala.jpg\" width=\"200\" height=\"99\" alt=\"\"><\/div>\n<div><strong><br \/>\nB\u00f6jte Csaba testv\u00e9r \u00edrja\u00a0<\/strong><\/p>\n<p>Utols\u00f3 tal\u00e1lkoz\u00e1sunkkor mondta Ervin atya, hogy eg\u00e9sz ny\u00e1ron edzett, napi egy \u00f3r\u00e1t s\u00e9t\u00e1lt kint a szabadban, hogy legyen ereje elmenni egy budapesti konferenci\u00e1ra, hogy ott kiv\u00e9gzett t\u00e1rsai szabads\u00e1gszeret\u00e9r\u0151l, embers\u00e9g\u00e9r\u0151l tan\u00fas\u00e1got tegyen. Sajnos, az indul\u00e1sa el\u0151tti napokban egy szerencs\u00e9tlen l\u00e9p\u00e9s sz\u00e1m\u00edt\u00e1sait keresztbe h\u00fazta, elesett \u00e9s meg\u00fct\u00f6tte a gerinc\u00e9t, s \u00edgy \u00e1gynak esett. Sz\u00e1momra v\u00e9gtelen\u00fcl meghat\u00f3 volt, ahogy err\u0151l az utols\u00f3 terv\u00e9r\u0151l besz\u00e9lt, s f\u0151leg az, ahogyan tudom\u00e1sul vette Isten szent akarat\u00e1t. &#8211; Tudod &#8211; mondta a maga saj\u00e1tos der\u0171j\u00e9vel -, engem m\u00e1r a fizikai vil\u00e1g nem foglalkoztat, l\u00e1ttam \u00e9n m\u00e1r h\u00e1bor\u00fat, b\u00e9k\u00e9t, kommunizmust, demokr\u00e1ci\u00e1t, mindent l\u00e1ttam, engem m\u00e1r nem a fizika, hanem a metafizika \u00e9rdekel.<\/p>\n<p>\u00a0<\/p><\/div>\n<div style=\"text-align: center;\"><img loading=\"lazy\" decoding=\"async\" src=\"http:\/\/archivum.eloszekelyfold.ro\/wp-content\/uploads\/2021\/12\/szarhegy.jpg\" width=\"350\" height=\"263\" alt=\"\"><\/div>\n<div style=\"text-align: center;\"><em>Gyrgy\u00f3sz\u00e1rhegy &#8211; ferences templom \u00e9s kolostor<br \/>\n(Fot\u00f3: www.hereditatum.ro)<\/em><\/div>\n<div>\n<em>\u00d6ssze\u00e1ll\u00edt\u00e1sunk Frigyesy \u00c1gnes \u00e9s B\u00e1gya Rita \u00edr\u00e1sai \u00e9s fotogr\u00e1fi\u00e1i felhaszn\u00e1l\u00e1s\u00e1val, azok aktualiz\u00e1l\u00e1s\u00e1val k\u00e9sz\u00fclt.<\/em><\/p>\n<p><em>\u00c9l\u0151 Sz\u00e9kelyf\u00f6ld Munkacsoport<\/em><\/div>\n<div>\u00a0<\/div>\n<\/p><\/div>\n","protected":false},"excerpt":{"rendered":"<p>Hogyha v\u00e9gign\u00e9zz\u00fck az 1943-ban t\u00f6rt\u00e9nt felszentel\u00e9se \u00e9s 2016 okt\u00f3bere k\u00f6z\u00f6tti id\u0151szakot, akkor azt l\u00e1tjuk, hogy P. Ferencz Ervin atya mindv\u00e9gig szolg\u00e1latot teljes\u00edtett. Elviselt k\u00e9t igazs\u00e1gtalan b\u00f6rt\u00f6nb\u00fcntet\u00e9st, t\u00fal\u00e9lte a hal\u00e1los \u00edt\u00e9letet. K\u00e9pes volt hetvenh\u00e1rom esztendeig szolg\u00e1lni. \u00c9s nem is ak\u00e1rhogyan, hiszen alkotott, p\u00e9ld\u00e1t mutatott ezekben az \u00e9vtizedekben. K\u00e9ts\u00e9gtelen, hogy egyike volt nagyjainknak, akikre fel kell n\u00e9zn\u00fcnk, [&hellip;]<\/p>\n","protected":false},"author":1,"featured_media":28354,"comment_status":"open","ping_status":"open","sticky":false,"template":"","format":"standard","meta":{"footnotes":""},"categories":[],"tags":[],"class_list":["post-28353","post","type-post","status-publish","format-standard","has-post-thumbnail","hentry"],"_links":{"self":[{"href":"https:\/\/archivum.eloszekelyfold.ro\/index.php\/wp-json\/wp\/v2\/posts\/28353","targetHints":{"allow":["GET"]}}],"collection":[{"href":"https:\/\/archivum.eloszekelyfold.ro\/index.php\/wp-json\/wp\/v2\/posts"}],"about":[{"href":"https:\/\/archivum.eloszekelyfold.ro\/index.php\/wp-json\/wp\/v2\/types\/post"}],"author":[{"embeddable":true,"href":"https:\/\/archivum.eloszekelyfold.ro\/index.php\/wp-json\/wp\/v2\/users\/1"}],"replies":[{"embeddable":true,"href":"https:\/\/archivum.eloszekelyfold.ro\/index.php\/wp-json\/wp\/v2\/comments?post=28353"}],"version-history":[{"count":0,"href":"https:\/\/archivum.eloszekelyfold.ro\/index.php\/wp-json\/wp\/v2\/posts\/28353\/revisions"}],"wp:featuredmedia":[{"embeddable":true,"href":"https:\/\/archivum.eloszekelyfold.ro\/index.php\/wp-json\/wp\/v2\/media\/28354"}],"wp:attachment":[{"href":"https:\/\/archivum.eloszekelyfold.ro\/index.php\/wp-json\/wp\/v2\/media?parent=28353"}],"wp:term":[{"taxonomy":"category","embeddable":true,"href":"https:\/\/archivum.eloszekelyfold.ro\/index.php\/wp-json\/wp\/v2\/categories?post=28353"},{"taxonomy":"post_tag","embeddable":true,"href":"https:\/\/archivum.eloszekelyfold.ro\/index.php\/wp-json\/wp\/v2\/tags?post=28353"}],"curies":[{"name":"wp","href":"https:\/\/api.w.org\/{rel}","templated":true}]}}